{"id":3477,"date":"2016-07-20T17:11:17","date_gmt":"2016-07-20T20:11:17","guid":{"rendered":"http:\/\/ne2.caritas.org.br.s174889.gridserver.com\/?p=3477"},"modified":"2017-07-11T15:17:46","modified_gmt":"2017-07-11T18:17:46","slug":"diocese-de-garanhuns-elege-novo-conselho-diretor-fiscal-para-caritas","status":"publish","type":"post","link":"https:\/\/www.caritasne2.org.br\/site\/diocese-de-garanhuns-elege-novo-conselho-diretor-fiscal-para-caritas\/","title":{"rendered":"Diocese de Garanhuns elege novo conselho diretor e fiscal para a C\u00e1ritas"},"content":{"rendered":"<p style=\"text-align: justify;\">Com o objetivo de ouvir representantes da coordena\u00e7\u00e3o diocesana de pastorais e movimentos sobre o processo de reanima\u00e7\u00e3o da C\u00e1ritas Diocesana de Garanhuns (CDG), foi realizada, na noite da \u00faltima ter\u00e7a-feira (19), no Semin\u00e1rio S\u00e3o Jos\u00e9, uma Assembleia Eletiva. O encontro foi coordenado pelo bispo diocesano, Dom Paulo Jackson, e tamb\u00e9m contou com a participa\u00e7\u00e3o de agentes C\u00e1ritas do Regional Nordeste 2.<\/p>\n<p style=\"text-align: justify;\">Durante a acolhida dos participantes, Dom Paulo falou sobre a import\u00e2ncia da presen\u00e7a de cada um e cada uma e ressaltou a relev\u00e2ncia de refletir sobre a caminhada social da Diocese. Em seguida, o secret\u00e1rio do Regional Nordeste 2, Angelo Zanr\u00e9, iniciou uma apresenta\u00e7\u00e3o sobre a forma como a C\u00e1ritas est\u00e1 organizada, assim como um breve hist\u00f3rico do Secretariado, com abordagem nas linhas de atua\u00e7\u00e3o e no trabalho realizado em munic\u00edpios que fazem parte do territ\u00f3rio diocesano.<\/p>\n<p style=\"text-align: justify;\">\u201cNo \u00e2mbito da conviv\u00eancia com o Semi\u00e1rido, aqui na Diocese de Garanhuns, o Regional Nordeste 2 trabalha com o Programa \u00c1gua Para Todos, que tem por objetivo a constru\u00e7\u00e3o de tecnologias sociais de capta\u00e7\u00e3o e armazenamento de \u00e1gua da chuva para o consumo humano. Al\u00e9m disso, possui foco tamb\u00e9m na constru\u00e7\u00e3o de cisternas destinadas \u00e0 produ\u00e7\u00e3o de alimentos e cria\u00e7\u00e3o animal por meio do Programa Uma Terra e Duas \u00c1guas. A juventude e a economia solid\u00e1ria tamb\u00e9m possuem destaque em um projeto financiado pela Manos Unidas, realizado no munic\u00edpio de Bom Conselho\u201d, explicou Zanr\u00e9.<\/p>\n<p style=\"text-align: justify;\">Diante do que foi exposto, Dom Paulo consultou as lideran\u00e7as presentes na Assembleia sobre a viabilidade da reestrutura\u00e7\u00e3o da C\u00e1ritas Diocesana de Garanhuns, que durante um per\u00edodo realizou trabalhos de interven\u00e7\u00e3o social com catadores\/as de materiais recicl\u00e1veis, idosos e outros p\u00fablicos, mas que, atualmente, encontrava-se em processo de reorganiza\u00e7\u00e3o.<\/p>\n<p style=\"text-align: justify;\">Entre os argumentos de defesa pela reanima\u00e7\u00e3o da CDG, estiveram o de Joaquim Lima, que considera importante o trabalho realizado pela C\u00e1ritas, entretanto externou a preocupa\u00e7\u00e3o sobre a disponibilidade de tempo das pessoas que ser\u00e3o envolvidas na a\u00e7\u00e3o. \u201c\u00c9 necess\u00e1rio que os agentes sintam-se conquistados pelo trabalho para que haja uma identifica\u00e7\u00e3o com a miss\u00e3o\u201d, destacou. Por sua vez, Aparecida Souza ressaltou o atual contexto pol\u00edtico e social para que o trabalho da C\u00e1ritas seja resgatado na Diocese.<\/p>\n<p style=\"text-align: justify;\">Mediante a compreens\u00e3o de todos, que escolheram pela reestrutura\u00e7\u00e3o da C\u00e1ritas Diocesana de Garanhuns, Dom Paulo apresentou uma proposta de estatuto, disponibilizado pela C\u00e1ritas Brasileira, a fim de ser adaptado \u00e0 realidade local. Uma das mudan\u00e7as feitas no documento, diz respeito \u00e0 inclus\u00e3o de comunidades quilombolas e ind\u00edgenas quando se refere \u00e0 \u00e1rea de atua\u00e7\u00e3o. Foram discutidos, ainda, assuntos como identidade, finalidades, membros associados, \u00f3rg\u00e3os constitutivos e de administra\u00e7\u00e3o, assim como patrim\u00f4nio e dissolu\u00e7\u00e3o. Ap\u00f3s a discuss\u00e3o realizada, a reforma estatut\u00e1ria foi aprovada e, em seguida, foram eleitos por aclama\u00e7\u00e3o os novos conselhos diretor e fiscal, com representa\u00e7\u00f5es titulares e suplentes.<\/p>\n<p style=\"text-align: justify;\">Entre os titulares, a nova organiza\u00e7\u00e3o conta com padre Valdevan Santos, como diretor-presidente; Avila Pontes, como secret\u00e1ria; e Antelmo Tavares, como tesoureiro. Para a supl\u00eancia, foram aclamados Ant\u00f4nio Pinto, para diretor vice<a href=\"http:\/\/ne2.caritas.org.br.s174889.gridserver.com\/wp-content\/uploads\/2016\/07\/Assembleia-eletiva-Garanhuns-3.jpg\"><img decoding=\"async\" loading=\"lazy\" class=\"alignright size-medium wp-image-3479\" title=\"Assembleia eletiva Garanhuns 3\" src=\"http:\/\/ne2.caritas.org.br.s174889.gridserver.com\/wp-content\/uploads\/2016\/07\/Assembleia-eletiva-Garanhuns-3-300x229.jpg\" alt=\"\" width=\"300\" height=\"229\" \/><\/a>-presidente; Rita Silva, para subsecret\u00e1ria; e Francisco Machado, para vice-tesoureiro. No Conselho Fiscal, por sua vez, s\u00e3o tutelares Aparecida Nascimento, Joaquim Lima e Jarbas Silva. J\u00e1 na supl\u00eancia Francielly Silva, Lianna Souza e Maria do Carmo Nunes.<\/p>\n<p style=\"text-align: justify;\">Padre Valdevan definiu a nova miss\u00e3o que recebeu como um servi\u00e7o para o bem comum, de integra\u00e7\u00e3o social e libertador para homens e mulheres. \u201cMuito me alegra contribuir para a Igreja e para o Reino ,nesta por\u00e7\u00e3o do povo de Deus, ajudando os irm\u00e3os menos favorecidos, os pobres e os exclu\u00eddos que est\u00e3o \u00e0 margem da sociedade\u201d, pontuou.<\/p>\n<p style=\"text-align: justify;\">Zanr\u00e9 avaliou o processo de escolha como tranquilo, harmonioso e coletivo. \u201cFoi eleita uma nova diretoria que, de agora em diante, vai trilhar os caminhos que a C\u00e1ritas quer no sentido de prepara\u00e7\u00e3o ao Congresso Nacional deste ano e de outras atividades\u201d, afirmou.<\/p>\n<p style=\"text-align: justify;\">De acordo com Dom Paulo, a realiza\u00e7\u00e3o da Assembleia, que ocorreu no dia da Caridade, deu in\u00edcio a uma nova caminhada. \u201cA Diocese de Garanhuns precisa encontrar novos caminhos e ter um testemunho social, como o papa Francisco pede no contexto do Ano da Miseric\u00f3rdia\u201d, afirmou. Na oportunidade, ele tamb\u00e9m agradeceu ao Monsenhor Nelson Brito, pelo servi\u00e7o prestado durante o tempo em que esteve na gest\u00e3o anterior da C\u00e1ritas Diocesana.<\/p>\n<p style=\"text-align: justify;\">Por Lidiane Santos | Assessoria de Comunica\u00e7\u00e3o da C\u00e1ritas Brasileira Regional NE2 \/ escrit\u00f3rio Garanhuns\/PE.<\/p>\n<p style=\"text-align: justify;\">\n<p>&nbsp;<\/p>\n<p>&nbsp;<\/p>\n<ul class=\"ssb_list_wrapper\"><li class=\"fb2\" style=\"width:135px\"><iframe src=\"\/\/www.facebook.com\/plugins\/like.php?href=https%3A%2F%2Fwww.caritasne2.org.br%2Fsite%2Fdiocese-de-garanhuns-elege-novo-conselho-diretor-fiscal-para-caritas%2F&amp;layout=button_count&amp;action=like&amp;show_faces=false&amp;share=true&amp;width=135&amp;height=21&amp;appId=307091639398582\" scrolling=\"no\" frameborder=\"0\" style=\"border:none; overflow:hidden;  width:150px; height:21px;\" allowTransparency=\"true\"><\/iframe><\/li><li class=\"twtr\" style=\"width:90px\"><a href=\"https:\/\/twitter.com\/share\" class=\"twitter-share-button\" data-url=\"https:\/\/www.caritasne2.org.br\/site\/diocese-de-garanhuns-elege-novo-conselho-diretor-fiscal-para-caritas\/\">&nbsp;<\/a><script>!function(d,s,id){var js,fjs=d.getElementsByTagName(s)[0],p=\/^http:\/.test(d.location)?'http':'https';if(!d.getElementById(id)){js=d.createElement(s);js.id=id;js.src=p+':\/\/platform.twitter.com\/widgets.js';fjs.parentNode.insertBefore(js,fjs);}}(document, 'script', 'twitter-wjs');<\/script><\/li><li class=\"gplus\" style=\"width:68px\"><div class=\"g-plusone\" data-size=\"medium\" data-href=\"https:\/\/www.caritasne2.org.br\/site\/diocese-de-garanhuns-elege-novo-conselho-diretor-fiscal-para-caritas\/\"><\/div><\/li><li class=\"ssb_linkedin\" style=\"width:64px\"><script src=\"\/\/platform.linkedin.com\/in.js\" type=\"text\/javascript\">lang: en_US<\/script><script type=\"IN\/Share\" data-url=\"https:\/\/www.caritasne2.org.br\/site\/diocese-de-garanhuns-elege-novo-conselho-diretor-fiscal-para-caritas\/\" data-counter=\"right\"><\/script><\/li><\/ul>","protected":false},"excerpt":{"rendered":"<p>Com o objetivo de ouvir representantes da coordena\u00e7\u00e3o diocesana de pastorais e movimentos sobre o processo de reanima\u00e7\u00e3o da C\u00e1ritas Diocesana de Garanhuns (CDG), foi realizada, na noite da \u00faltima ter\u00e7a-feira (19), no Semin\u00e1rio S\u00e3o Jos\u00e9, uma Assembleia Eletiva. O encontro foi coordenado pelo bispo diocesano, Dom Paulo Jackson, e tamb\u00e9m contou com a participa\u00e7\u00e3o de agentes C\u00e1ritas do Regional Nordeste 2. Durante a acolhida [&hellip;]<\/p>\n<ul class=\"ssb_list_wrapper\"><li class=\"fb2\" style=\"width:135px\"><iframe src=\"\/\/www.facebook.com\/plugins\/like.php?href=https%3A%2F%2Fwww.caritasne2.org.br%2Fsite%2Fdiocese-de-garanhuns-elege-novo-conselho-diretor-fiscal-para-caritas%2F&amp;layout=button_count&amp;action=like&amp;show_faces=false&amp;share=true&amp;width=135&amp;height=21&amp;appId=307091639398582\" scrolling=\"no\" frameborder=\"0\" style=\"border:none; overflow:hidden;  width:150px; height:21px;\" allowTransparency=\"true\"><\/iframe><\/li><li class=\"twtr\" style=\"width:90px\"><a href=\"https:\/\/twitter.com\/share\" class=\"twitter-share-button\" data-url=\"https:\/\/www.caritasne2.org.br\/site\/diocese-de-garanhuns-elege-novo-conselho-diretor-fiscal-para-caritas\/\">&nbsp;<\/a><script>!function(d,s,id){var js,fjs=d.getElementsByTagName(s)[0],p=\/^http:\/.test(d.location)?'http':'https';if(!d.getElementById(id)){js=d.createElement(s);js.id=id;js.src=p+':\/\/platform.twitter.com\/widgets.js';fjs.parentNode.insertBefore(js,fjs);}}(document, 'script', 'twitter-wjs');<\/script><\/li><li class=\"gplus\" style=\"width:68px\"><div class=\"g-plusone\" data-size=\"medium\" data-href=\"https:\/\/www.caritasne2.org.br\/site\/diocese-de-garanhuns-elege-novo-conselho-diretor-fiscal-para-caritas\/\"><\/div><\/li><li class=\"ssb_linkedin\" style=\"width:64px\"><script src=\"\/\/platform.linkedin.com\/in.js\" type=\"text\/javascript\">lang: en_US<\/script><script type=\"IN\/Share\" data-url=\"https:\/\/www.caritasne2.org.br\/site\/diocese-de-garanhuns-elege-novo-conselho-diretor-fiscal-para-caritas\/\" data-counter=\"right\"><\/script><\/li><\/ul>","protected":false},"author":4,"featured_media":3478,"comment_status":"open","ping_status":"open","sticky":false,"template":"","format":"standard","meta":[],"categories":[20,462],"tags":[778,779,67],"_links":{"self":[{"href":"https:\/\/www.caritasne2.org.br\/site\/wp-json\/wp\/v2\/posts\/3477"}],"collection":[{"href":"https:\/\/www.caritasne2.org.br\/site\/wp-json\/wp\/v2\/posts"}],"about":[{"href":"https:\/\/www.caritasne2.org.br\/site\/wp-json\/wp\/v2\/types\/post"}],"author":[{"embeddable":true,"href":"https:\/\/www.caritasne2.org.br\/site\/wp-json\/wp\/v2\/users\/4"}],"replies":[{"embeddable":true,"href":"https:\/\/www.caritasne2.org.br\/site\/wp-json\/wp\/v2\/comments?post=3477"}],"version-history":[{"count":0,"href":"https:\/\/www.caritasne2.org.br\/site\/wp-json\/wp\/v2\/posts\/3477\/revisions"}],"wp:featuredmedia":[{"embeddable":true,"href":"https:\/\/www.caritasne2.org.br\/site\/wp-json\/"}],"wp:attachment":[{"href":"https:\/\/www.caritasne2.org.br\/site\/wp-json\/wp\/v2\/media?parent=3477"}],"wp:term":[{"taxonomy":"category","embeddable":true,"href":"https:\/\/www.caritasne2.org.br\/site\/wp-json\/wp\/v2\/categories?post=3477"},{"taxonomy":"post_tag","embeddable":true,"href":"https:\/\/www.caritasne2.org.br\/site\/wp-json\/wp\/v2\/tags?post=3477"}],"curies":[{"name":"wp","href":"https:\/\/api.w.org\/{rel}","templated":true}]}}