{"id":3450,"date":"2016-07-13T16:02:23","date_gmt":"2016-07-13T19:02:23","guid":{"rendered":"http:\/\/ne2.caritas.org.br.s174889.gridserver.com\/?p=3450"},"modified":"2017-07-11T15:17:47","modified_gmt":"2017-07-11T18:17:47","slug":"caravana-da-solidariedade-percorre-quatro-estados-regional-nordeste-2","status":"publish","type":"post","link":"https:\/\/www.caritasne2.org.br\/site\/caravana-da-solidariedade-percorre-quatro-estados-regional-nordeste-2\/","title":{"rendered":"Caravana da Solidariedade percorre quatro estados do Regional Nordeste 2"},"content":{"rendered":"<p style=\"text-align: justify;\">A \u201cCaravana da Solidariedade\u201d, que j\u00e1 percorreu os estados de Alagoas, Pernambuco e Rio Grande do Norte, chega a Para\u00edba nos dias 26 e 27 de julho. E, segue conversando com as popula\u00e7\u00f5es das comunidades, ouvindo hist\u00f3rias e relatos, registrando imagens e conhecendo um pouco da realidade desses quatro estados que comp\u00f5em a C\u00e1ritas Regional NE2, e juntos celebram a caminhada da C\u00e1ritas Brasileira Rumo aos 60 anos.<\/p>\n<p style=\"text-align: justify;\">O objetivo das Caravanas tem\u00e1ticas \u00e9 promover a escuta ativa dos grupos e comunidades, dos agentes e parceiros acompanhados pela Rede C\u00e1ritas. \u201c\u00c9 preciso ir ao encontro das pessoas e ouvir os relatos de viola\u00e7\u00e3o dos direitos, bem como refletir sobre as diversas realidades, fazer den\u00fancias e construir proposi\u00e7\u00f5es concretas para essas quest\u00f5es\u201d, explicou o secret\u00e1rio da C\u00e1ritas NE2, Angelo Zanr\u00e9.<\/p>\n<p style=\"text-align: justify;\"><strong>Rio Grande do Norte<\/strong><\/p>\n<p style=\"text-align: justify;\">Localizada no Serid\u00f3 potiguar, a cidade de Caic\u00f3 recebeu na \u00faltima sexta-feira (8) e s\u00e1bado (9), a \u201cCaravana da Solidariedade\u201d. Uma celebra\u00e7\u00e3o eucar\u00edstica abriu a Caravana e celebrou as a\u00e7\u00f5es desenvolvidas pela C\u00e1ritas na regi\u00e3o. A C\u00e1ritas Diocesana de Caic\u00f3 acolheu todos os participantes que vieram das C\u00e1ritas Arqui(diocesanas) de Natal e Mossor\u00f3, dos escrit\u00f3rios regionais em Recife e Garanhuns (PE), al\u00e9m de representantes de movimentos e pastorais sociais e parceiros.<a href=\"http:\/\/ne2.caritas.org.br.s174889.gridserver.com\/wp-content\/uploads\/2016\/07\/IMG_0105.jpg\"><img decoding=\"async\" loading=\"lazy\" class=\"alignright size-medium wp-image-3451\" title=\"IMG_0105\" src=\"http:\/\/ne2.caritas.org.br.s174889.gridserver.com\/wp-content\/uploads\/2016\/07\/IMG_0105-300x225.jpg\" alt=\"\" width=\"300\" height=\"225\" \/><\/a><\/p>\n<p style=\"text-align: justify;\">\u00c0 tarde, os integrantes da Caravana visitaram um grupo de crian\u00e7as e adolescentes do projeto \u201cEducar para Promover a Vida\u201d, que \u00e9 desenvolvido na comunidade Jo\u00e3o Paulo II. Outro local de visita\u00e7\u00e3o foi \u00e0 Associa\u00e7\u00e3o de Catadores de Materiais Recicl\u00e1veis (ASCAMARCA). O encerramento do dia foi marcado por uma apresenta\u00e7\u00e3o cultural da Rede de Juventudes do Serid\u00f3, que apresentou o mon\u00f3logo \u201cChega\u201d, que retrata a realidade do exterm\u00ednio de jovens em todo pa\u00eds e, principalmente em cidades da regi\u00e3o Nordeste, com recorte especial para o estado de Alagoas.<\/p>\n<p style=\"text-align: justify;\">Segundo a coordenadora do Programa Inf\u00e2ncia, Adolesc\u00eancia e Juventude (PIAJ) da C\u00e1ritas NE2, Bibiana Santana, Rio Grande do Norte \u00e9 um dos estados onde os jovens, sobretudo os negros, est\u00e3o mais expostos ao risco de assassinato. \u201cA Rede de Juventudes do Serid\u00f3 agrega jovens de 12 munic\u00edpios do Rio Grande do Norte, que lutam por a\u00e7\u00f5es e politicas p\u00fablicas que garantam os direitos da juventude\u201d, explicou.<\/p>\n<p style=\"text-align: justify;\">No s\u00e1bado, a Caravana percorreu mais 60 km at\u00e9 a cidade de Parelhas. L\u00e1, o grupo pode ouvir hist\u00f3rias de desafios e conquistas contadas por representantes do F\u00f3rum de Mulheres e da Rede de Juventudes de Parelhas. Na tarde do mesmo dia, a Caravana seguiu mais 115 km at\u00e9 o Assentamento Jos\u00e9 Milan\u00eas, na zona rural do munic\u00edpio de Lagoa Nova. Os participantes conheceram a experi\u00eancia do F\u00f3rum de Mulheres Rurais de Lagoa Nova.<\/p>\n<p style=\"text-align: justify;\">Durante dois dias, os agentes C\u00e1ritas tiveram a oportunidade de ouvir os problemas mais urgentes e construir propostas junto \u00e0s comunidades potiguares. Entre os principais temas abordados durante as visitas est\u00e3o: os desafios \u2013 a viol\u00eancia, a explora\u00e7\u00e3o e o tr\u00e1fico de mulheres -, relatos de protagonismo e empoderamento dessas mulheres, no contexto urbano e rural; hist\u00f3rias de lutas e conquistas das juventudes.<\/p>\n<p style=\"text-align: justify;\"><strong>Pernambuco<\/strong><\/p>\n<p style=\"text-align: justify;\">Nos dia 29 e 30 de junho, a C\u00e1ritas Diocesana de Pesqueira recebeu a \u201cCaravana da Solidariedade\u201d. Marcaram presen\u00e7a alguns representantes das C\u00e1ritas Diocesanas de Floresta e Garanhuns, e da Arquidiocese de Olinda e Recife.<\/p>\n<p style=\"text-align: justify;\">Durante os dois dias, os participantes tiveram a oportunidade de conhecer alguns trabalhos realizados e acompanhados pela C\u00e1ritas Diocesana de Pesqueira, na regi\u00e3o da Diocese. Na programa\u00e7\u00e3o houve uma Roda de Conversa \u201cC\u00e1ritas: Pastoralidade e Transforma\u00e7\u00e3o Social\u201d. \u201cO papel da C\u00e1ritas \u00e9 se posicionar diante \u00e0s a\u00e7\u00f5es, \u00e9 ser a presen\u00e7a pastoral da Igreja, devemos viver em comunh\u00e3o e ao mesmo tempo vivenciar tamb\u00e9m a miss\u00e3o do que \u00e9 ser agente C\u00e1ritas\u201d, disse Neilda Pereira, secret\u00e1ria executiva da C\u00e1ritas Diocesana de Pesqueira.<\/p>\n<p style=\"text-align: justify;\"><a href=\"http:\/\/ne2.caritas.org.br.s174889.gridserver.com\/wp-content\/uploads\/2016\/07\/13590313_1201940416504247_8147272594191180550_n.jpg\"><img decoding=\"async\" loading=\"lazy\" class=\"alignleft size-medium wp-image-3452\" title=\"13590313_1201940416504247_8147272594191180550_n\" src=\"http:\/\/ne2.caritas.org.br.s174889.gridserver.com\/wp-content\/uploads\/2016\/07\/13590313_1201940416504247_8147272594191180550_n-300x200.jpg\" alt=\"\" width=\"300\" height=\"200\" \/><\/a>A segunda parte do dia foi dedicada \u00e0s visitas \u00e0 C\u00e1ritas Paroquial Cruzeiro de Po\u00e7\u00e3o; ao Grupo de Mulheres de Salobro, na cidade de Pesqueira; e ao Projeto Crescendo com Cidadania na C\u00e1ritas Paroquial Santa Clara de Assis, no munic\u00edpio de Tupanatinga.<\/p>\n<p style=\"text-align: justify;\">J\u00e1 o segundo dia, o grupo iniciou com um momento com a m\u00edstica e espiritualidade e seguiu com destino \u00e0 C\u00e1ritas Paroquial C\u00f4nego Emanoel Vasconcelos, na cidade de Pedra, e a Experi\u00eancia Agroecol\u00f3gica da Agricultora, L\u00facia Galindo, no munic\u00edpio de Alagoinha. Finalizado todo o percurso, os grupos retornaram \u00e0 sede C\u00e1ritas Diocesana, onde compartilharam as suas experi\u00eancias, fizeram os encaminhamentos, e por fim, a avalia\u00e7\u00e3o do encontro.<\/p>\n<p style=\"text-align: justify;\"><strong>\u00a0Alagoas<\/strong><\/p>\n<p style=\"text-align: justify;\">Em Arapiraca (AL), a \u201cCaravana da Solidariedade\u201d visitou as comunidades Brisa do Lago, Jardim das Paineiras e Residencial Agreste, nos dias 11 e 12 de junho. O Estado concentra um elevado n\u00famero de homic\u00eddios que atingem jovens, e em sua maioria negros. Ou seja, a quest\u00e3o da viol\u00eancia e da desigualdade racial s\u00e3o temas recorrentes no cotidiano da popula\u00e7\u00e3o alagoana. Por isso, o foco da Caravana foi discutir o tema \u201cCrian\u00e7a, Adolesc\u00eancia e Juventude\u201d. O momento de escuta e reflex\u00e3o foi baseado em quatro eixos tem\u00e1ticos: m\u00edstica e espiritualidade; esporte, cultura e lazer; gera\u00e7\u00e3o de trabalho e renda; politicas p\u00fablicas para juventude. A Caravana reuniu agentes das C\u00e1ritas Arqui(diocesanas) de Macei\u00f3, Penedo e Palmeira dos \u00cdndios.<\/p>\n<p style=\"text-align: justify;\">A assistente social e articuladora de projetos na C\u00e1ritas NE2, Maria Aparecida Mafra, visitou fam\u00edlias no Residencial Agreste. Segundo ela, no local residem mais de 900 fam\u00edlias, mas n\u00e3o h\u00e1 uma infraestrutura b\u00e1sica e necess\u00e1ria para atender essa popula\u00e7\u00e3o. \u201cN\u00e3o h\u00e1 escola, creche e saneamento. A maioria n\u00e3o tem renda fixa e sobrevive fazendo \u201cbicos\u201d. Essa falta de infraestrutura leva \u00e0 vulnerabilidade e, principalmente coloca em risco a vida das crian\u00e7as, adolescentes e jovens\u201d, destacou.<a href=\"http:\/\/ne2.caritas.org.br.s174889.gridserver.com\/wp-content\/uploads\/2016\/07\/20160611_1749331.jpg\"><img decoding=\"async\" loading=\"lazy\" class=\"size-medium wp-image-3454 alignright\" title=\"20160611_174933\" src=\"http:\/\/ne2.caritas.org.br.s174889.gridserver.com\/wp-content\/uploads\/2016\/07\/20160611_1749331-300x180.jpg\" alt=\"\" width=\"300\" height=\"180\" \/><\/a><\/p>\n<p style=\"text-align: justify;\">Para Mafra, a Caravana foi um momento importante para ouvir, mas tamb\u00e9m para levar a presen\u00e7a da Igreja \u00e0s comunidades mais necessitadas. \u201c\u00c9 um exerc\u00edcio de pastoralidade\u201d, refletiu.<\/p>\n<p style=\"text-align: justify;\"><strong>Sobre o congresso:<\/strong><\/p>\n<p style=\"text-align: justify;\">A Caravana, que est\u00e1 percorrendo os quatro estados do Regional Nordeste II: Alagoas, Pernambuco, Para\u00edba e Rio Grande do Norte, faz parte da programa\u00e7\u00e3o de atividades que culminar\u00e3o no V Congresso Nacional da C\u00e1ritas Brasileira. No evento, ser\u00e1 celebrado em Aparecida (S\u00e3o Paulo) o Jubileu pelos 60 anos de caminhada da C\u00e1ritas. O V Congresso tem como tema \u201cC\u00e1ritas: Pastoralidade e Transforma\u00e7\u00e3o Social\u201d e o lema \u201c60 Anos de Solidariedade Libertadora\u201d.<\/p>\n<p style=\"text-align: justify;\"><em>Por Kilma Ferreira e Rosanny Barreto | Assessoria de Comunica\u00e7\u00e3o da C\u00e1ritas Brasileira Regional NE2 e C\u00e1ritas Diocesana de Pesqueira (PE)<\/em><\/p>\n<p style=\"text-align: justify;\"><em>\u00a0<\/em><\/p>\n<ul class=\"ssb_list_wrapper\"><li class=\"fb2\" style=\"width:135px\"><iframe src=\"\/\/www.facebook.com\/plugins\/like.php?href=https%3A%2F%2Fwww.caritasne2.org.br%2Fsite%2Fcaravana-da-solidariedade-percorre-quatro-estados-regional-nordeste-2%2F&amp;layout=button_count&amp;action=like&amp;show_faces=false&amp;share=true&amp;width=135&amp;height=21&amp;appId=307091639398582\" scrolling=\"no\" frameborder=\"0\" style=\"border:none; overflow:hidden;  width:150px; height:21px;\" allowTransparency=\"true\"><\/iframe><\/li><li class=\"twtr\" style=\"width:90px\"><a href=\"https:\/\/twitter.com\/share\" class=\"twitter-share-button\" data-url=\"https:\/\/www.caritasne2.org.br\/site\/caravana-da-solidariedade-percorre-quatro-estados-regional-nordeste-2\/\">&nbsp;<\/a><script>!function(d,s,id){var js,fjs=d.getElementsByTagName(s)[0],p=\/^http:\/.test(d.location)?'http':'https';if(!d.getElementById(id)){js=d.createElement(s);js.id=id;js.src=p+':\/\/platform.twitter.com\/widgets.js';fjs.parentNode.insertBefore(js,fjs);}}(document, 'script', 'twitter-wjs');<\/script><\/li><li class=\"gplus\" style=\"width:68px\"><div class=\"g-plusone\" data-size=\"medium\" data-href=\"https:\/\/www.caritasne2.org.br\/site\/caravana-da-solidariedade-percorre-quatro-estados-regional-nordeste-2\/\"><\/div><\/li><li class=\"ssb_linkedin\" style=\"width:64px\"><script src=\"\/\/platform.linkedin.com\/in.js\" type=\"text\/javascript\">lang: en_US<\/script><script type=\"IN\/Share\" data-url=\"https:\/\/www.caritasne2.org.br\/site\/caravana-da-solidariedade-percorre-quatro-estados-regional-nordeste-2\/\" data-counter=\"right\"><\/script><\/li><\/ul>","protected":false},"excerpt":{"rendered":"<p>A \u201cCaravana da Solidariedade\u201d, que j\u00e1 percorreu os estados de Alagoas, Pernambuco e Rio Grande do Norte, chega a Para\u00edba nos dias 26 e 27 de julho. E, segue conversando com as popula\u00e7\u00f5es das comunidades, ouvindo hist\u00f3rias e relatos, registrando imagens e conhecendo um pouco da realidade desses quatro estados que comp\u00f5em a C\u00e1ritas Regional NE2, e juntos celebram a caminhada da C\u00e1ritas Brasileira Rumo [&hellip;]<\/p>\n<ul class=\"ssb_list_wrapper\"><li class=\"fb2\" style=\"width:135px\"><iframe src=\"\/\/www.facebook.com\/plugins\/like.php?href=https%3A%2F%2Fwww.caritasne2.org.br%2Fsite%2Fcaravana-da-solidariedade-percorre-quatro-estados-regional-nordeste-2%2F&amp;layout=button_count&amp;action=like&amp;show_faces=false&amp;share=true&amp;width=135&amp;height=21&amp;appId=307091639398582\" scrolling=\"no\" frameborder=\"0\" style=\"border:none; overflow:hidden;  width:150px; height:21px;\" allowTransparency=\"true\"><\/iframe><\/li><li class=\"twtr\" style=\"width:90px\"><a href=\"https:\/\/twitter.com\/share\" class=\"twitter-share-button\" data-url=\"https:\/\/www.caritasne2.org.br\/site\/caravana-da-solidariedade-percorre-quatro-estados-regional-nordeste-2\/\">&nbsp;<\/a><script>!function(d,s,id){var js,fjs=d.getElementsByTagName(s)[0],p=\/^http:\/.test(d.location)?'http':'https';if(!d.getElementById(id)){js=d.createElement(s);js.id=id;js.src=p+':\/\/platform.twitter.com\/widgets.js';fjs.parentNode.insertBefore(js,fjs);}}(document, 'script', 'twitter-wjs');<\/script><\/li><li class=\"gplus\" style=\"width:68px\"><div class=\"g-plusone\" data-size=\"medium\" data-href=\"https:\/\/www.caritasne2.org.br\/site\/caravana-da-solidariedade-percorre-quatro-estados-regional-nordeste-2\/\"><\/div><\/li><li class=\"ssb_linkedin\" style=\"width:64px\"><script src=\"\/\/platform.linkedin.com\/in.js\" type=\"text\/javascript\">lang: en_US<\/script><script type=\"IN\/Share\" data-url=\"https:\/\/www.caritasne2.org.br\/site\/caravana-da-solidariedade-percorre-quatro-estados-regional-nordeste-2\/\" data-counter=\"right\"><\/script><\/li><\/ul>","protected":false},"author":4,"featured_media":3475,"comment_status":"open","ping_status":"open","sticky":false,"template":"","format":"standard","meta":[],"categories":[774,20],"tags":[70,775,512,268,659,67,641,776],"_links":{"self":[{"href":"https:\/\/www.caritasne2.org.br\/site\/wp-json\/wp\/v2\/posts\/3450"}],"collection":[{"href":"https:\/\/www.caritasne2.org.br\/site\/wp-json\/wp\/v2\/posts"}],"about":[{"href":"https:\/\/www.caritasne2.org.br\/site\/wp-json\/wp\/v2\/types\/post"}],"author":[{"embeddable":true,"href":"https:\/\/www.caritasne2.org.br\/site\/wp-json\/wp\/v2\/users\/4"}],"replies":[{"embeddable":true,"href":"https:\/\/www.caritasne2.org.br\/site\/wp-json\/wp\/v2\/comments?post=3450"}],"version-history":[{"count":0,"href":"https:\/\/www.caritasne2.org.br\/site\/wp-json\/wp\/v2\/posts\/3450\/revisions"}],"wp:featuredmedia":[{"embeddable":true,"href":"https:\/\/www.caritasne2.org.br\/site\/wp-json\/"}],"wp:attachment":[{"href":"https:\/\/www.caritasne2.org.br\/site\/wp-json\/wp\/v2\/media?parent=3450"}],"wp:term":[{"taxonomy":"category","embeddable":true,"href":"https:\/\/www.caritasne2.org.br\/site\/wp-json\/wp\/v2\/categories?post=3450"},{"taxonomy":"post_tag","embeddable":true,"href":"https:\/\/www.caritasne2.org.br\/site\/wp-json\/wp\/v2\/tags?post=3450"}],"curies":[{"name":"wp","href":"https:\/\/api.w.org\/{rel}","templated":true}]}}