{"id":3428,"date":"2016-07-12T12:01:26","date_gmt":"2016-07-12T15:01:26","guid":{"rendered":"http:\/\/ne2.caritas.org.br.s174889.gridserver.com\/?p=3428"},"modified":"2017-07-11T15:17:47","modified_gmt":"2017-07-11T18:17:47","slug":"povos-indigenas-estao-ameacados-na-identidade-na-existencia-diz-papa","status":"publish","type":"post","link":"https:\/\/www.caritasne2.org.br\/site\/povos-indigenas-estao-ameacados-na-identidade-na-existencia-diz-papa\/","title":{"rendered":"\u201cPovos ind\u00edgenas est\u00e3o amea\u00e7ados na identidade e na exist\u00eancia\u201d, diz Papa"},"content":{"rendered":"<p>Em v\u00eddeo sobre as inten\u00e7\u00f5es de ora\u00e7\u00e3o para o m\u00eas de julho, o Papa Francisco pede para que todos e todas\u00a0se unam em torno do respeito aos povos ind\u00edgenas. Neste m\u00eas, o l\u00edder da Igreja Cat\u00f3lica dedica as ora\u00e7\u00f5es \u201cpara que os povos ind\u00edgenas, amea\u00e7ados na sua identidade e exist\u00eancia, sejam respeitados\u201d.<\/p>\n<p>O v\u00eddeo produzido pelo Centro Televisivo Vaticano inicia com a narra\u00e7\u00e3o da professora paraguaia Sonia Marlene Gutierrez, que fala em idioma Guarani: \u201cQuero pedir, em nome dos povos ind\u00edgenas, que sejam respeitados o nosso modo de vida, os nossos direitos e as nossas tradi\u00e7\u00f5es\u201d.<\/p>\n<p>Em seguida, Francisco afirma que quer \u201cser eco e porta-voz dos anseios mais profundos dos povos ind\u00edgenas\u201d, e acrescenta: \u201cQuero que juntes a tua voz \u00e0 minha para que, de todo o cora\u00e7\u00e3o, pe\u00e7amos que sejam respeitados os povos ind\u00edgenas, amea\u00e7ados na sua identidade e at\u00e9 na sua exist\u00eancia\u201d. O v\u00eddeo pode ser assistido <a href=\"https:\/\/youtu.be\/ljM2b1FXTeE\">aqui<\/a>.<\/p>\n<p><strong>Visita<\/strong><\/p>\n<p>Em 29 de junho \u00faltimo, o presidente do Conselho Indigenista Mission\u00e1rio (Cimi) e arcebispo de Porto Velho\/RO, dom Roque Paloschi, foi recebido pelo Papa Francisco no Vaticano. Na ocasi\u00e3o, dom Roque entregou ao pont\u00edfice uma carta em que denuncia a situa\u00e7\u00e3o dos povos ind\u00edgenas no Brasil e uma c\u00f3pia do relat\u00f3rio de Viol\u00eancia contra os Povos Ind\u00edgenas \u2013 2014.<\/p>\n<p>\u201cO Santo Padre recebeu (o material) com muito carinho. As fotos mostram o sorriso e a gratid\u00e3o tamb\u00e9m pelo empenho da Igreja no Brasil em se colocar ao lado dos povos ind\u00edgenas. O Papa incentivou o Conselho Indigenista Mission\u00e1rio para que cumpra sua miss\u00e3o prof\u00e9tica de defesa da vida e da cria\u00e7\u00e3o e, sobretudo, dos povos ind\u00edgenas\u201d, afirmou dom Roque em entrevista \u00e0 R\u00e1dio Vaticano \u00e0 \u00e9poca.<\/p>\n<p>\u201cO Papa diz que precisamos ir para frente \u2013 adelante! \u2013 para que, verdadeiramente, a Igreja n\u00e3o se omita nessa sua miss\u00e3o de ser a presen\u00e7a do consolo e da miseric\u00f3rdia, a voz que se conjuga com os esfor\u00e7os deles para que eles tenham vida: vida em abund\u00e2ncia\u201d, acrescentou o presidente do Cimi.<\/p>\n<p>Na carta entregue ao Papa, dom Roque agradeceu a aten\u00e7\u00e3o que o pont\u00edfice tem dedicado \u00e0 quest\u00e3o ind\u00edgena e convidou Francisco para que retorne ao Brasil, \u201cvisitando ao menos duas comunidades ind\u00edgenas como sinal da sua paternidade, da sua ternura, da sua vontade de estar realmente ao lado destes primeiras habitantes da Amer\u00edndia\u201d.<\/p>\n<p>O presidente do Cimi tamb\u00e9m enfatizou a situa\u00e7\u00e3o de extrema viol\u00eancia e descaso com que os povos ind\u00edgenas t\u00eam sido tratados no Brasil. \u201cMuito mais do que amea\u00e7ados, eles est\u00e3o sendo eliminados. A Hist\u00f3ria do Brasil \u00e9 uma hist\u00f3ria de elimina\u00e7\u00e3o, de \u2018desindianizar\u2019 os \u00edndios\u201d, afirmou. \u201c\u00c9 lament\u00e1vel no Brasil, sobretudo, a invas\u00e3o das \u00e1reas das terras ind\u00edgenas, \u00e9 lament\u00e1vel a indiferen\u00e7a na quest\u00e3o da educa\u00e7\u00e3o ind\u00edgena, e tamb\u00e9m o sofrimento muito grande, (que se v\u00ea) no n\u00famero de suic\u00eddios de jovens nas comunidades ind\u00edgenas do Brasil\u201d.<\/p>\n<p>Em sua conversa com o Papa, dom Roque tamb\u00e9m citou a situa\u00e7\u00e3o de extrema vulnerabilidade do povo Guarani e Kaiow\u00e1, no Mato Grosso do Sul. Duas semanas antes de sua viagem, os ind\u00edgenas da Terra Douradosamamba\u00ed Pegua I, no munic\u00edpio de Caarap\u00f3, foram v\u00edtimas de um massacre que deixou um ind\u00edgenas morto e pelo menos outros dez feridos, cinco dos quais gravemente \u2014 entre estes \u00faltimos, uma crian\u00e7a de 12 anos. Desde ent\u00e3o, mais um despejo, em Apyka\u2019i, e novos ataques ocorreram. Mas os fazendeiros respons\u00e1veis pelo massacre seguem impunes e, ironicamente, ind\u00edgenas podem ser presos.<\/p>\n<p><em>Fonte: Assessoria de Comunica\u00e7\u00e3o do Cimi<\/em><\/p>\n<ul class=\"ssb_list_wrapper\"><li class=\"fb2\" style=\"width:135px\"><iframe src=\"\/\/www.facebook.com\/plugins\/like.php?href=https%3A%2F%2Fwww.caritasne2.org.br%2Fsite%2Fpovos-indigenas-estao-ameacados-na-identidade-na-existencia-diz-papa%2F&amp;layout=button_count&amp;action=like&amp;show_faces=false&amp;share=true&amp;width=135&amp;height=21&amp;appId=307091639398582\" scrolling=\"no\" frameborder=\"0\" style=\"border:none; overflow:hidden;  width:150px; height:21px;\" allowTransparency=\"true\"><\/iframe><\/li><li class=\"twtr\" style=\"width:90px\"><a href=\"https:\/\/twitter.com\/share\" class=\"twitter-share-button\" data-url=\"https:\/\/www.caritasne2.org.br\/site\/povos-indigenas-estao-ameacados-na-identidade-na-existencia-diz-papa\/\">&nbsp;<\/a><script>!function(d,s,id){var js,fjs=d.getElementsByTagName(s)[0],p=\/^http:\/.test(d.location)?'http':'https';if(!d.getElementById(id)){js=d.createElement(s);js.id=id;js.src=p+':\/\/platform.twitter.com\/widgets.js';fjs.parentNode.insertBefore(js,fjs);}}(document, 'script', 'twitter-wjs');<\/script><\/li><li class=\"gplus\" style=\"width:68px\"><div class=\"g-plusone\" data-size=\"medium\" data-href=\"https:\/\/www.caritasne2.org.br\/site\/povos-indigenas-estao-ameacados-na-identidade-na-existencia-diz-papa\/\"><\/div><\/li><li class=\"ssb_linkedin\" style=\"width:64px\"><script src=\"\/\/platform.linkedin.com\/in.js\" type=\"text\/javascript\">lang: en_US<\/script><script type=\"IN\/Share\" data-url=\"https:\/\/www.caritasne2.org.br\/site\/povos-indigenas-estao-ameacados-na-identidade-na-existencia-diz-papa\/\" data-counter=\"right\"><\/script><\/li><\/ul>","protected":false},"excerpt":{"rendered":"<p>Em v\u00eddeo sobre as inten\u00e7\u00f5es de ora\u00e7\u00e3o para o m\u00eas de julho, o Papa Francisco pede para que todos e todas\u00a0se unam em torno do respeito aos povos ind\u00edgenas. Neste m\u00eas, o l\u00edder da Igreja Cat\u00f3lica dedica as ora\u00e7\u00f5es \u201cpara que os povos ind\u00edgenas, amea\u00e7ados na sua identidade e exist\u00eancia, sejam respeitados\u201d. O v\u00eddeo produzido pelo Centro Televisivo Vaticano inicia com a narra\u00e7\u00e3o da professora [&hellip;]<\/p>\n<ul class=\"ssb_list_wrapper\"><li class=\"fb2\" style=\"width:135px\"><iframe src=\"\/\/www.facebook.com\/plugins\/like.php?href=https%3A%2F%2Fwww.caritasne2.org.br%2Fsite%2Fpovos-indigenas-estao-ameacados-na-identidade-na-existencia-diz-papa%2F&amp;layout=button_count&amp;action=like&amp;show_faces=false&amp;share=true&amp;width=135&amp;height=21&amp;appId=307091639398582\" scrolling=\"no\" frameborder=\"0\" style=\"border:none; overflow:hidden;  width:150px; height:21px;\" allowTransparency=\"true\"><\/iframe><\/li><li class=\"twtr\" style=\"width:90px\"><a href=\"https:\/\/twitter.com\/share\" class=\"twitter-share-button\" data-url=\"https:\/\/www.caritasne2.org.br\/site\/povos-indigenas-estao-ameacados-na-identidade-na-existencia-diz-papa\/\">&nbsp;<\/a><script>!function(d,s,id){var js,fjs=d.getElementsByTagName(s)[0],p=\/^http:\/.test(d.location)?'http':'https';if(!d.getElementById(id)){js=d.createElement(s);js.id=id;js.src=p+':\/\/platform.twitter.com\/widgets.js';fjs.parentNode.insertBefore(js,fjs);}}(document, 'script', 'twitter-wjs');<\/script><\/li><li class=\"gplus\" style=\"width:68px\"><div class=\"g-plusone\" data-size=\"medium\" data-href=\"https:\/\/www.caritasne2.org.br\/site\/povos-indigenas-estao-ameacados-na-identidade-na-existencia-diz-papa\/\"><\/div><\/li><li class=\"ssb_linkedin\" style=\"width:64px\"><script src=\"\/\/platform.linkedin.com\/in.js\" type=\"text\/javascript\">lang: en_US<\/script><script type=\"IN\/Share\" data-url=\"https:\/\/www.caritasne2.org.br\/site\/povos-indigenas-estao-ameacados-na-identidade-na-existencia-diz-papa\/\" data-counter=\"right\"><\/script><\/li><\/ul>","protected":false},"author":4,"featured_media":3429,"comment_status":"open","ping_status":"open","sticky":false,"template":"","format":"standard","meta":[],"categories":[20,772],"tags":[59,297,771,539],"_links":{"self":[{"href":"https:\/\/www.caritasne2.org.br\/site\/wp-json\/wp\/v2\/posts\/3428"}],"collection":[{"href":"https:\/\/www.caritasne2.org.br\/site\/wp-json\/wp\/v2\/posts"}],"about":[{"href":"https:\/\/www.caritasne2.org.br\/site\/wp-json\/wp\/v2\/types\/post"}],"author":[{"embeddable":true,"href":"https:\/\/www.caritasne2.org.br\/site\/wp-json\/wp\/v2\/users\/4"}],"replies":[{"embeddable":true,"href":"https:\/\/www.caritasne2.org.br\/site\/wp-json\/wp\/v2\/comments?post=3428"}],"version-history":[{"count":0,"href":"https:\/\/www.caritasne2.org.br\/site\/wp-json\/wp\/v2\/posts\/3428\/revisions"}],"wp:featuredmedia":[{"embeddable":true,"href":"https:\/\/www.caritasne2.org.br\/site\/wp-json\/wp\/v2\/media\/3429"}],"wp:attachment":[{"href":"https:\/\/www.caritasne2.org.br\/site\/wp-json\/wp\/v2\/media?parent=3428"}],"wp:term":[{"taxonomy":"category","embeddable":true,"href":"https:\/\/www.caritasne2.org.br\/site\/wp-json\/wp\/v2\/categories?post=3428"},{"taxonomy":"post_tag","embeddable":true,"href":"https:\/\/www.caritasne2.org.br\/site\/wp-json\/wp\/v2\/tags?post=3428"}],"curies":[{"name":"wp","href":"https:\/\/api.w.org\/{rel}","templated":true}]}}