{"id":3422,"date":"2016-07-06T15:30:11","date_gmt":"2016-07-06T18:30:11","guid":{"rendered":"http:\/\/ne2.caritas.org.br.s174889.gridserver.com\/?p=3422"},"modified":"2017-07-11T15:17:47","modified_gmt":"2017-07-11T18:17:47","slug":"papa-francisco-divulga-mensagem-em-apoio-a-campanha-da-caritas-pela-siria","status":"publish","type":"post","link":"https:\/\/www.caritasne2.org.br\/site\/papa-francisco-divulga-mensagem-em-apoio-a-campanha-da-caritas-pela-siria\/","title":{"rendered":"Papa Francisco divulga mensagem em apoio \u00e0 campanha da C\u00e1ritas pela S\u00edria"},"content":{"rendered":"<p>O Papa Francisco divulgou, nesta ter\u00e7a-feira (5), uma mensagem em v\u00eddeo em apoio \u00e0 campanha S\u00edria: a paz \u00e9 poss\u00edvel, da Caritas Internationalis. Na mensagem, Francisco define como &#8220;indescrit\u00edvel&#8221; o sofrimento da popula\u00e7\u00e3o do pa\u00eds asi\u00e1tico, que \u00e9 obrigada a sobreviver sob as bombas ou a procurar caminhos de fuga para regi\u00f5es menos atingidas pela guerra ou mesmo para outros pa\u00edses, principalmente da Europa, passando a viver na condi\u00e7\u00e3o de refugiada. O v\u00eddeo com legendas em portugu\u00eas est\u00e1 dispon\u00edvel <a href=\"https:\/\/youtu.be\/VPwEnLFcypg\">aqui<\/a>.<\/p>\n<p>&#8220;Enquanto o povo sofre, gastam-se incr\u00edveis somas de dinheiro no fornecimento de armas aos que fazem a guerra&#8221;, denuncia Francisco no v\u00eddeo, fazendo refer\u00eancia ao jogo duplo de alguns pa\u00edses que, mesmo fazendo apelos \u00e0 paz, continuam fornecendo armas aos combatentes. &#8220;Como podemos acreditar em algu\u00e9m que nos faz carinho com a m\u00e3o direita e nos golpeia com a esquerda?&#8221;, questiona o papa na mensagem. &#8220;Encorajo todos, adultos e jovens, a viver o Ano Santo da Miseric\u00f3rdia com entusiasmo para vencermos a indiferen\u00e7a e proclamarmos com for\u00e7a que a paz na S\u00edria \u00e9 poss\u00edvel&#8221;, pede ele.<\/p>\n<p>Francisco enfatiza que n\u00e3o h\u00e1 uma solu\u00e7\u00e3o militar para a S\u00edria, mas apenas uma solu\u00e7\u00e3o pol\u00edtica, e que devemos unir for\u00e7as para que a mesma seja implementada. Desta forma, construiremos &#8220;um grandioso exemplo de miseric\u00f3rdia e de amor para o bem de toda a comunidade internacional!&#8221;. A confedera\u00e7\u00e3o C\u00e1ritas fornece alimenta\u00e7\u00e3o, assist\u00eancia em sa\u00fade, bens de primeira necessidade, instru\u00e7\u00e3o, abrigo, apoio psicol\u00f3gico e medidas de prote\u00e7\u00e3o \u00e0 popula\u00e7\u00e3o na S\u00edria e nos pa\u00edses que abrigam os refugiados e refugiadas. Somente no ano passado, as C\u00e1ritas nacionais levaram ajuda a 1,3 milh\u00e3o de pessoas em todo o mundo.<\/p>\n<p>No Brasil, C\u00e1ritas e CNBB lan\u00e7aram este ano a campanha Abra seu Cora\u00e7\u00e3o, em solidariedade aos migrantes, refugiados e refugiadas e como gesto concreto da abertura do Ano Santo da Miseric\u00f3rdia, lan\u00e7ado pelo Papa Francisco. Os recursos arrecadados ser\u00e3o destinados a a\u00e7\u00f5es de sensibiliza\u00e7\u00e3o da sociedade para a acolhida e ajuda humanit\u00e1ria aos refugiados e refugiadas; de fortalecimento de iniciativas j\u00e1 existentes; de apoio \u00e0 cria\u00e7\u00e3o de novos centros de atendimento e de promo\u00e7\u00e3o dos direitos humanos; \u00e0 cria\u00e7\u00e3o de uma rede cat\u00f3lica destinada a formar, integrar e fomentar o acolhimento, a prote\u00e7\u00e3o legal e a integra\u00e7\u00e3o local de migrantes e refugiados\/as e de apoio a iniciativas semelhantes desenvolvidas em outros pa\u00edses por meio da confedera\u00e7\u00e3o C\u00e1ritas.<\/p>\n<p>A coleta de solidariedade ser\u00e1 feita por meio das seguintes contas, a cargo da C\u00e1ritas Brasileira e em favor dos migrantes e refugiados\/as:<\/p>\n<p><strong>Caixa Econ\u00f4mica Federal<\/strong><\/p>\n<p>Ag\u00eancia: 1041<\/p>\n<p>Opera\u00e7\u00e3o: 003<\/p>\n<p>Conta Corrente: 3735-5<\/p>\n<p><strong>Banco do Brasil<\/strong><\/p>\n<p>Ag\u00eancia: 3475-4<\/p>\n<p>Conta corrente: 32.792-1<\/p>\n<p>Outras informa\u00e7\u00f5es e o acesso a amplo material de divulga\u00e7\u00e3o, incluindo a carta A\u00e7\u00e3o de Solidariedade aos Migrantes, Refugiados e Refugiadas assinada pela Presid\u00eancia da CNBB e pelo presidente da C\u00e1ritas Brasileira; imagens do cartaz da campanha; banner da campanha para internet; cart\u00e3o da campanha para compartilhamento no Facebook e Twitter; spots de r\u00e1dio de 1min e 30s e v\u00eddeo, podem ser obtidas no site da C\u00e1ritas Brasileira, com link <a href=\"http:\/\/caritas.org.br\/refugiados-e-migrantes\">aqui<\/a>.<\/p>\n<p>Com informa\u00e7\u00f5es da Assessoria Nacional de Comunica\u00e7\u00e3o da C\u00e1ritas Brasileira<\/p>\n<ul class=\"ssb_list_wrapper\"><li class=\"fb2\" style=\"width:135px\"><iframe src=\"\/\/www.facebook.com\/plugins\/like.php?href=https%3A%2F%2Fwww.caritasne2.org.br%2Fsite%2Fpapa-francisco-divulga-mensagem-em-apoio-a-campanha-da-caritas-pela-siria%2F&amp;layout=button_count&amp;action=like&amp;show_faces=false&amp;share=true&amp;width=135&amp;height=21&amp;appId=307091639398582\" scrolling=\"no\" frameborder=\"0\" style=\"border:none; overflow:hidden;  width:150px; height:21px;\" allowTransparency=\"true\"><\/iframe><\/li><li class=\"twtr\" style=\"width:90px\"><a href=\"https:\/\/twitter.com\/share\" class=\"twitter-share-button\" data-url=\"https:\/\/www.caritasne2.org.br\/site\/papa-francisco-divulga-mensagem-em-apoio-a-campanha-da-caritas-pela-siria\/\">&nbsp;<\/a><script>!function(d,s,id){var js,fjs=d.getElementsByTagName(s)[0],p=\/^http:\/.test(d.location)?'http':'https';if(!d.getElementById(id)){js=d.createElement(s);js.id=id;js.src=p+':\/\/platform.twitter.com\/widgets.js';fjs.parentNode.insertBefore(js,fjs);}}(document, 'script', 'twitter-wjs');<\/script><\/li><li class=\"gplus\" style=\"width:68px\"><div class=\"g-plusone\" data-size=\"medium\" data-href=\"https:\/\/www.caritasne2.org.br\/site\/papa-francisco-divulga-mensagem-em-apoio-a-campanha-da-caritas-pela-siria\/\"><\/div><\/li><li class=\"ssb_linkedin\" style=\"width:64px\"><script src=\"\/\/platform.linkedin.com\/in.js\" type=\"text\/javascript\">lang: en_US<\/script><script type=\"IN\/Share\" data-url=\"https:\/\/www.caritasne2.org.br\/site\/papa-francisco-divulga-mensagem-em-apoio-a-campanha-da-caritas-pela-siria\/\" data-counter=\"right\"><\/script><\/li><\/ul>","protected":false},"excerpt":{"rendered":"<p>O Papa Francisco divulgou, nesta ter\u00e7a-feira (5), uma mensagem em v\u00eddeo em apoio \u00e0 campanha S\u00edria: a paz \u00e9 poss\u00edvel, da Caritas Internationalis. Na mensagem, Francisco define como &#8220;indescrit\u00edvel&#8221; o sofrimento da popula\u00e7\u00e3o do pa\u00eds asi\u00e1tico, que \u00e9 obrigada a sobreviver sob as bombas ou a procurar caminhos de fuga para regi\u00f5es menos atingidas pela guerra ou mesmo para outros pa\u00edses, principalmente da Europa, passando [&hellip;]<\/p>\n<ul class=\"ssb_list_wrapper\"><li class=\"fb2\" style=\"width:135px\"><iframe src=\"\/\/www.facebook.com\/plugins\/like.php?href=https%3A%2F%2Fwww.caritasne2.org.br%2Fsite%2Fpapa-francisco-divulga-mensagem-em-apoio-a-campanha-da-caritas-pela-siria%2F&amp;layout=button_count&amp;action=like&amp;show_faces=false&amp;share=true&amp;width=135&amp;height=21&amp;appId=307091639398582\" scrolling=\"no\" frameborder=\"0\" style=\"border:none; overflow:hidden;  width:150px; height:21px;\" allowTransparency=\"true\"><\/iframe><\/li><li class=\"twtr\" style=\"width:90px\"><a href=\"https:\/\/twitter.com\/share\" class=\"twitter-share-button\" data-url=\"https:\/\/www.caritasne2.org.br\/site\/papa-francisco-divulga-mensagem-em-apoio-a-campanha-da-caritas-pela-siria\/\">&nbsp;<\/a><script>!function(d,s,id){var js,fjs=d.getElementsByTagName(s)[0],p=\/^http:\/.test(d.location)?'http':'https';if(!d.getElementById(id)){js=d.createElement(s);js.id=id;js.src=p+':\/\/platform.twitter.com\/widgets.js';fjs.parentNode.insertBefore(js,fjs);}}(document, 'script', 'twitter-wjs');<\/script><\/li><li class=\"gplus\" style=\"width:68px\"><div class=\"g-plusone\" data-size=\"medium\" data-href=\"https:\/\/www.caritasne2.org.br\/site\/papa-francisco-divulga-mensagem-em-apoio-a-campanha-da-caritas-pela-siria\/\"><\/div><\/li><li class=\"ssb_linkedin\" style=\"width:64px\"><script src=\"\/\/platform.linkedin.com\/in.js\" type=\"text\/javascript\">lang: en_US<\/script><script type=\"IN\/Share\" data-url=\"https:\/\/www.caritasne2.org.br\/site\/papa-francisco-divulga-mensagem-em-apoio-a-campanha-da-caritas-pela-siria\/\" data-counter=\"right\"><\/script><\/li><\/ul>","protected":false},"author":4,"featured_media":3423,"comment_status":"open","ping_status":"open","sticky":false,"template":"","format":"standard","meta":[],"categories":[20,671],"tags":[92,46,94,539,622,770,331],"_links":{"self":[{"href":"https:\/\/www.caritasne2.org.br\/site\/wp-json\/wp\/v2\/posts\/3422"}],"collection":[{"href":"https:\/\/www.caritasne2.org.br\/site\/wp-json\/wp\/v2\/posts"}],"about":[{"href":"https:\/\/www.caritasne2.org.br\/site\/wp-json\/wp\/v2\/types\/post"}],"author":[{"embeddable":true,"href":"https:\/\/www.caritasne2.org.br\/site\/wp-json\/wp\/v2\/users\/4"}],"replies":[{"embeddable":true,"href":"https:\/\/www.caritasne2.org.br\/site\/wp-json\/wp\/v2\/comments?post=3422"}],"version-history":[{"count":0,"href":"https:\/\/www.caritasne2.org.br\/site\/wp-json\/wp\/v2\/posts\/3422\/revisions"}],"wp:featuredmedia":[{"embeddable":true,"href":"https:\/\/www.caritasne2.org.br\/site\/wp-json\/wp\/v2\/media\/3423"}],"wp:attachment":[{"href":"https:\/\/www.caritasne2.org.br\/site\/wp-json\/wp\/v2\/media?parent=3422"}],"wp:term":[{"taxonomy":"category","embeddable":true,"href":"https:\/\/www.caritasne2.org.br\/site\/wp-json\/wp\/v2\/categories?post=3422"},{"taxonomy":"post_tag","embeddable":true,"href":"https:\/\/www.caritasne2.org.br\/site\/wp-json\/wp\/v2\/tags?post=3422"}],"curies":[{"name":"wp","href":"https:\/\/api.w.org\/{rel}","templated":true}]}}