{"id":3409,"date":"2016-06-28T13:33:19","date_gmt":"2016-06-28T16:33:19","guid":{"rendered":"http:\/\/ne2.caritas.org.br.s174889.gridserver.com\/?p=3409"},"modified":"2017-07-11T15:17:47","modified_gmt":"2017-07-11T18:17:47","slug":"caritas-ne2-recebe-curriculos-para-selecao-de-coordenador-de-captacao-mobilizacao-de-recursos","status":"publish","type":"post","link":"https:\/\/www.caritasne2.org.br\/site\/caritas-ne2-recebe-curriculos-para-selecao-de-coordenador-de-captacao-mobilizacao-de-recursos\/","title":{"rendered":"C\u00e1ritas NE2 recebe curr\u00edculos para sele\u00e7\u00e3o de coordenador de capta\u00e7\u00e3o e mobiliza\u00e7\u00e3o de recursos"},"content":{"rendered":"<p>Nesta ter\u00e7a-feira (28), a C\u00e1ritas Brasileira &#8211; Regional NE2 lan\u00e7ou <a href=\"http:\/\/ne2.caritas.org.br.s174889.gridserver.com\/?attachment_id=3410\">edital<\/a> do processo seletivo simplificado 003\/2016, referente \u00e0 contrata\u00e7\u00e3o para 01 vaga destinada ao cargo de coordenador de capta\u00e7\u00e3o e mobiliza\u00e7\u00e3o de recursos.<\/p>\n<p>Nessa sele\u00e7\u00e3o, s\u00e3o exigidos, como requisitos m\u00ednimos:<\/p>\n<ul>\n<li>Conclus\u00e3o de gradua\u00e7\u00e3o do ensino superior completo em alguma das seguintes \u00e1reas: Economia, Administra\u00e7\u00e3o de Empresas, Marketing, Rela\u00e7\u00f5es P\u00fablicas, Rela\u00e7\u00f5es Internacionais ou outras carreiras relacionadas;<\/li>\n<li>Mestrado ou especializa\u00e7\u00e3o na Elabora\u00e7\u00e3o de Projetos Sociais;<\/li>\n<li>Forma\u00e7\u00e3o e experi\u00eancia com o SICONV \u2013 Sistema de Gest\u00e3o de Conv\u00eanios e Contratos de Repasse;<\/li>\n<li>Preferencialmente experi\u00eancia anterior em cargo similar;<\/li>\n<li>Amplos conhecimentos de inform\u00e1tica;<\/li>\n<li>Carteira de habilita\u00e7\u00e3o: B.<\/li>\n<\/ul>\n<p>O <a href=\"http:\/\/ne2.caritas.org.br.s174889.gridserver.com\/?attachment_id=3410\">edital<\/a> prev\u00ea ainda que os curr\u00edculos sejam enviados, at\u00e9 o dia 08 de julho de 2016, para o e-mail caritasne2@caritasne2.org.br ou entregues na sede da C\u00e1ritas Brasileira Regional NE2, na cidade do Recife\u00a0 (PE). Os candidatos, al\u00e9m das informa\u00e7\u00f5es pessoais e profissionais,\u00a0 devem incluir, nos curr\u00edculos, o valor estimado relativo \u00e0 pretens\u00e3o salarial e encaminhar, em anexo, carta de apresenta\u00e7\u00e3o.<\/p>\n<p>Ap\u00f3s a etapa de an\u00e1lise de curr\u00edculos, de car\u00e1ter eliminat\u00f3rio, haver\u00e1 entrevistas, realizadas pela Comiss\u00e3o de Sele\u00e7\u00e3o, com os candidatos. O resultado final sair\u00e1 no dia 15 de julho deste ano.<\/p>\n<p><a href=\"http:\/\/http:\/\/ne2.caritas.org.br.s174889.gridserver.com\/?attachment_id=3410\">Edital<\/a><\/p>\n<p>Por Wagner Cesario | Assessoria de Comunica\u00e7\u00e3o da C\u00e1ritas Brasileira \u2013 Regional NE2<br \/>\nFoto: Marcello Casal Jr.\/Ag\u00eancia Brasil<\/p>\n<ul class=\"ssb_list_wrapper\"><li class=\"fb2\" style=\"width:135px\"><iframe src=\"\/\/www.facebook.com\/plugins\/like.php?href=https%3A%2F%2Fwww.caritasne2.org.br%2Fsite%2Fcaritas-ne2-recebe-curriculos-para-selecao-de-coordenador-de-captacao-mobilizacao-de-recursos%2F&amp;layout=button_count&amp;action=like&amp;show_faces=false&amp;share=true&amp;width=135&amp;height=21&amp;appId=307091639398582\" scrolling=\"no\" frameborder=\"0\" style=\"border:none; overflow:hidden;  width:150px; height:21px;\" allowTransparency=\"true\"><\/iframe><\/li><li class=\"twtr\" style=\"width:90px\"><a href=\"https:\/\/twitter.com\/share\" class=\"twitter-share-button\" data-url=\"https:\/\/www.caritasne2.org.br\/site\/caritas-ne2-recebe-curriculos-para-selecao-de-coordenador-de-captacao-mobilizacao-de-recursos\/\">&nbsp;<\/a><script>!function(d,s,id){var js,fjs=d.getElementsByTagName(s)[0],p=\/^http:\/.test(d.location)?'http':'https';if(!d.getElementById(id)){js=d.createElement(s);js.id=id;js.src=p+':\/\/platform.twitter.com\/widgets.js';fjs.parentNode.insertBefore(js,fjs);}}(document, 'script', 'twitter-wjs');<\/script><\/li><li class=\"gplus\" style=\"width:68px\"><div class=\"g-plusone\" data-size=\"medium\" data-href=\"https:\/\/www.caritasne2.org.br\/site\/caritas-ne2-recebe-curriculos-para-selecao-de-coordenador-de-captacao-mobilizacao-de-recursos\/\"><\/div><\/li><li class=\"ssb_linkedin\" style=\"width:64px\"><script src=\"\/\/platform.linkedin.com\/in.js\" type=\"text\/javascript\">lang: en_US<\/script><script type=\"IN\/Share\" data-url=\"https:\/\/www.caritasne2.org.br\/site\/caritas-ne2-recebe-curriculos-para-selecao-de-coordenador-de-captacao-mobilizacao-de-recursos\/\" data-counter=\"right\"><\/script><\/li><\/ul>","protected":false},"excerpt":{"rendered":"<p>Nesta ter\u00e7a-feira (28), a C\u00e1ritas Brasileira &#8211; Regional NE2 lan\u00e7ou edital do processo seletivo simplificado 003\/2016, referente \u00e0 contrata\u00e7\u00e3o para 01 vaga destinada ao cargo de coordenador de capta\u00e7\u00e3o e mobiliza\u00e7\u00e3o de recursos. Nessa sele\u00e7\u00e3o, s\u00e3o exigidos, como requisitos m\u00ednimos: Conclus\u00e3o de gradua\u00e7\u00e3o do ensino superior completo em alguma das seguintes \u00e1reas: Economia, Administra\u00e7\u00e3o de Empresas, Marketing, Rela\u00e7\u00f5es P\u00fablicas, Rela\u00e7\u00f5es Internacionais ou outras carreiras relacionadas; [&hellip;]<\/p>\n<ul class=\"ssb_list_wrapper\"><li class=\"fb2\" style=\"width:135px\"><iframe src=\"\/\/www.facebook.com\/plugins\/like.php?href=https%3A%2F%2Fwww.caritasne2.org.br%2Fsite%2Fcaritas-ne2-recebe-curriculos-para-selecao-de-coordenador-de-captacao-mobilizacao-de-recursos%2F&amp;layout=button_count&amp;action=like&amp;show_faces=false&amp;share=true&amp;width=135&amp;height=21&amp;appId=307091639398582\" scrolling=\"no\" frameborder=\"0\" style=\"border:none; overflow:hidden;  width:150px; height:21px;\" allowTransparency=\"true\"><\/iframe><\/li><li class=\"twtr\" style=\"width:90px\"><a href=\"https:\/\/twitter.com\/share\" class=\"twitter-share-button\" data-url=\"https:\/\/www.caritasne2.org.br\/site\/caritas-ne2-recebe-curriculos-para-selecao-de-coordenador-de-captacao-mobilizacao-de-recursos\/\">&nbsp;<\/a><script>!function(d,s,id){var js,fjs=d.getElementsByTagName(s)[0],p=\/^http:\/.test(d.location)?'http':'https';if(!d.getElementById(id)){js=d.createElement(s);js.id=id;js.src=p+':\/\/platform.twitter.com\/widgets.js';fjs.parentNode.insertBefore(js,fjs);}}(document, 'script', 'twitter-wjs');<\/script><\/li><li class=\"gplus\" style=\"width:68px\"><div class=\"g-plusone\" data-size=\"medium\" data-href=\"https:\/\/www.caritasne2.org.br\/site\/caritas-ne2-recebe-curriculos-para-selecao-de-coordenador-de-captacao-mobilizacao-de-recursos\/\"><\/div><\/li><li class=\"ssb_linkedin\" style=\"width:64px\"><script src=\"\/\/platform.linkedin.com\/in.js\" type=\"text\/javascript\">lang: en_US<\/script><script type=\"IN\/Share\" data-url=\"https:\/\/www.caritasne2.org.br\/site\/caritas-ne2-recebe-curriculos-para-selecao-de-coordenador-de-captacao-mobilizacao-de-recursos\/\" data-counter=\"right\"><\/script><\/li><\/ul>","protected":false},"author":4,"featured_media":3411,"comment_status":"open","ping_status":"open","sticky":false,"template":"","format":"standard","meta":[],"categories":[174,20],"tags":[84,767,67,739,768,769,691],"_links":{"self":[{"href":"https:\/\/www.caritasne2.org.br\/site\/wp-json\/wp\/v2\/posts\/3409"}],"collection":[{"href":"https:\/\/www.caritasne2.org.br\/site\/wp-json\/wp\/v2\/posts"}],"about":[{"href":"https:\/\/www.caritasne2.org.br\/site\/wp-json\/wp\/v2\/types\/post"}],"author":[{"embeddable":true,"href":"https:\/\/www.caritasne2.org.br\/site\/wp-json\/wp\/v2\/users\/4"}],"replies":[{"embeddable":true,"href":"https:\/\/www.caritasne2.org.br\/site\/wp-json\/wp\/v2\/comments?post=3409"}],"version-history":[{"count":0,"href":"https:\/\/www.caritasne2.org.br\/site\/wp-json\/wp\/v2\/posts\/3409\/revisions"}],"wp:featuredmedia":[{"embeddable":true,"href":"https:\/\/www.caritasne2.org.br\/site\/wp-json\/"}],"wp:attachment":[{"href":"https:\/\/www.caritasne2.org.br\/site\/wp-json\/wp\/v2\/media?parent=3409"}],"wp:term":[{"taxonomy":"category","embeddable":true,"href":"https:\/\/www.caritasne2.org.br\/site\/wp-json\/wp\/v2\/categories?post=3409"},{"taxonomy":"post_tag","embeddable":true,"href":"https:\/\/www.caritasne2.org.br\/site\/wp-json\/wp\/v2\/tags?post=3409"}],"curies":[{"name":"wp","href":"https:\/\/api.w.org\/{rel}","templated":true}]}}