{"id":3402,"date":"2016-06-27T08:53:50","date_gmt":"2016-06-27T11:53:50","guid":{"rendered":"http:\/\/ne2.caritas.org.br.s174889.gridserver.com\/?p=3402"},"modified":"2017-07-11T15:17:47","modified_gmt":"2017-07-11T18:17:47","slug":"caritas-diocesana-de-palmeira-dos-indios-elege-nova-diretoria-para-trienio-2016-2019","status":"publish","type":"post","link":"https:\/\/www.caritasne2.org.br\/site\/caritas-diocesana-de-palmeira-dos-indios-elege-nova-diretoria-para-trienio-2016-2019\/","title":{"rendered":"C\u00e1ritas Diocesana de Palmeira dos \u00cdndios elege nova diretoria para o tri\u00eanio 2016-2019"},"content":{"rendered":"<p>Tomou posse no s\u00e1bado (18), em assembleia geral ordin\u00e1ria, a nova diretoria da C\u00e1ritas Diocesana de Palmeira dos \u00cdndios. A agente C\u00e1ritas Maria do Carmo Santos foi reconduzida como presidente e nos pr\u00f3ximos tr\u00eas anos (2016-2019) dar\u00e1 continuidade ao trabalho da organiza\u00e7\u00e3o membro ligada ao Regional NE2 da C\u00e1ritas Brasileira.<\/p>\n<p>Completam a diretoria Maria de Lourdes Santana, como vice, Erika Lajes e Ana Maria dos Santos, como secret\u00e1rias, Maria Fonseca e Josefa Menezes, na tesouraria, e Albani Rocha, Terezinha Concei\u00e7\u00e3o e Jos\u00e9 H\u00e9lio da Silva, como membros do conselho fiscal da organiza\u00e7\u00e3o.<\/p>\n<p>A vota\u00e7\u00e3o, que se deu em chapa \u00fanica, e a posse, ocorreram no Centro Comunit\u00e1rio Xucurus, na cidade alagoana de Palmeira dos \u00cdndios. A V Assembleia contou com a participa\u00e7\u00e3o de aproximadamente 50 pessoas, entre representa\u00e7\u00f5es de movimentos e pastorais sociais, par\u00f3quias, grupos de economia solid\u00e1ria, agricultores, catadores de materiais recicl\u00e1veis e agentes C\u00e1ritas.<a href=\"http:\/\/ne2.caritas.org.br.s174889.gridserver.com\/2016\/06\/27\/caritas-diocesana-de-palmeira-dos-indios-elege-nova-diretoria-para-trienio-2016-2019\/v-assembleia-da-caritas-diocesana-palmeira-2\/\" rel=\"attachment wp-att-3404\"><img decoding=\"async\" loading=\"lazy\" class=\"alignright size-medium wp-image-3404\" title=\"V Assembleia da C\u00e1ritas Diocesana Palmeira 2\" src=\"http:\/\/ne2.caritas.org.br.s174889.gridserver.com\/wp-content\/uploads\/2016\/06\/V-Assembleia-da-C\u00e1ritas-Diocesana-Palmeira-2-300x168.jpg\" alt=\"\" width=\"300\" height=\"168\" \/><\/a><\/p>\n<p>A abertura da assembleia foi marcada por uma celebra\u00e7\u00e3o eucar\u00edstica presidida pelo bispo diocesano, Dom Dulc\u00eanio Matos, e concelebrada pelo padre H\u00e9lio Pereira dos Santos, nomeado bispo auxiliar da Arquidiocese de Salvador. \u201cEste \u00e9 um dia de festa e, por isso, motivo de grande alegria por todo servi\u00e7o que a C\u00e1ritas tem prestado a diocese de Palmeira dos \u00cdndios\u201d, lembrou dom Dulc\u00eanio, se referindo as a\u00e7\u00f5es realizadas pela C\u00e1ritas junto aos catadores, aos agricultores familiares e, sobretudo as a\u00e7\u00f5es voltadas para a conviv\u00eancia com o Semi\u00e1rido.<\/p>\n<p>Como parte da programa\u00e7\u00e3o, aconteceu o semin\u00e1rio \u201cVivendo a Pastoralidade Eclesial na C\u00e1ritas\u201d, que contribuiu para forma\u00e7\u00e3o dos volunt\u00e1rios da C\u00e1ritas diocesana. Na ocasi\u00e3o, houve uma roda de conversa, onde se refletiu sobre o trabalho e o perfil do volunt\u00e1rio, com base na miss\u00e3o da entidade e na solidariedade pelos mais empobrecidos.<\/p>\n<p><a href=\"http:\/\/ne2.caritas.org.br.s174889.gridserver.com\/2016\/06\/27\/caritas-diocesana-de-palmeira-dos-indios-elege-nova-diretoria-para-trienio-2016-2019\/equipe-que-participou-da-v-assembleia\/\" rel=\"attachment wp-att-3405\"><img decoding=\"async\" loading=\"lazy\" class=\"alignleft size-medium wp-image-3405\" title=\"Equipe que participou da V Assembleia\" src=\"http:\/\/ne2.caritas.org.br.s174889.gridserver.com\/wp-content\/uploads\/2016\/06\/Equipe-que-participou-da-V-Assembleia-300x168.jpg\" alt=\"\" width=\"300\" height=\"168\" \/><\/a>Na parte da tarde, foi feita a leitura do estatuto institucional da C\u00e1ritas diocesana. Segundo Maria do Carmo, essa vers\u00e3o foi produzida de acordo com as novas formula\u00e7\u00f5es do C\u00f3digo Civil, e o novo Marco Regulat\u00f3rio das Organiza\u00e7\u00f5es da Sociedade Civil. Na oportunidade, tamb\u00e9m foi feita a presta\u00e7\u00e3o de contas dos programas e projetos realizados nos \u00faltimos tr\u00eas anos.<\/p>\n<p>Por Kilma Ferreira | Assessoria de Comunica\u00e7\u00e3o da C\u00e1ritas Brasileira Regional NE2.<\/p>\n<ul class=\"ssb_list_wrapper\"><li class=\"fb2\" style=\"width:135px\"><iframe src=\"\/\/www.facebook.com\/plugins\/like.php?href=https%3A%2F%2Fwww.caritasne2.org.br%2Fsite%2Fcaritas-diocesana-de-palmeira-dos-indios-elege-nova-diretoria-para-trienio-2016-2019%2F&amp;layout=button_count&amp;action=like&amp;show_faces=false&amp;share=true&amp;width=135&amp;height=21&amp;appId=307091639398582\" scrolling=\"no\" frameborder=\"0\" style=\"border:none; overflow:hidden;  width:150px; height:21px;\" allowTransparency=\"true\"><\/iframe><\/li><li class=\"twtr\" style=\"width:90px\"><a href=\"https:\/\/twitter.com\/share\" class=\"twitter-share-button\" data-url=\"https:\/\/www.caritasne2.org.br\/site\/caritas-diocesana-de-palmeira-dos-indios-elege-nova-diretoria-para-trienio-2016-2019\/\">&nbsp;<\/a><script>!function(d,s,id){var js,fjs=d.getElementsByTagName(s)[0],p=\/^http:\/.test(d.location)?'http':'https';if(!d.getElementById(id)){js=d.createElement(s);js.id=id;js.src=p+':\/\/platform.twitter.com\/widgets.js';fjs.parentNode.insertBefore(js,fjs);}}(document, 'script', 'twitter-wjs');<\/script><\/li><li class=\"gplus\" style=\"width:68px\"><div class=\"g-plusone\" data-size=\"medium\" data-href=\"https:\/\/www.caritasne2.org.br\/site\/caritas-diocesana-de-palmeira-dos-indios-elege-nova-diretoria-para-trienio-2016-2019\/\"><\/div><\/li><li class=\"ssb_linkedin\" style=\"width:64px\"><script src=\"\/\/platform.linkedin.com\/in.js\" type=\"text\/javascript\">lang: en_US<\/script><script type=\"IN\/Share\" data-url=\"https:\/\/www.caritasne2.org.br\/site\/caritas-diocesana-de-palmeira-dos-indios-elege-nova-diretoria-para-trienio-2016-2019\/\" data-counter=\"right\"><\/script><\/li><\/ul>","protected":false},"excerpt":{"rendered":"<p>Tomou posse no s\u00e1bado (18), em assembleia geral ordin\u00e1ria, a nova diretoria da C\u00e1ritas Diocesana de Palmeira dos \u00cdndios. A agente C\u00e1ritas Maria do Carmo Santos foi reconduzida como presidente e nos pr\u00f3ximos tr\u00eas anos (2016-2019) dar\u00e1 continuidade ao trabalho da organiza\u00e7\u00e3o membro ligada ao Regional NE2 da C\u00e1ritas Brasileira. Completam a diretoria Maria de Lourdes Santana, como vice, Erika Lajes e Ana Maria dos [&hellip;]<\/p>\n<ul class=\"ssb_list_wrapper\"><li class=\"fb2\" style=\"width:135px\"><iframe src=\"\/\/www.facebook.com\/plugins\/like.php?href=https%3A%2F%2Fwww.caritasne2.org.br%2Fsite%2Fcaritas-diocesana-de-palmeira-dos-indios-elege-nova-diretoria-para-trienio-2016-2019%2F&amp;layout=button_count&amp;action=like&amp;show_faces=false&amp;share=true&amp;width=135&amp;height=21&amp;appId=307091639398582\" scrolling=\"no\" frameborder=\"0\" style=\"border:none; overflow:hidden;  width:150px; height:21px;\" allowTransparency=\"true\"><\/iframe><\/li><li class=\"twtr\" style=\"width:90px\"><a href=\"https:\/\/twitter.com\/share\" class=\"twitter-share-button\" data-url=\"https:\/\/www.caritasne2.org.br\/site\/caritas-diocesana-de-palmeira-dos-indios-elege-nova-diretoria-para-trienio-2016-2019\/\">&nbsp;<\/a><script>!function(d,s,id){var js,fjs=d.getElementsByTagName(s)[0],p=\/^http:\/.test(d.location)?'http':'https';if(!d.getElementById(id)){js=d.createElement(s);js.id=id;js.src=p+':\/\/platform.twitter.com\/widgets.js';fjs.parentNode.insertBefore(js,fjs);}}(document, 'script', 'twitter-wjs');<\/script><\/li><li class=\"gplus\" style=\"width:68px\"><div class=\"g-plusone\" data-size=\"medium\" data-href=\"https:\/\/www.caritasne2.org.br\/site\/caritas-diocesana-de-palmeira-dos-indios-elege-nova-diretoria-para-trienio-2016-2019\/\"><\/div><\/li><li class=\"ssb_linkedin\" style=\"width:64px\"><script src=\"\/\/platform.linkedin.com\/in.js\" type=\"text\/javascript\">lang: en_US<\/script><script type=\"IN\/Share\" data-url=\"https:\/\/www.caritasne2.org.br\/site\/caritas-diocesana-de-palmeira-dos-indios-elege-nova-diretoria-para-trienio-2016-2019\/\" data-counter=\"right\"><\/script><\/li><\/ul>","protected":false},"author":4,"featured_media":3403,"comment_status":"open","ping_status":"open","sticky":false,"template":"","format":"standard","meta":[],"categories":[20,466],"tags":[590,46,766,67,703,612,696],"_links":{"self":[{"href":"https:\/\/www.caritasne2.org.br\/site\/wp-json\/wp\/v2\/posts\/3402"}],"collection":[{"href":"https:\/\/www.caritasne2.org.br\/site\/wp-json\/wp\/v2\/posts"}],"about":[{"href":"https:\/\/www.caritasne2.org.br\/site\/wp-json\/wp\/v2\/types\/post"}],"author":[{"embeddable":true,"href":"https:\/\/www.caritasne2.org.br\/site\/wp-json\/wp\/v2\/users\/4"}],"replies":[{"embeddable":true,"href":"https:\/\/www.caritasne2.org.br\/site\/wp-json\/wp\/v2\/comments?post=3402"}],"version-history":[{"count":0,"href":"https:\/\/www.caritasne2.org.br\/site\/wp-json\/wp\/v2\/posts\/3402\/revisions"}],"wp:featuredmedia":[{"embeddable":true,"href":"https:\/\/www.caritasne2.org.br\/site\/wp-json\/"}],"wp:attachment":[{"href":"https:\/\/www.caritasne2.org.br\/site\/wp-json\/wp\/v2\/media?parent=3402"}],"wp:term":[{"taxonomy":"category","embeddable":true,"href":"https:\/\/www.caritasne2.org.br\/site\/wp-json\/wp\/v2\/categories?post=3402"},{"taxonomy":"post_tag","embeddable":true,"href":"https:\/\/www.caritasne2.org.br\/site\/wp-json\/wp\/v2\/tags?post=3402"}],"curies":[{"name":"wp","href":"https:\/\/api.w.org\/{rel}","templated":true}]}}