{"id":3387,"date":"2016-06-16T13:22:41","date_gmt":"2016-06-16T16:22:41","guid":{"rendered":"http:\/\/ne2.caritas.org.br.s174889.gridserver.com\/?p=3387"},"modified":"2017-07-11T15:18:01","modified_gmt":"2017-07-11T18:18:01","slug":"diocese-de-pesqueira-lanca-fds-2016","status":"publish","type":"post","link":"https:\/\/www.caritasne2.org.br\/site\/diocese-de-pesqueira-lanca-fds-2016\/","title":{"rendered":"Diocese de Pesqueira lan\u00e7a Fundo de Solidariedade 2016"},"content":{"rendered":"<p style=\"text-align: justify;\">Fundos Diocesanos de Solidariedade (FDS) nascem a partir das dificuldades enfrentadas pelos grupos comunit\u00e1rios em quest\u00f5es financeiras e tamb\u00e9m para investimento que norteie a cultura.<\/p>\n<p style=\"text-align: justify;\">A coleta \u00e9 realizada no \u201cDomingo de Ramos\u201d que marca o in\u00edcio da Semana Santa. Os recursos arrecadados s\u00e3o divididos em duas partes, sendo que 60% do total permanece na diocese de origem e comp\u00f5em o FDS, que v\u00e3o para os projetos sociais da pr\u00f3pria comunidade diocesana. E, os 40% dos recursos restantes comp\u00f5em o Fundo Nacional de Solidariedade (FNS).<\/p>\n<p style=\"text-align: justify;\">A Diocese de Pesqueira junto com a C\u00e1ritas Diocesana lan\u00e7aram o primeiro edital do FDS 2016, na \u00faltima segunda-feira (13), com objetivo de apoiar projetos que combatam a exclus\u00e3o social, garantindo sua aplica\u00e7\u00e3o em favor de iniciativas. Nos \u00faltimos dois anos, atrav\u00e9s do FDS a Diocese de Pesqueira contemplou projetos que atuam em diversas \u00e1reas nas cidades da regi\u00e3o. E, este ano, os projetos interessados para concorrer ao edital, devem ter os seus objetivos ligados \u00e0 Campanha da Fraternidade, cujo tema \u00e9 \u201cCasa comum, nossa responsabilidade\u201d.<\/p>\n<p style=\"text-align: justify;\">As propostas para o primeiro edital podem ser enviadas at\u00e9 o dia 13 de julho. E para demais informa\u00e7\u00f5es consulte o regulamento do edital.<\/p>\n<p style=\"text-align: justify;\">Clique nos links abaixo e confira o regulamento no Edital:<\/p>\n<p style=\"text-align: justify;\"><a title=\"Edital 01\" href=\"http:\/\/ne2.caritas.org.br.s174889.gridserver.com\/wp-content\/uploads\/2016\/06\/Edital-011.png\">Parte 01<\/a><\/p>\n<p style=\"text-align: justify;\"><a title=\"Edital 02\" href=\"http:\/\/ne2.caritas.org.br.s174889.gridserver.com\/wp-content\/uploads\/2016\/06\/Edital-02.png\">Parte 02<\/a><\/p>\n<p style=\"text-align: justify;\"><a title=\"Edital parte 03\" href=\"http:\/\/ne2.caritas.org.br.s174889.gridserver.com\/wp-content\/uploads\/2016\/06\/Edital-03.png\">Parte 03<\/a><\/p>\n<p style=\"text-align: justify;\">Queremos cada vez mais caminhar ao encontro dos que est\u00e3o abandonados nas diversas &#8220;periferias existenciais&#8221;.<\/p>\n<p>Mais informa\u00e7\u00f5es:<\/p>\n<p>C\u00e1ritas Diocesana de Pesqueira<\/p>\n<p>Endere\u00e7o: Pra\u00e7a Comendador Jos\u00e9 Didier, S\/N, Centro | Pesqueira \u2013 PE |<\/p>\n<p>CEP: 55250-000<\/p>\n<p>Fone: (87) 3835-2646 (Falar com Setor de Articula\u00e7\u00e3o\/Risaldo Gomes)<\/p>\n<p>Por\u00a0<em>Rosanny Barreto, N\u00facleo de Comunica\u00e7\u00e3o da C\u00e1ritas Diocesana de Pesqueira<\/em><\/p>\n<p>&nbsp;<\/p>\n<p>&nbsp;<\/p>\n<ul class=\"ssb_list_wrapper\"><li class=\"fb2\" style=\"width:135px\"><iframe src=\"\/\/www.facebook.com\/plugins\/like.php?href=https%3A%2F%2Fwww.caritasne2.org.br%2Fsite%2Fdiocese-de-pesqueira-lanca-fds-2016%2F&amp;layout=button_count&amp;action=like&amp;show_faces=false&amp;share=true&amp;width=135&amp;height=21&amp;appId=307091639398582\" scrolling=\"no\" frameborder=\"0\" style=\"border:none; overflow:hidden;  width:150px; height:21px;\" allowTransparency=\"true\"><\/iframe><\/li><li class=\"twtr\" style=\"width:90px\"><a href=\"https:\/\/twitter.com\/share\" class=\"twitter-share-button\" data-url=\"https:\/\/www.caritasne2.org.br\/site\/diocese-de-pesqueira-lanca-fds-2016\/\">&nbsp;<\/a><script>!function(d,s,id){var js,fjs=d.getElementsByTagName(s)[0],p=\/^http:\/.test(d.location)?'http':'https';if(!d.getElementById(id)){js=d.createElement(s);js.id=id;js.src=p+':\/\/platform.twitter.com\/widgets.js';fjs.parentNode.insertBefore(js,fjs);}}(document, 'script', 'twitter-wjs');<\/script><\/li><li class=\"gplus\" style=\"width:68px\"><div class=\"g-plusone\" data-size=\"medium\" data-href=\"https:\/\/www.caritasne2.org.br\/site\/diocese-de-pesqueira-lanca-fds-2016\/\"><\/div><\/li><li class=\"ssb_linkedin\" style=\"width:64px\"><script src=\"\/\/platform.linkedin.com\/in.js\" type=\"text\/javascript\">lang: en_US<\/script><script type=\"IN\/Share\" data-url=\"https:\/\/www.caritasne2.org.br\/site\/diocese-de-pesqueira-lanca-fds-2016\/\" data-counter=\"right\"><\/script><\/li><\/ul>","protected":false},"excerpt":{"rendered":"<p>Fundos Diocesanos de Solidariedade (FDS) nascem a partir das dificuldades enfrentadas pelos grupos comunit\u00e1rios em quest\u00f5es financeiras e tamb\u00e9m para investimento que norteie a cultura. A coleta \u00e9 realizada no \u201cDomingo de Ramos\u201d que marca o in\u00edcio da Semana Santa. Os recursos arrecadados s\u00e3o divididos em duas partes, sendo que 60% do total permanece na diocese de origem e comp\u00f5em o FDS, que v\u00e3o para [&hellip;]<\/p>\n<ul class=\"ssb_list_wrapper\"><li class=\"fb2\" style=\"width:135px\"><iframe src=\"\/\/www.facebook.com\/plugins\/like.php?href=https%3A%2F%2Fwww.caritasne2.org.br%2Fsite%2Fdiocese-de-pesqueira-lanca-fds-2016%2F&amp;layout=button_count&amp;action=like&amp;show_faces=false&amp;share=true&amp;width=135&amp;height=21&amp;appId=307091639398582\" scrolling=\"no\" frameborder=\"0\" style=\"border:none; overflow:hidden;  width:150px; height:21px;\" allowTransparency=\"true\"><\/iframe><\/li><li class=\"twtr\" style=\"width:90px\"><a href=\"https:\/\/twitter.com\/share\" class=\"twitter-share-button\" data-url=\"https:\/\/www.caritasne2.org.br\/site\/diocese-de-pesqueira-lanca-fds-2016\/\">&nbsp;<\/a><script>!function(d,s,id){var js,fjs=d.getElementsByTagName(s)[0],p=\/^http:\/.test(d.location)?'http':'https';if(!d.getElementById(id)){js=d.createElement(s);js.id=id;js.src=p+':\/\/platform.twitter.com\/widgets.js';fjs.parentNode.insertBefore(js,fjs);}}(document, 'script', 'twitter-wjs');<\/script><\/li><li class=\"gplus\" style=\"width:68px\"><div class=\"g-plusone\" data-size=\"medium\" data-href=\"https:\/\/www.caritasne2.org.br\/site\/diocese-de-pesqueira-lanca-fds-2016\/\"><\/div><\/li><li class=\"ssb_linkedin\" style=\"width:64px\"><script src=\"\/\/platform.linkedin.com\/in.js\" type=\"text\/javascript\">lang: en_US<\/script><script type=\"IN\/Share\" data-url=\"https:\/\/www.caritasne2.org.br\/site\/diocese-de-pesqueira-lanca-fds-2016\/\" data-counter=\"right\"><\/script><\/li><\/ul>","protected":false},"author":4,"featured_media":3388,"comment_status":"open","ping_status":"open","sticky":false,"template":"","format":"standard","meta":[],"categories":[20,466],"tags":[136,52,53,54],"_links":{"self":[{"href":"https:\/\/www.caritasne2.org.br\/site\/wp-json\/wp\/v2\/posts\/3387"}],"collection":[{"href":"https:\/\/www.caritasne2.org.br\/site\/wp-json\/wp\/v2\/posts"}],"about":[{"href":"https:\/\/www.caritasne2.org.br\/site\/wp-json\/wp\/v2\/types\/post"}],"author":[{"embeddable":true,"href":"https:\/\/www.caritasne2.org.br\/site\/wp-json\/wp\/v2\/users\/4"}],"replies":[{"embeddable":true,"href":"https:\/\/www.caritasne2.org.br\/site\/wp-json\/wp\/v2\/comments?post=3387"}],"version-history":[{"count":0,"href":"https:\/\/www.caritasne2.org.br\/site\/wp-json\/wp\/v2\/posts\/3387\/revisions"}],"wp:featuredmedia":[{"embeddable":true,"href":"https:\/\/www.caritasne2.org.br\/site\/wp-json\/"}],"wp:attachment":[{"href":"https:\/\/www.caritasne2.org.br\/site\/wp-json\/wp\/v2\/media?parent=3387"}],"wp:term":[{"taxonomy":"category","embeddable":true,"href":"https:\/\/www.caritasne2.org.br\/site\/wp-json\/wp\/v2\/categories?post=3387"},{"taxonomy":"post_tag","embeddable":true,"href":"https:\/\/www.caritasne2.org.br\/site\/wp-json\/wp\/v2\/tags?post=3387"}],"curies":[{"name":"wp","href":"https:\/\/api.w.org\/{rel}","templated":true}]}}