{"id":3380,"date":"2016-06-16T11:07:46","date_gmt":"2016-06-16T14:07:46","guid":{"rendered":"http:\/\/ne2.caritas.org.br.s174889.gridserver.com\/?p=3380"},"modified":"2017-07-11T15:18:01","modified_gmt":"2017-07-11T18:18:01","slug":"encontro-da-caritas-reflete-sobre-perfil-voluntariado","status":"publish","type":"post","link":"https:\/\/www.caritasne2.org.br\/site\/encontro-da-caritas-reflete-sobre-perfil-voluntariado\/","title":{"rendered":"Encontro da C\u00e1ritas reflete sobre perfil do voluntariado"},"content":{"rendered":"<p style=\"text-align: justify;\">A C\u00e1ritas Brasileira acredita no poder transformador da solidariedade. E, neste ano, por ocasi\u00e3o das comemora\u00e7\u00f5es dos seus 60 anos, a entidade celebra a caminhada junto aos 10 mil volunt\u00e1rios\/as que somam esfor\u00e7os para que essa transforma\u00e7\u00e3o aconte\u00e7a. Nesse sentido, a Rede C\u00e1ritas reafirmou seu compromisso na acolhida e cuidado com esses agentes durante o I Encontro Nacional de Volunt\u00e1rios\/as, realizado nos dias 1\u00ba e 2 de junho no audit\u00f3rio do Instituto Federal do Cear\u00e1, em Crate\u00fas\/CE. A atividade ocorreu dentro da programa\u00e7\u00e3o da 12\u00aa Feira da Agricultura Familiar e Economia Popular Solid\u00e1ria dos Territ\u00f3rios de Inhamuns e Crate\u00fas.<\/p>\n<p style=\"text-align: justify;\">Com o tema \u201cVolunt\u00e1rios e Volunt\u00e1rias a Servi\u00e7o da Transforma\u00e7\u00e3o Social\u201d, o encontro reuniu cerca de 60 agentes C\u00e1ritas de 11 regionais, que refletiram sobre o perfil do voluntariado e a miss\u00e3o da entidade. O lema \u201cDoar generosamente tempo, talentos e dons\u201d apoiou-se em Lucas 10,25-37, que aborda a par\u00e1bola do Bom Samaritano: o amor \u00e9 pr\u00e1tica concreta. De acordo com o assessor nacional da C\u00e1ritas Brasileira Marcelo Lemos, o resultado das reflex\u00f5es subsidiar\u00e1 a constru\u00e7\u00e3o da Pol\u00edtica Nacional de Voluntariado e do Manual de Procedimentos para o trabalho volunt\u00e1rio na Rede C\u00e1ritas.<\/p>\n<p style=\"text-align: justify;\">Para Lemos, o pr\u00f3ximo passo \u00e9 dialogar com o Grupo de Trabalho (GT) Nacional de Voluntariado sobre os principais encaminhamentos do encontro. E, ainda nos meses de junho, julho e agosto, trabalhar a formata\u00e7\u00e3o e a densidade desse conte\u00fado oriundo das discuss\u00f5es. \u201cEm seguida, vamos disponibilizar esse material para consulta. Ou seja, a Rede C\u00e1ritas poder\u00e1 fazer considera\u00e7\u00f5es e interven\u00e7\u00f5es a partir das diversas realidades\u201d, explicou o assessor nacional.<\/p>\n<p style=\"text-align: justify;\">O processo de constru\u00e7\u00e3o da Pol\u00edtica Nacional de Voluntariado e do Manual de Procedimentos tem como par\u00e2metro tr\u00eas eixos estruturantes: a caracteriza\u00e7\u00e3o da miss\u00e3o da C\u00e1ritas e a rela\u00e7\u00e3o com o\/a volunt\u00e1rio\/a; itiner\u00e1rio de forma\u00e7\u00e3o para pastoralidade e inser\u00e7\u00e3o e perman\u00eancia desse agente volunt\u00e1rio na Rede C\u00e1ritas; mecanismos de acompanhamento, de relacionamento com as pessoas, avalia\u00e7\u00e3o e monitoramento.<\/p>\n<p style=\"text-align: justify;\"><strong>Voluntariado na Rede<\/strong><\/p>\n<p style=\"text-align: justify;\">Para a coordenadora de projetos na C\u00e1ritas Arquidiocesana de Fortaleza (Regional Cear\u00e1), Ana Maria de Freitas, a discuss\u00e3o sobre voluntariado \u00e9 urgente e necess\u00e1ria, uma vez que os volunt\u00e1rios s\u00e3o a maioria na Rede C\u00e1ritas. \u201cN\u00e3o podemos deixar de ressaltar esta dimens\u00e3o da pastoralidade e gratuidade desses servi\u00e7os, dos agentes que se doam de forma volunt\u00e1ria pelo desejo de fazer o bem, de construir e transformar a sociedade\u201d, destacou.<\/p>\n<p style=\"text-align: justify;\">Volunt\u00e1rio h\u00e1 25 anos, Jos\u00e9 Matias Irm\u00e3o acredita que o voluntariado \u00e9 uma voca\u00e7\u00e3o. \u201c\u00c9 preciso ter identifica\u00e7\u00e3o com a miss\u00e3o da entidade, e a miss\u00e3o da C\u00e1ritas \u00e9 um convite a defender a vida\u201d, disse Matias, que atua na comunidade Mangabeiras, no munic\u00edpio alagoano de Arapiraca, integra a gest\u00e3o da C\u00e1ritas Diocesana de Penedo e \u00e9 membro do Conselho Regional da C\u00e1ritas Nordeste 2.<\/p>\n<p style=\"text-align: justify;\">A partir do encontro nacional, a perspectiva do GT de Voluntariado \u00e9 ressoar mais esta tem\u00e1tica nas caravanas regionais e nos espa\u00e7os inter-regionais para lev\u00e1-la at\u00e9 o V Congresso Nacional da C\u00e1ritas Brasileira, previsto para o m\u00eas de novembro, em Aparecida, no interior de S\u00e3o Paulo.<\/p>\n<p style=\"text-align: center;\"><a href=\"http:\/\/ne2.caritas.org.br.s174889.gridserver.com\/2016\/06\/16\/encontro-da-caritas-reflete-sobre-perfil-voluntariado\/foto-voluntarios-rede-caritas\/\" rel=\"attachment wp-att-3382\"><img decoding=\"async\" loading=\"lazy\" class=\"aligncenter  wp-image-3382\" title=\"Foto volunt\u00e1rios Rede C\u00e1ritas\" src=\"http:\/\/ne2.caritas.org.br.s174889.gridserver.com\/wp-content\/uploads\/2016\/06\/Foto-volunt\u00e1rios-Rede-C\u00e1ritas.jpg\" alt=\"\" width=\"576\" height=\"324\" \/><\/a><\/p>\n<p style=\"text-align: justify;\">Por Kilma Ferreira \/ Assessoria de Comunica\u00e7\u00e3o da C\u00e1ritas NE2<\/p>\n<ul class=\"ssb_list_wrapper\"><li class=\"fb2\" style=\"width:135px\"><iframe src=\"\/\/www.facebook.com\/plugins\/like.php?href=https%3A%2F%2Fwww.caritasne2.org.br%2Fsite%2Fencontro-da-caritas-reflete-sobre-perfil-voluntariado%2F&amp;layout=button_count&amp;action=like&amp;show_faces=false&amp;share=true&amp;width=135&amp;height=21&amp;appId=307091639398582\" scrolling=\"no\" frameborder=\"0\" style=\"border:none; overflow:hidden;  width:150px; height:21px;\" allowTransparency=\"true\"><\/iframe><\/li><li class=\"twtr\" style=\"width:90px\"><a href=\"https:\/\/twitter.com\/share\" class=\"twitter-share-button\" data-url=\"https:\/\/www.caritasne2.org.br\/site\/encontro-da-caritas-reflete-sobre-perfil-voluntariado\/\">&nbsp;<\/a><script>!function(d,s,id){var js,fjs=d.getElementsByTagName(s)[0],p=\/^http:\/.test(d.location)?'http':'https';if(!d.getElementById(id)){js=d.createElement(s);js.id=id;js.src=p+':\/\/platform.twitter.com\/widgets.js';fjs.parentNode.insertBefore(js,fjs);}}(document, 'script', 'twitter-wjs');<\/script><\/li><li class=\"gplus\" style=\"width:68px\"><div class=\"g-plusone\" data-size=\"medium\" data-href=\"https:\/\/www.caritasne2.org.br\/site\/encontro-da-caritas-reflete-sobre-perfil-voluntariado\/\"><\/div><\/li><li class=\"ssb_linkedin\" style=\"width:64px\"><script src=\"\/\/platform.linkedin.com\/in.js\" type=\"text\/javascript\">lang: en_US<\/script><script type=\"IN\/Share\" data-url=\"https:\/\/www.caritasne2.org.br\/site\/encontro-da-caritas-reflete-sobre-perfil-voluntariado\/\" data-counter=\"right\"><\/script><\/li><\/ul>","protected":false},"excerpt":{"rendered":"<p>A C\u00e1ritas Brasileira acredita no poder transformador da solidariedade. E, neste ano, por ocasi\u00e3o das comemora\u00e7\u00f5es dos seus 60 anos, a entidade celebra a caminhada junto aos 10 mil volunt\u00e1rios\/as que somam esfor\u00e7os para que essa transforma\u00e7\u00e3o aconte\u00e7a. Nesse sentido, a Rede C\u00e1ritas reafirmou seu compromisso na acolhida e cuidado com esses agentes durante o I Encontro Nacional de Volunt\u00e1rios\/as, realizado nos dias 1\u00ba e [&hellip;]<\/p>\n<ul class=\"ssb_list_wrapper\"><li class=\"fb2\" style=\"width:135px\"><iframe src=\"\/\/www.facebook.com\/plugins\/like.php?href=https%3A%2F%2Fwww.caritasne2.org.br%2Fsite%2Fencontro-da-caritas-reflete-sobre-perfil-voluntariado%2F&amp;layout=button_count&amp;action=like&amp;show_faces=false&amp;share=true&amp;width=135&amp;height=21&amp;appId=307091639398582\" scrolling=\"no\" frameborder=\"0\" style=\"border:none; overflow:hidden;  width:150px; height:21px;\" allowTransparency=\"true\"><\/iframe><\/li><li class=\"twtr\" style=\"width:90px\"><a href=\"https:\/\/twitter.com\/share\" class=\"twitter-share-button\" data-url=\"https:\/\/www.caritasne2.org.br\/site\/encontro-da-caritas-reflete-sobre-perfil-voluntariado\/\">&nbsp;<\/a><script>!function(d,s,id){var js,fjs=d.getElementsByTagName(s)[0],p=\/^http:\/.test(d.location)?'http':'https';if(!d.getElementById(id)){js=d.createElement(s);js.id=id;js.src=p+':\/\/platform.twitter.com\/widgets.js';fjs.parentNode.insertBefore(js,fjs);}}(document, 'script', 'twitter-wjs');<\/script><\/li><li class=\"gplus\" style=\"width:68px\"><div class=\"g-plusone\" data-size=\"medium\" data-href=\"https:\/\/www.caritasne2.org.br\/site\/encontro-da-caritas-reflete-sobre-perfil-voluntariado\/\"><\/div><\/li><li class=\"ssb_linkedin\" style=\"width:64px\"><script src=\"\/\/platform.linkedin.com\/in.js\" type=\"text\/javascript\">lang: en_US<\/script><script type=\"IN\/Share\" data-url=\"https:\/\/www.caritasne2.org.br\/site\/encontro-da-caritas-reflete-sobre-perfil-voluntariado\/\" data-counter=\"right\"><\/script><\/li><\/ul>","protected":false},"author":4,"featured_media":3381,"comment_status":"open","ping_status":"open","sticky":false,"template":"","format":"standard","meta":[],"categories":[20,466,763],"tags":[67,762,765],"_links":{"self":[{"href":"https:\/\/www.caritasne2.org.br\/site\/wp-json\/wp\/v2\/posts\/3380"}],"collection":[{"href":"https:\/\/www.caritasne2.org.br\/site\/wp-json\/wp\/v2\/posts"}],"about":[{"href":"https:\/\/www.caritasne2.org.br\/site\/wp-json\/wp\/v2\/types\/post"}],"author":[{"embeddable":true,"href":"https:\/\/www.caritasne2.org.br\/site\/wp-json\/wp\/v2\/users\/4"}],"replies":[{"embeddable":true,"href":"https:\/\/www.caritasne2.org.br\/site\/wp-json\/wp\/v2\/comments?post=3380"}],"version-history":[{"count":0,"href":"https:\/\/www.caritasne2.org.br\/site\/wp-json\/wp\/v2\/posts\/3380\/revisions"}],"wp:featuredmedia":[{"embeddable":true,"href":"https:\/\/www.caritasne2.org.br\/site\/wp-json\/"}],"wp:attachment":[{"href":"https:\/\/www.caritasne2.org.br\/site\/wp-json\/wp\/v2\/media?parent=3380"}],"wp:term":[{"taxonomy":"category","embeddable":true,"href":"https:\/\/www.caritasne2.org.br\/site\/wp-json\/wp\/v2\/categories?post=3380"},{"taxonomy":"post_tag","embeddable":true,"href":"https:\/\/www.caritasne2.org.br\/site\/wp-json\/wp\/v2\/tags?post=3380"}],"curies":[{"name":"wp","href":"https:\/\/api.w.org\/{rel}","templated":true}]}}