{"id":3364,"date":"2016-05-23T13:36:08","date_gmt":"2016-05-23T16:36:08","guid":{"rendered":"http:\/\/ne2.caritas.org.br.s174889.gridserver.com\/?p=3364"},"modified":"2017-07-11T15:18:01","modified_gmt":"2017-07-11T18:18:01","slug":"caritas-ne2-participa-de-mobilizacoes-contra-abuso-exploracao-sexual-infanto-juvenil","status":"publish","type":"post","link":"https:\/\/www.caritasne2.org.br\/site\/caritas-ne2-participa-de-mobilizacoes-contra-abuso-exploracao-sexual-infanto-juvenil\/","title":{"rendered":"C\u00e1ritas NE2 participa de mobiliza\u00e7\u00f5es contra abuso e explora\u00e7\u00e3o sexual infanto-juvenil"},"content":{"rendered":"<p>O dia 18 de maio \u00e9 refer\u00eancia no calend\u00e1rio de muitas institui\u00e7\u00f5es, como a C\u00e1ritas Regional NE2, por ser uma data importante na luta contra o <a href=\"http:\/\/ne2.caritas.org.br.s174889.gridserver.com\/2016\/05\/23\/caritas-ne2-participa-de-mobilizacoes-contra-abuso-exploracao-sexual-infanto-juvenil\/whatsapp-image-20160518-1-2\/\" rel=\"attachment wp-att-3367\"><img decoding=\"async\" loading=\"lazy\" class=\"alignright size-medium wp-image-3367\" title=\"WhatsApp-Image-20160518 (1)\" src=\"http:\/\/ne2.caritas.org.br.s174889.gridserver.com\/wp-content\/uploads\/2016\/05\/WhatsApp-Image-20160518-11-300x225.jpg\" alt=\"\" width=\"300\" height=\"225\" \/><\/a>abuso e a explora\u00e7\u00e3o sexual de crian\u00e7as e adolescentes. E, nesse contexto, equipes do Programa Inf\u00e2ncia, Adolesc\u00eancia e Juventude (PIAJ) do Regional, no Recife (PE), da A\u00e7\u00e3o Social Diocesana de Patos, na pr\u00f3pria cidade paraibana, e da C\u00e1ritas Diocesana de Penedo, em Arapiraca (AL) se envolveram em v\u00e1rias atividades sobre o tema na \u00faltima quarta-feira (18).<\/p>\n<p>Na capital pernambucana, foi realizado um cine debate com estudantes de duas escolas da periferia da cidade, que j\u00e1 est\u00e3o envolvidas no projeto &#8220;Redu\u00e7\u00e3o de Viol\u00eancia no Espa\u00e7o Escolar atrav\u00e9s do Protagonismo Juvenil no Nordeste Brasileiro\u201d. Os educadores sociais apresentaram dados estat\u00edsticos, situa\u00e7\u00f5es que podem configurar esse tipo de viola\u00e7\u00e3o e as formas de preven\u00e7\u00e3o e combate. \u00c0 tarde, junto com outros jovens e militantes de mais de 20 institui\u00e7\u00f5es envolvidas nessa causa, eles se integraram \u00e0 caminhada \u201cProteger \u00e9 coisa nossa\u201d, nas principais ruas do centro do Recife.<\/p>\n<p>Representantes de entidades, como a A\u00e7\u00e3o Social Diocesana de Patos, tamb\u00e9m mobilizaram uma caminhada pelas ruas da cidade paraibana de Patos, denunciando e alertando a sociedade para essa quest\u00e3o da viol\u00eancia sexual contra a crian\u00e7a e ao adolescente. Essa iniciativa se insere dentro do projeto \u201cMovendo Cidadania\u201d, realizado nas cidades de Patos e Matureia (PB), com apoio da Essor Brasil, associa\u00e7\u00e3o de solidariedade i<a href=\"http:\/\/ne2.caritas.org.br.s174889.gridserver.com\/2016\/05\/23\/caritas-ne2-participa-de-mobilizacoes-contra-abuso-exploracao-sexual-infanto-juvenil\/whatsapp-image-20160518\/\" rel=\"attachment wp-att-3371\"><img decoding=\"async\" loading=\"lazy\" class=\"alignleft  wp-image-3371\" title=\"WhatsApp-Image-20160518\" src=\"http:\/\/ne2.caritas.org.br.s174889.gridserver.com\/wp-content\/uploads\/2016\/05\/WhatsApp-Image-20160518-300x224.jpg\" alt=\"\" width=\"300\" height=\"224\" \/><\/a>nternacional. Na oportunidade, a organiza\u00e7\u00e3o diocesana, que integra a Rede C\u00e1ritas Regional NE2, iniciou as celebra\u00e7\u00f5es pelos 60 anos de exist\u00eancia.<\/p>\n<p>Em Arapiraca (AL), os educadores e jovens do projeto \u201cSementes da Cidadania\u201d participaram de semin\u00e1rio, com autoridades, especialistas e t\u00e9cnicos, no audit\u00f3rio do Planet\u00e1rio e Casa da Ci\u00eancia da cidade. Foram discutidas, na ocasi\u00e3o, a\u00e7\u00f5es concretas de sensibiliza\u00e7\u00e3o sobre a tem\u00e1tica que, segundo dados da Organiza\u00e7\u00e3o Internacional do Trabalho, afeta mais de 100 mil crian\u00e7as e adolescentes. Al\u00e9m do semin\u00e1rio, na cidade alagoana, foi realizado um ato p\u00fablico, com panfletagem e apresenta\u00e7\u00e3o da banda \u201cFor\u00e7a Jovem\u201d, ligada ao Programa Inf\u00e2ncia, Adolesc\u00eancia e Juventude.<\/p>\n<p>Segundo a coordenadora Regional do programa, Bibiana Santana, \u00e9 preciso reconhecer que h\u00e1 muito a se fazer por essa situa\u00e7\u00e3o das crian\u00e7as e dos adolescentes, mas, com a uni\u00e3o das for\u00e7as, ser\u00e3o dados passos importantes. \u201cEntendemos que, participando da Rede de institui\u00e7\u00f5es, desses espa\u00e7os de di\u00e1logo, podemos refor\u00e7ar a luta em prol dessa causa e tamb\u00e9m garantir visibilidade para as a\u00e7\u00f5es que a C\u00e1ritas Brasileira desenvolve, especialmente, para esse p\u00fablico mais vulner\u00e1vel\u201d, destacou.<\/p>\n<p><strong>Reconhecimento<\/strong><\/p>\n<p>A colaboradora da C\u00e1ritas Brasileira Regional NE2, Cibele Martins, recebeu, tamb\u00e9m por ocasi\u00e3o dessa data, a comenda Diga N\u00e3o \u00e0 Viol\u00eancia contra a Crian\u00e7a e ao Adolescente, da Faculdade Santa Maria, da cidade de Cajazeiras, no sert\u00e3o paraibano. O reconhecimento, concedido por interm\u00e9dio do curso de psicologia da institui\u00e7\u00e3o de ensino, refere-se ao trabalho nesse campo desenvolvido na cidade e regi\u00e3o.<a href=\"http:\/\/ne2.caritas.org.br.s174889.gridserver.com\/2016\/05\/23\/caritas-ne2-participa-de-mobilizacoes-contra-abuso-exploracao-sexual-infanto-juvenil\/whatsapp-image-20160519-2\/\" rel=\"attachment wp-att-3370\"><img decoding=\"async\" loading=\"lazy\" class=\"alignright size-medium wp-image-3370\" title=\"WhatsApp-Image-20160519\" src=\"http:\/\/ne2.caritas.org.br.s174889.gridserver.com\/wp-content\/uploads\/2016\/05\/WhatsApp-Image-201605191-300x168.jpg\" alt=\"\" width=\"300\" height=\"168\" \/><\/a><\/p>\n<p>No dia, tamb\u00e9m foi ministrada uma oficina para estimular a consci\u00eancia dos adolescentes em rela\u00e7\u00e3o ao problema do abuso.<\/p>\n<p><strong>Data e den\u00fancia<\/strong><\/p>\n<p>O sequestro da menina Araceli, de 8 anos, em 18 de maio de 1973, no Esp\u00edrito Santo, terminou de forma tr\u00e1gica, com seu assassinato. O corpo dela apareceu carbonizado seis dias depois e os seus agressores, jovens de classe m\u00e9dia alta, nunca foram punidos.<\/p>\n<p>A data ficou institu\u00edda como o \u201cDia Nacional de Combate ao Abuso e \u00e0 Explora\u00e7\u00e3o Sexual de Crian\u00e7as e Adolescentes\u201d a partir da aprova\u00e7\u00e3o da Lei Federal n\u00ba. 9.970\/2000. O \u201cCaso Araceli\u201d, como ficou conhecido, ocorreu h\u00e1 mais de 40 anos, mas, os abusos ainda ocorrem. Segundo a Funda\u00e7\u00e3o Abrinq, apenas no ano de 2014, foram registradas 24.575 den\u00fancias de viol\u00eancia sexual contra crian\u00e7as e adolescentes no Brasil. Desses casos, 19.165 foram de abuso e 5.410 de explora\u00e7\u00e3o sexual infantil.<\/p>\n<p>Al\u00e9m de estimular a preven\u00e7\u00e3o, a partir da lei, foi criado um canal de den\u00fancias que podem ser encaminhadas ao conselho tutelar, delegacias especializadas, pol\u00edcias militar, federal, rodovi\u00e1ria ou, por meio do Disque Den\u00fancia Nacional, ligando para o n\u00famero 100.<\/p>\n<p>Por Wagner Cesario | Assessoria de Comunica\u00e7\u00e3o da C\u00e1ritas Brasileira \u2013 Regional NE2<\/p>\n<ul class=\"ssb_list_wrapper\"><li class=\"fb2\" style=\"width:135px\"><iframe src=\"\/\/www.facebook.com\/plugins\/like.php?href=https%3A%2F%2Fwww.caritasne2.org.br%2Fsite%2Fcaritas-ne2-participa-de-mobilizacoes-contra-abuso-exploracao-sexual-infanto-juvenil%2F&amp;layout=button_count&amp;action=like&amp;show_faces=false&amp;share=true&amp;width=135&amp;height=21&amp;appId=307091639398582\" scrolling=\"no\" frameborder=\"0\" style=\"border:none; overflow:hidden;  width:150px; height:21px;\" allowTransparency=\"true\"><\/iframe><\/li><li class=\"twtr\" style=\"width:90px\"><a href=\"https:\/\/twitter.com\/share\" class=\"twitter-share-button\" data-url=\"https:\/\/www.caritasne2.org.br\/site\/caritas-ne2-participa-de-mobilizacoes-contra-abuso-exploracao-sexual-infanto-juvenil\/\">&nbsp;<\/a><script>!function(d,s,id){var js,fjs=d.getElementsByTagName(s)[0],p=\/^http:\/.test(d.location)?'http':'https';if(!d.getElementById(id)){js=d.createElement(s);js.id=id;js.src=p+':\/\/platform.twitter.com\/widgets.js';fjs.parentNode.insertBefore(js,fjs);}}(document, 'script', 'twitter-wjs');<\/script><\/li><li class=\"gplus\" style=\"width:68px\"><div class=\"g-plusone\" data-size=\"medium\" data-href=\"https:\/\/www.caritasne2.org.br\/site\/caritas-ne2-participa-de-mobilizacoes-contra-abuso-exploracao-sexual-infanto-juvenil\/\"><\/div><\/li><li class=\"ssb_linkedin\" style=\"width:64px\"><script src=\"\/\/platform.linkedin.com\/in.js\" type=\"text\/javascript\">lang: en_US<\/script><script type=\"IN\/Share\" data-url=\"https:\/\/www.caritasne2.org.br\/site\/caritas-ne2-participa-de-mobilizacoes-contra-abuso-exploracao-sexual-infanto-juvenil\/\" data-counter=\"right\"><\/script><\/li><\/ul>","protected":false},"excerpt":{"rendered":"<p>O dia 18 de maio \u00e9 refer\u00eancia no calend\u00e1rio de muitas institui\u00e7\u00f5es, como a C\u00e1ritas Regional NE2, por ser uma data importante na luta contra o abuso e a explora\u00e7\u00e3o sexual de crian\u00e7as e adolescentes. E, nesse contexto, equipes do Programa Inf\u00e2ncia, Adolesc\u00eancia e Juventude (PIAJ) do Regional, no Recife (PE), da A\u00e7\u00e3o Social Diocesana de Patos, na pr\u00f3pria cidade paraibana, e da C\u00e1ritas Diocesana [&hellip;]<\/p>\n<ul class=\"ssb_list_wrapper\"><li class=\"fb2\" style=\"width:135px\"><iframe src=\"\/\/www.facebook.com\/plugins\/like.php?href=https%3A%2F%2Fwww.caritasne2.org.br%2Fsite%2Fcaritas-ne2-participa-de-mobilizacoes-contra-abuso-exploracao-sexual-infanto-juvenil%2F&amp;layout=button_count&amp;action=like&amp;show_faces=false&amp;share=true&amp;width=135&amp;height=21&amp;appId=307091639398582\" scrolling=\"no\" frameborder=\"0\" style=\"border:none; overflow:hidden;  width:150px; height:21px;\" allowTransparency=\"true\"><\/iframe><\/li><li class=\"twtr\" style=\"width:90px\"><a href=\"https:\/\/twitter.com\/share\" class=\"twitter-share-button\" data-url=\"https:\/\/www.caritasne2.org.br\/site\/caritas-ne2-participa-de-mobilizacoes-contra-abuso-exploracao-sexual-infanto-juvenil\/\">&nbsp;<\/a><script>!function(d,s,id){var js,fjs=d.getElementsByTagName(s)[0],p=\/^http:\/.test(d.location)?'http':'https';if(!d.getElementById(id)){js=d.createElement(s);js.id=id;js.src=p+':\/\/platform.twitter.com\/widgets.js';fjs.parentNode.insertBefore(js,fjs);}}(document, 'script', 'twitter-wjs');<\/script><\/li><li class=\"gplus\" style=\"width:68px\"><div class=\"g-plusone\" data-size=\"medium\" data-href=\"https:\/\/www.caritasne2.org.br\/site\/caritas-ne2-participa-de-mobilizacoes-contra-abuso-exploracao-sexual-infanto-juvenil\/\"><\/div><\/li><li class=\"ssb_linkedin\" style=\"width:64px\"><script src=\"\/\/platform.linkedin.com\/in.js\" type=\"text\/javascript\">lang: en_US<\/script><script type=\"IN\/Share\" data-url=\"https:\/\/www.caritasne2.org.br\/site\/caritas-ne2-participa-de-mobilizacoes-contra-abuso-exploracao-sexual-infanto-juvenil\/\" data-counter=\"right\"><\/script><\/li><\/ul>","protected":false},"author":4,"featured_media":3372,"comment_status":"open","ping_status":"open","sticky":false,"template":"","format":"standard","meta":[],"categories":[20,105],"tags":[758,59,659,759,67,760,156,761,87,638],"_links":{"self":[{"href":"https:\/\/www.caritasne2.org.br\/site\/wp-json\/wp\/v2\/posts\/3364"}],"collection":[{"href":"https:\/\/www.caritasne2.org.br\/site\/wp-json\/wp\/v2\/posts"}],"about":[{"href":"https:\/\/www.caritasne2.org.br\/site\/wp-json\/wp\/v2\/types\/post"}],"author":[{"embeddable":true,"href":"https:\/\/www.caritasne2.org.br\/site\/wp-json\/wp\/v2\/users\/4"}],"replies":[{"embeddable":true,"href":"https:\/\/www.caritasne2.org.br\/site\/wp-json\/wp\/v2\/comments?post=3364"}],"version-history":[{"count":0,"href":"https:\/\/www.caritasne2.org.br\/site\/wp-json\/wp\/v2\/posts\/3364\/revisions"}],"wp:featuredmedia":[{"embeddable":true,"href":"https:\/\/www.caritasne2.org.br\/site\/wp-json\/"}],"wp:attachment":[{"href":"https:\/\/www.caritasne2.org.br\/site\/wp-json\/wp\/v2\/media?parent=3364"}],"wp:term":[{"taxonomy":"category","embeddable":true,"href":"https:\/\/www.caritasne2.org.br\/site\/wp-json\/wp\/v2\/categories?post=3364"},{"taxonomy":"post_tag","embeddable":true,"href":"https:\/\/www.caritasne2.org.br\/site\/wp-json\/wp\/v2\/tags?post=3364"}],"curies":[{"name":"wp","href":"https:\/\/api.w.org\/{rel}","templated":true}]}}