{"id":3330,"date":"2016-04-29T08:35:08","date_gmt":"2016-04-29T11:35:08","guid":{"rendered":"http:\/\/ne2.caritas.org.br.s174889.gridserver.com\/?p=3330"},"modified":"2017-07-11T15:18:01","modified_gmt":"2017-07-11T18:18:01","slug":"caritas-diocesanas-regional-participam-de-encontro-nacional-de-fe-politica","status":"publish","type":"post","link":"https:\/\/www.caritasne2.org.br\/site\/caritas-diocesanas-regional-participam-de-encontro-nacional-de-fe-politica\/","title":{"rendered":"C\u00e1ritas diocesanas do Regional participam de encontro nacional de F\u00e9 e Pol\u00edtica"},"content":{"rendered":"<p style=\"text-align: justify;\">O 10o Encontro Nacional do Movimento de F\u00e9 e Pol\u00edtica reuniu, em Campina Grande (PB), de 22 a 24 de abril, lideran\u00e7as e fieis de diversas express\u00f5es religiosas do pa\u00eds. Os participantes, tomando como refer\u00eancia a pol\u00edtica como ferramenta de transforma\u00e7\u00e3o social, puderam, ao longo da programa\u00e7\u00e3o, refletir e celebrar coletivamente a partir das contribui\u00e7\u00f5es da Regi\u00e3o Nordeste.<a href=\"http:\/\/ne2.caritas.org.br.s174889.gridserver.com\/2016\/04\/29\/caritas-diocesanas-regional-participam-de-encontro-nacional-de-fe-politica\/25997566993_553a081487_o\/\" rel=\"attachment wp-att-3336\"><img decoding=\"async\" loading=\"lazy\" class=\"alignright size-medium wp-image-3336\" title=\"25997566993_553a081487_o\" src=\"http:\/\/ne2.caritas.org.br.s174889.gridserver.com\/wp-content\/uploads\/2016\/04\/25997566993_553a081487_o-300x224.jpg\" alt=\"\" width=\"300\" height=\"224\" \/><\/a><\/p>\n<p style=\"text-align: justify;\">A C\u00e1ritas Diocesana de Campina Grande participou da organiza\u00e7\u00e3o do evento que, al\u00e9m de mobilizar e discutir v\u00e1rios temas, \u00e0 luz do tema \u201cBem Viver, \u00c1guas da Solidariedade, Sementes de Esperan\u00e7a\u201d, tamb\u00e9m homenageou o centen\u00e1rio de nascimento de Dom Luiz Gonzaga, que foi bispo da diocese sede do evento no s\u00e9culo passado e se destacou pelo di\u00e1logo ecum\u00eanico e inter-religioso.<\/p>\n<p style=\"text-align: justify;\">Al\u00e9m dele, foram lembrados, na oficina sobre a caminhada da Igreja Cat\u00f3lica no Nordeste, conduzida pelo bispo acompanhante das Pastorais Sociais da CNBB NE2, Dom Jos\u00e9 Luiz Salles, os nomes e as pr\u00e1xis pastorais de Dom H\u00e9lder C\u00e2mara e Padres C\u00edcero e Ibiapina.<\/p>\n<p style=\"text-align: justify;\">Segundo o agente C\u00e1ritas e assessor regional das Pastorais Sociais, Marcos Bezerra, a exposi\u00e7\u00e3o dessas biografias foi associada aos atuais discursos do atual pontificado. \u201c\u00c9 importante ver que a caminhada, no ch\u00e3o nordestino, da Igreja tem rela\u00e7\u00e3o com o que Papa Francisco tem nos ensinado e isso nos motiva a avan\u00e7ar nas nossas experi\u00eancias\u201d, salientou.<\/p>\n<p style=\"text-align: justify;\"><a href=\"http:\/\/ne2.caritas.org.br.s174889.gridserver.com\/2016\/04\/29\/caritas-diocesanas-regional-participam-de-encontro-nacional-de-fe-politica\/26623292716_dd35a071ac_o\/\" rel=\"attachment wp-att-3333\"><img decoding=\"async\" loading=\"lazy\" class=\"alignleft size-medium wp-image-3333\" title=\"26623292716_dd35a071ac_o\" src=\"http:\/\/ne2.caritas.org.br.s174889.gridserver.com\/wp-content\/uploads\/2016\/04\/26623292716_dd35a071ac_o-300x168.jpg\" alt=\"\" width=\"300\" height=\"168\" \/><\/a>Nas atividades do evento, tamb\u00e9m participaram as C\u00e1ritas Arquidiocesana de Macei\u00f3 e diocesanas de Palmeira dos \u00cdndios, Penedo, de Alagoas, Pesqueira, de Pernambuco, Caic\u00f3, do Rio Grande do Norte, e Guarabira, da Para\u00edba. Estavam tamb\u00e9m, como representa\u00e7\u00f5es regional NE2 e nacional, Angelo Zanr\u00e9 e Jaime Conrado, respectivamente.<\/p>\n<p style=\"text-align: justify;\">Outras diversas interven\u00e7\u00f5es e contribui\u00e7\u00f5es foram dadas, no encontro, por cerca de cem alunos formados na Escola Regional F\u00e9 e Pol\u00edtica Pe. Humberto Plummen, iniciativa que tem atuado, ao longo dos \u00faltimos 11 anos, na capacita\u00e7\u00e3o dos agentes pastorais.<\/p>\n<p style=\"text-align: justify;\">\u00a0Por Wagner Cesario | Assessoria de Comunica\u00e7\u00e3o da C\u00e1ritas Brasileira \u2013 Regional NE2<\/p>\n<p style=\"text-align: justify;\">\n<ul class=\"ssb_list_wrapper\"><li class=\"fb2\" style=\"width:135px\"><iframe src=\"\/\/www.facebook.com\/plugins\/like.php?href=https%3A%2F%2Fwww.caritasne2.org.br%2Fsite%2Fcaritas-diocesanas-regional-participam-de-encontro-nacional-de-fe-politica%2F&amp;layout=button_count&amp;action=like&amp;show_faces=false&amp;share=true&amp;width=135&amp;height=21&amp;appId=307091639398582\" scrolling=\"no\" frameborder=\"0\" style=\"border:none; overflow:hidden;  width:150px; height:21px;\" allowTransparency=\"true\"><\/iframe><\/li><li class=\"twtr\" style=\"width:90px\"><a href=\"https:\/\/twitter.com\/share\" class=\"twitter-share-button\" data-url=\"https:\/\/www.caritasne2.org.br\/site\/caritas-diocesanas-regional-participam-de-encontro-nacional-de-fe-politica\/\">&nbsp;<\/a><script>!function(d,s,id){var js,fjs=d.getElementsByTagName(s)[0],p=\/^http:\/.test(d.location)?'http':'https';if(!d.getElementById(id)){js=d.createElement(s);js.id=id;js.src=p+':\/\/platform.twitter.com\/widgets.js';fjs.parentNode.insertBefore(js,fjs);}}(document, 'script', 'twitter-wjs');<\/script><\/li><li class=\"gplus\" style=\"width:68px\"><div class=\"g-plusone\" data-size=\"medium\" data-href=\"https:\/\/www.caritasne2.org.br\/site\/caritas-diocesanas-regional-participam-de-encontro-nacional-de-fe-politica\/\"><\/div><\/li><li class=\"ssb_linkedin\" style=\"width:64px\"><script src=\"\/\/platform.linkedin.com\/in.js\" type=\"text\/javascript\">lang: en_US<\/script><script type=\"IN\/Share\" data-url=\"https:\/\/www.caritasne2.org.br\/site\/caritas-diocesanas-regional-participam-de-encontro-nacional-de-fe-politica\/\" data-counter=\"right\"><\/script><\/li><\/ul>","protected":false},"excerpt":{"rendered":"<p>O 10o Encontro Nacional do Movimento de F\u00e9 e Pol\u00edtica reuniu, em Campina Grande (PB), de 22 a 24 de abril, lideran\u00e7as e fieis de diversas express\u00f5es religiosas do pa\u00eds. Os participantes, tomando como refer\u00eancia a pol\u00edtica como ferramenta de transforma\u00e7\u00e3o social, puderam, ao longo da programa\u00e7\u00e3o, refletir e celebrar coletivamente a partir das contribui\u00e7\u00f5es da Regi\u00e3o Nordeste. A C\u00e1ritas Diocesana de Campina Grande participou [&hellip;]<\/p>\n<ul class=\"ssb_list_wrapper\"><li class=\"fb2\" style=\"width:135px\"><iframe src=\"\/\/www.facebook.com\/plugins\/like.php?href=https%3A%2F%2Fwww.caritasne2.org.br%2Fsite%2Fcaritas-diocesanas-regional-participam-de-encontro-nacional-de-fe-politica%2F&amp;layout=button_count&amp;action=like&amp;show_faces=false&amp;share=true&amp;width=135&amp;height=21&amp;appId=307091639398582\" scrolling=\"no\" frameborder=\"0\" style=\"border:none; overflow:hidden;  width:150px; height:21px;\" allowTransparency=\"true\"><\/iframe><\/li><li class=\"twtr\" style=\"width:90px\"><a href=\"https:\/\/twitter.com\/share\" class=\"twitter-share-button\" data-url=\"https:\/\/www.caritasne2.org.br\/site\/caritas-diocesanas-regional-participam-de-encontro-nacional-de-fe-politica\/\">&nbsp;<\/a><script>!function(d,s,id){var js,fjs=d.getElementsByTagName(s)[0],p=\/^http:\/.test(d.location)?'http':'https';if(!d.getElementById(id)){js=d.createElement(s);js.id=id;js.src=p+':\/\/platform.twitter.com\/widgets.js';fjs.parentNode.insertBefore(js,fjs);}}(document, 'script', 'twitter-wjs');<\/script><\/li><li class=\"gplus\" style=\"width:68px\"><div class=\"g-plusone\" data-size=\"medium\" data-href=\"https:\/\/www.caritasne2.org.br\/site\/caritas-diocesanas-regional-participam-de-encontro-nacional-de-fe-politica\/\"><\/div><\/li><li class=\"ssb_linkedin\" style=\"width:64px\"><script src=\"\/\/platform.linkedin.com\/in.js\" type=\"text\/javascript\">lang: en_US<\/script><script type=\"IN\/Share\" data-url=\"https:\/\/www.caritasne2.org.br\/site\/caritas-diocesanas-regional-participam-de-encontro-nacional-de-fe-politica\/\" data-counter=\"right\"><\/script><\/li><\/ul>","protected":false},"author":4,"featured_media":3334,"comment_status":"open","ping_status":"open","sticky":false,"template":"","format":"standard","meta":[],"categories":[482,20],"tags":[46,67,756],"_links":{"self":[{"href":"https:\/\/www.caritasne2.org.br\/site\/wp-json\/wp\/v2\/posts\/3330"}],"collection":[{"href":"https:\/\/www.caritasne2.org.br\/site\/wp-json\/wp\/v2\/posts"}],"about":[{"href":"https:\/\/www.caritasne2.org.br\/site\/wp-json\/wp\/v2\/types\/post"}],"author":[{"embeddable":true,"href":"https:\/\/www.caritasne2.org.br\/site\/wp-json\/wp\/v2\/users\/4"}],"replies":[{"embeddable":true,"href":"https:\/\/www.caritasne2.org.br\/site\/wp-json\/wp\/v2\/comments?post=3330"}],"version-history":[{"count":0,"href":"https:\/\/www.caritasne2.org.br\/site\/wp-json\/wp\/v2\/posts\/3330\/revisions"}],"wp:featuredmedia":[{"embeddable":true,"href":"https:\/\/www.caritasne2.org.br\/site\/wp-json\/"}],"wp:attachment":[{"href":"https:\/\/www.caritasne2.org.br\/site\/wp-json\/wp\/v2\/media?parent=3330"}],"wp:term":[{"taxonomy":"category","embeddable":true,"href":"https:\/\/www.caritasne2.org.br\/site\/wp-json\/wp\/v2\/categories?post=3330"},{"taxonomy":"post_tag","embeddable":true,"href":"https:\/\/www.caritasne2.org.br\/site\/wp-json\/wp\/v2\/tags?post=3330"}],"curies":[{"name":"wp","href":"https:\/\/api.w.org\/{rel}","templated":true}]}}