{"id":3324,"date":"2016-04-27T13:01:26","date_gmt":"2016-04-27T16:01:26","guid":{"rendered":"http:\/\/ne2.caritas.org.br.s174889.gridserver.com\/?p=3324"},"modified":"2017-07-11T15:18:01","modified_gmt":"2017-07-11T18:18:01","slug":"manual-sobre-enfrentamento-a-violencia-escolar-sera-lancado-nesta-tarde","status":"publish","type":"post","link":"https:\/\/www.caritasne2.org.br\/site\/manual-sobre-enfrentamento-a-violencia-escolar-sera-lancado-nesta-tarde\/","title":{"rendered":"Manual sobre enfrentamento \u00e0 viol\u00eancia escolar ser\u00e1 lan\u00e7ado nesta tarde"},"content":{"rendered":"<p>A C\u00e1ritas Regional Nordeste 2 e outras quatro institui\u00e7\u00f5es lan\u00e7am o manual \u201cViol\u00eancia no Espa\u00e7o Escolar \u2013 uma proposta de interven\u00e7\u00e3o\u201d, na tarde desta quarta-feira (27), \u00e0s 15h, no audit\u00f3rio da Fafire, no bairro da Boa Vista, regi\u00e3o central do Recife.<\/p>\n<p>A publica\u00e7\u00e3o, organizada pela pedagoga Patr\u00edcia Santos, \u00e9 fruto do projeto \u201cRedu\u00e7\u00e3o de Viol\u00eancia no Espa\u00e7o Escolar atrav\u00e9s do Protagonismo Juvenil no Nordeste Brasileiro\u201d, iniciado h\u00e1 3 anos e desenvolvido em 10 escolas p\u00fablicas do Recife e de Olinda, em Pernambuco, e de Bayeux, na Para\u00edba. A partir das experi\u00eancias exitosas, foi elaborado um roteiro de processos que tem como objetivo, no desenvolvimento das a\u00e7\u00f5es, favorecer a inser\u00e7\u00e3o dos estudantes no seu pr\u00f3prio contexto, estimulando a pesquisa e a cria\u00e7\u00e3o de iniciativas, que melhorem os v\u00ednculos com seu lugar (escola\/comunidade) e com as pessoas que eles convivem.<\/p>\n<p>No lan\u00e7amento, est\u00e3o previstas as presen\u00e7as de gestores e estudantes das unidades escolares acompanhadas, especialistas de organiza\u00e7\u00f5es que atuam no enfrentamento \u00e0 viol\u00eancia e representantes e educadores das institui\u00e7\u00f5es. Al\u00e9m da C\u00e1ritas Regional NE2, que atua em duas escolas da capital pernambucana, h\u00e1 tamb\u00e9m o envolvimento, nesse projeto, das organiza\u00e7\u00f5es Ruas e Pra\u00e7as e Grupo Adolescer, ambas tamb\u00e9m em Recife (PE); Coletivo Mulher Vida, em Olinda (PE); e Servi\u00e7o Pastoral do Migrante NE, em Bayeux (PB).<\/p>\n<p>O projeto, bem como a publica\u00e7\u00e3o, contam com o apoio da C\u00e1ritas Alem\u00e3 e da Coopera\u00e7\u00e3o Alem\u00e3.<\/p>\n<p>Por Wagner Cesario | Assessoria de Comunica\u00e7\u00e3o da C\u00e1ritas Brasileira \u2013 Regional NE2<\/p>\n<p>&nbsp;<\/p>\n<ul class=\"ssb_list_wrapper\"><li class=\"fb2\" style=\"width:135px\"><iframe src=\"\/\/www.facebook.com\/plugins\/like.php?href=https%3A%2F%2Fwww.caritasne2.org.br%2Fsite%2Fmanual-sobre-enfrentamento-a-violencia-escolar-sera-lancado-nesta-tarde%2F&amp;layout=button_count&amp;action=like&amp;show_faces=false&amp;share=true&amp;width=135&amp;height=21&amp;appId=307091639398582\" scrolling=\"no\" frameborder=\"0\" style=\"border:none; overflow:hidden;  width:150px; height:21px;\" allowTransparency=\"true\"><\/iframe><\/li><li class=\"twtr\" style=\"width:90px\"><a href=\"https:\/\/twitter.com\/share\" class=\"twitter-share-button\" data-url=\"https:\/\/www.caritasne2.org.br\/site\/manual-sobre-enfrentamento-a-violencia-escolar-sera-lancado-nesta-tarde\/\">&nbsp;<\/a><script>!function(d,s,id){var js,fjs=d.getElementsByTagName(s)[0],p=\/^http:\/.test(d.location)?'http':'https';if(!d.getElementById(id)){js=d.createElement(s);js.id=id;js.src=p+':\/\/platform.twitter.com\/widgets.js';fjs.parentNode.insertBefore(js,fjs);}}(document, 'script', 'twitter-wjs');<\/script><\/li><li class=\"gplus\" style=\"width:68px\"><div class=\"g-plusone\" data-size=\"medium\" data-href=\"https:\/\/www.caritasne2.org.br\/site\/manual-sobre-enfrentamento-a-violencia-escolar-sera-lancado-nesta-tarde\/\"><\/div><\/li><li class=\"ssb_linkedin\" style=\"width:64px\"><script src=\"\/\/platform.linkedin.com\/in.js\" type=\"text\/javascript\">lang: en_US<\/script><script type=\"IN\/Share\" data-url=\"https:\/\/www.caritasne2.org.br\/site\/manual-sobre-enfrentamento-a-violencia-escolar-sera-lancado-nesta-tarde\/\" data-counter=\"right\"><\/script><\/li><\/ul>","protected":false},"excerpt":{"rendered":"<p>A C\u00e1ritas Regional Nordeste 2 e outras quatro institui\u00e7\u00f5es lan\u00e7am o manual \u201cViol\u00eancia no Espa\u00e7o Escolar \u2013 uma proposta de interven\u00e7\u00e3o\u201d, na tarde desta quarta-feira (27), \u00e0s 15h, no audit\u00f3rio da Fafire, no bairro da Boa Vista, regi\u00e3o central do Recife. A publica\u00e7\u00e3o, organizada pela pedagoga Patr\u00edcia Santos, \u00e9 fruto do projeto \u201cRedu\u00e7\u00e3o de Viol\u00eancia no Espa\u00e7o Escolar atrav\u00e9s do Protagonismo Juvenil no Nordeste Brasileiro\u201d, [&hellip;]<\/p>\n<ul class=\"ssb_list_wrapper\"><li class=\"fb2\" style=\"width:135px\"><iframe src=\"\/\/www.facebook.com\/plugins\/like.php?href=https%3A%2F%2Fwww.caritasne2.org.br%2Fsite%2Fmanual-sobre-enfrentamento-a-violencia-escolar-sera-lancado-nesta-tarde%2F&amp;layout=button_count&amp;action=like&amp;show_faces=false&amp;share=true&amp;width=135&amp;height=21&amp;appId=307091639398582\" scrolling=\"no\" frameborder=\"0\" style=\"border:none; overflow:hidden;  width:150px; height:21px;\" allowTransparency=\"true\"><\/iframe><\/li><li class=\"twtr\" style=\"width:90px\"><a href=\"https:\/\/twitter.com\/share\" class=\"twitter-share-button\" data-url=\"https:\/\/www.caritasne2.org.br\/site\/manual-sobre-enfrentamento-a-violencia-escolar-sera-lancado-nesta-tarde\/\">&nbsp;<\/a><script>!function(d,s,id){var js,fjs=d.getElementsByTagName(s)[0],p=\/^http:\/.test(d.location)?'http':'https';if(!d.getElementById(id)){js=d.createElement(s);js.id=id;js.src=p+':\/\/platform.twitter.com\/widgets.js';fjs.parentNode.insertBefore(js,fjs);}}(document, 'script', 'twitter-wjs');<\/script><\/li><li class=\"gplus\" style=\"width:68px\"><div class=\"g-plusone\" data-size=\"medium\" data-href=\"https:\/\/www.caritasne2.org.br\/site\/manual-sobre-enfrentamento-a-violencia-escolar-sera-lancado-nesta-tarde\/\"><\/div><\/li><li class=\"ssb_linkedin\" style=\"width:64px\"><script src=\"\/\/platform.linkedin.com\/in.js\" type=\"text\/javascript\">lang: en_US<\/script><script type=\"IN\/Share\" data-url=\"https:\/\/www.caritasne2.org.br\/site\/manual-sobre-enfrentamento-a-violencia-escolar-sera-lancado-nesta-tarde\/\" data-counter=\"right\"><\/script><\/li><\/ul>","protected":false},"author":4,"featured_media":3325,"comment_status":"open","ping_status":"open","sticky":false,"template":"","format":"standard","meta":[],"categories":[20,105],"tags":[745,46,67,746,755,87,384],"_links":{"self":[{"href":"https:\/\/www.caritasne2.org.br\/site\/wp-json\/wp\/v2\/posts\/3324"}],"collection":[{"href":"https:\/\/www.caritasne2.org.br\/site\/wp-json\/wp\/v2\/posts"}],"about":[{"href":"https:\/\/www.caritasne2.org.br\/site\/wp-json\/wp\/v2\/types\/post"}],"author":[{"embeddable":true,"href":"https:\/\/www.caritasne2.org.br\/site\/wp-json\/wp\/v2\/users\/4"}],"replies":[{"embeddable":true,"href":"https:\/\/www.caritasne2.org.br\/site\/wp-json\/wp\/v2\/comments?post=3324"}],"version-history":[{"count":0,"href":"https:\/\/www.caritasne2.org.br\/site\/wp-json\/wp\/v2\/posts\/3324\/revisions"}],"wp:featuredmedia":[{"embeddable":true,"href":"https:\/\/www.caritasne2.org.br\/site\/wp-json\/"}],"wp:attachment":[{"href":"https:\/\/www.caritasne2.org.br\/site\/wp-json\/wp\/v2\/media?parent=3324"}],"wp:term":[{"taxonomy":"category","embeddable":true,"href":"https:\/\/www.caritasne2.org.br\/site\/wp-json\/wp\/v2\/categories?post=3324"},{"taxonomy":"post_tag","embeddable":true,"href":"https:\/\/www.caritasne2.org.br\/site\/wp-json\/wp\/v2\/tags?post=3324"}],"curies":[{"name":"wp","href":"https:\/\/api.w.org\/{rel}","templated":true}]}}