{"id":3305,"date":"2016-04-27T11:07:12","date_gmt":"2016-04-27T14:07:12","guid":{"rendered":"http:\/\/ne2.caritas.org.br.s174889.gridserver.com\/?p=3305"},"modified":"2017-07-11T15:18:01","modified_gmt":"2017-07-11T18:18:01","slug":"campanha-arrecada-recursos-para-cisternas-em-prol-de-indigenas","status":"publish","type":"post","link":"https:\/\/www.caritasne2.org.br\/site\/campanha-arrecada-recursos-para-cisternas-em-prol-de-indigenas\/","title":{"rendered":"Campanha arrecada recursos para cisternas em prol de ind\u00edgenas"},"content":{"rendered":"<p>A C\u00e1ritas Diocesana de Palmeira dos \u00cdndios (CDPI) iniciou, neste m\u00eas de abril, a campanha de capta\u00e7\u00e3o de recursos para a implanta\u00e7\u00e3o de cisternas que beneficiar\u00e3o 42 fam\u00edlias ind\u00edgenas das comunidades Gangorra, Janu\u00e1ria, Greg\u00f3rio, Batatal e Lajeiro do Couro, no munic\u00edpio de \u00c1gua Branca, Alto Sert\u00e3o de Alagoas. A inten\u00e7\u00e3o da C\u00e1ritas \u00e9 minimizar, com o uso das tecnologias sociais, os efeitos das estiagens prolongadas que atingem as regi\u00f5es semi\u00e1ridas.<\/p>\n<p><a href=\"http:\/\/ne2.caritas.org.br.s174889.gridserver.com\/2016\/04\/27\/campanha-arrecada-recursos-para-cisternas-em-prol-de-indigenas\/mulheres-kalanko\/\" rel=\"attachment wp-att-3310\"><img decoding=\"async\" loading=\"lazy\" class=\"alignleft size-medium wp-image-3310\" title=\"Mulheres Kalank\u00f3\" src=\"http:\/\/ne2.caritas.org.br.s174889.gridserver.com\/wp-content\/uploads\/2016\/04\/Mulheres-Kalank\u00f3-300x200.jpg\" alt=\"\" width=\"300\" height=\"200\" \/><\/a>A primeira iniciativa foi realizada junto ao p\u00fablico que vai ser beneficiado. Com uma oficina, ministrada em parceria com o Coletivo Macambira, foram levantados dados socioculturais, discutidos temas relacionados ao gerenciamento de recursos h\u00eddricos e conviv\u00eancia com o Semi\u00e1rido e constru\u00eddos o tema e o lema da campanha que s\u00e3o, respectivamente, \u201cCampanha de Solidariedade ao Povo Kalank\u00f3\u201d e \u201cEis que eu vejo uma pequena nuvem, como a m\u00e3o de um homem\u201d(1 Reis, 18:44).<\/p>\n<p>Al\u00e9m disso, as crian\u00e7as das comunidades tamb\u00e9m foram envolvidas em atividades de l\u00fadicas, ligadas \u00e0 cultura ind\u00edgena. Segundo Simone Lopes, volunt\u00e1ria da CDPI, na oficina, foi poss\u00edvel perceber o sentimento de resist\u00eancia e de luta do povo Kalank\u00f3 pelo territ\u00f3rio tradicional, com a viv\u00eancia, por exemplo, de rituais. Ela ainda ressalta que a mem\u00f3ria \u00e9 muito viva daqueles que participaram das frentes de servi\u00e7o do governo, em \u00e9pocas passadas. \u201cCom essa campanha, que tem tudo a ver com a nossa miss\u00e3o institucional, queremos oferecer condi\u00e7\u00f5es que promovam a dignidade da pessoa humana. A \u00e1gua enquanto direito e a cisterna como instrumento de ruptura da ind\u00fastria da seca, a primeira, sinal de vida, e, a segunda, conviv\u00eancia com o semi\u00e1rido\u201d, destaca.<\/p>\n<p><img decoding=\"async\" loading=\"lazy\" class=\"alignright size-medium wp-image-3306\" title=\"CARTAZ - Campanha de Solidariedade ao Povo Kalank\u00f3 - C\u00c1RITAS - 2016\" src=\"http:\/\/ne2.caritas.org.br.s174889.gridserver.com\/wp-content\/uploads\/2016\/04\/CARTAZ-Campanha-de-Solidariedade-ao-Povo-Kalank\u00f3-C\u00c1RITAS-2016-300x195.jpg\" alt=\"\" width=\"300\" height=\"195\" \/><\/p>\n<p>Pessoas f\u00edsicas e jur\u00eddicas poder\u00e3o fazer doa\u00e7\u00f5es para a campanha, realizando dep\u00f3sitos na conta 22.222-4, do Banco do Brasil, ag\u00eancia 0136-8, direcionada \u00e0 C\u00e1ritas Diocesana de Palmeira dos \u00edndios.<\/p>\n<p><strong>Povo Kalank\u00f3 e a C\u00e1ritas<\/strong><\/p>\n<p>As comunidades Kalank\u00f3 formam uma popula\u00e7\u00e3o de cerca de 390 pessoas e s\u00e3o conhecidas pela conviv\u00eancia harm\u00f4nica com os \u201cn\u00e3o-\u00edndios\u201d, distribu\u00eddas nos estados de Alagoas e Bahia.<\/p>\n<p>A principal fonte de renda \u00e9 a agricultura, com a produ\u00e7\u00e3o de milho e feij\u00e3o, al\u00e9m da cria\u00e7\u00e3o de pequenos animais, presente nas pequenas propriedades.<br \/>\n<a href=\"http:\/\/ne2.caritas.org.br.s174889.gridserver.com\/2016\/04\/27\/campanha-arrecada-recursos-para-cisternas-em-prol-de-indigenas\/crianacas-kalanko1\/\" rel=\"attachment wp-att-3311\"><img decoding=\"async\" loading=\"lazy\" class=\"alignleft size-medium wp-image-3311\" title=\"Criana\u00e7as Kalank\u00f31\" src=\"http:\/\/ne2.caritas.org.br.s174889.gridserver.com\/wp-content\/uploads\/2016\/04\/Criana\u00e7as-Kalank\u00f31-300x200.jpg\" alt=\"\" width=\"300\" height=\"200\" \/><\/a>Essa campanha n\u00e3o \u00e9 a primeira a\u00e7\u00e3o da C\u00e1ritas junto \u00e0 popula\u00e7\u00e3o Kalank\u00f3. Em outras ocasi\u00f5es, dentro dessa perspectiva de conviv\u00eancia com o Semi\u00e1rido, houve a doa\u00e7\u00e3o de pequenos animais, a partir da metodologia de fundos solid\u00e1rios, bem como a implementa\u00e7\u00e3o de banco comunit\u00e1rio de sementes e cisternas de Placas de Consumo Humano.<\/p>\n<p>Por Wagner Cesario | Assessoria de Comunica\u00e7\u00e3o da C\u00e1ritas Brasileira \u2013 Regional NE2<\/p>\n<ul class=\"ssb_list_wrapper\"><li class=\"fb2\" style=\"width:135px\"><iframe src=\"\/\/www.facebook.com\/plugins\/like.php?href=https%3A%2F%2Fwww.caritasne2.org.br%2Fsite%2Fcampanha-arrecada-recursos-para-cisternas-em-prol-de-indigenas%2F&amp;layout=button_count&amp;action=like&amp;show_faces=false&amp;share=true&amp;width=135&amp;height=21&amp;appId=307091639398582\" scrolling=\"no\" frameborder=\"0\" style=\"border:none; overflow:hidden;  width:150px; height:21px;\" allowTransparency=\"true\"><\/iframe><\/li><li class=\"twtr\" style=\"width:90px\"><a href=\"https:\/\/twitter.com\/share\" class=\"twitter-share-button\" data-url=\"https:\/\/www.caritasne2.org.br\/site\/campanha-arrecada-recursos-para-cisternas-em-prol-de-indigenas\/\">&nbsp;<\/a><script>!function(d,s,id){var js,fjs=d.getElementsByTagName(s)[0],p=\/^http:\/.test(d.location)?'http':'https';if(!d.getElementById(id)){js=d.createElement(s);js.id=id;js.src=p+':\/\/platform.twitter.com\/widgets.js';fjs.parentNode.insertBefore(js,fjs);}}(document, 'script', 'twitter-wjs');<\/script><\/li><li class=\"gplus\" style=\"width:68px\"><div class=\"g-plusone\" data-size=\"medium\" data-href=\"https:\/\/www.caritasne2.org.br\/site\/campanha-arrecada-recursos-para-cisternas-em-prol-de-indigenas\/\"><\/div><\/li><li class=\"ssb_linkedin\" style=\"width:64px\"><script src=\"\/\/platform.linkedin.com\/in.js\" type=\"text\/javascript\">lang: en_US<\/script><script type=\"IN\/Share\" data-url=\"https:\/\/www.caritasne2.org.br\/site\/campanha-arrecada-recursos-para-cisternas-em-prol-de-indigenas\/\" data-counter=\"right\"><\/script><\/li><\/ul>","protected":false},"excerpt":{"rendered":"<p>A C\u00e1ritas Diocesana de Palmeira dos \u00cdndios (CDPI) iniciou, neste m\u00eas de abril, a campanha de capta\u00e7\u00e3o de recursos para a implanta\u00e7\u00e3o de cisternas que beneficiar\u00e3o 42 fam\u00edlias ind\u00edgenas das comunidades Gangorra, Janu\u00e1ria, Greg\u00f3rio, Batatal e Lajeiro do Couro, no munic\u00edpio de \u00c1gua Branca, Alto Sert\u00e3o de Alagoas. A inten\u00e7\u00e3o da C\u00e1ritas \u00e9 minimizar, com o uso das tecnologias sociais, os efeitos das estiagens prolongadas [&hellip;]<\/p>\n<ul class=\"ssb_list_wrapper\"><li class=\"fb2\" style=\"width:135px\"><iframe src=\"\/\/www.facebook.com\/plugins\/like.php?href=https%3A%2F%2Fwww.caritasne2.org.br%2Fsite%2Fcampanha-arrecada-recursos-para-cisternas-em-prol-de-indigenas%2F&amp;layout=button_count&amp;action=like&amp;show_faces=false&amp;share=true&amp;width=135&amp;height=21&amp;appId=307091639398582\" scrolling=\"no\" frameborder=\"0\" style=\"border:none; overflow:hidden;  width:150px; height:21px;\" allowTransparency=\"true\"><\/iframe><\/li><li class=\"twtr\" style=\"width:90px\"><a href=\"https:\/\/twitter.com\/share\" class=\"twitter-share-button\" data-url=\"https:\/\/www.caritasne2.org.br\/site\/campanha-arrecada-recursos-para-cisternas-em-prol-de-indigenas\/\">&nbsp;<\/a><script>!function(d,s,id){var js,fjs=d.getElementsByTagName(s)[0],p=\/^http:\/.test(d.location)?'http':'https';if(!d.getElementById(id)){js=d.createElement(s);js.id=id;js.src=p+':\/\/platform.twitter.com\/widgets.js';fjs.parentNode.insertBefore(js,fjs);}}(document, 'script', 'twitter-wjs');<\/script><\/li><li class=\"gplus\" style=\"width:68px\"><div class=\"g-plusone\" data-size=\"medium\" data-href=\"https:\/\/www.caritasne2.org.br\/site\/campanha-arrecada-recursos-para-cisternas-em-prol-de-indigenas\/\"><\/div><\/li><li class=\"ssb_linkedin\" style=\"width:64px\"><script src=\"\/\/platform.linkedin.com\/in.js\" type=\"text\/javascript\">lang: en_US<\/script><script type=\"IN\/Share\" data-url=\"https:\/\/www.caritasne2.org.br\/site\/campanha-arrecada-recursos-para-cisternas-em-prol-de-indigenas\/\" data-counter=\"right\"><\/script><\/li><\/ul>","protected":false},"author":4,"featured_media":3312,"comment_status":"open","ping_status":"open","sticky":false,"template":"","format":"standard","meta":[],"categories":[36,20],"tags":[70,59,222,752,67,753,74],"_links":{"self":[{"href":"https:\/\/www.caritasne2.org.br\/site\/wp-json\/wp\/v2\/posts\/3305"}],"collection":[{"href":"https:\/\/www.caritasne2.org.br\/site\/wp-json\/wp\/v2\/posts"}],"about":[{"href":"https:\/\/www.caritasne2.org.br\/site\/wp-json\/wp\/v2\/types\/post"}],"author":[{"embeddable":true,"href":"https:\/\/www.caritasne2.org.br\/site\/wp-json\/wp\/v2\/users\/4"}],"replies":[{"embeddable":true,"href":"https:\/\/www.caritasne2.org.br\/site\/wp-json\/wp\/v2\/comments?post=3305"}],"version-history":[{"count":0,"href":"https:\/\/www.caritasne2.org.br\/site\/wp-json\/wp\/v2\/posts\/3305\/revisions"}],"wp:featuredmedia":[{"embeddable":true,"href":"https:\/\/www.caritasne2.org.br\/site\/wp-json\/"}],"wp:attachment":[{"href":"https:\/\/www.caritasne2.org.br\/site\/wp-json\/wp\/v2\/media?parent=3305"}],"wp:term":[{"taxonomy":"category","embeddable":true,"href":"https:\/\/www.caritasne2.org.br\/site\/wp-json\/wp\/v2\/categories?post=3305"},{"taxonomy":"post_tag","embeddable":true,"href":"https:\/\/www.caritasne2.org.br\/site\/wp-json\/wp\/v2\/tags?post=3305"}],"curies":[{"name":"wp","href":"https:\/\/api.w.org\/{rel}","templated":true}]}}