{"id":3297,"date":"2016-04-26T12:19:59","date_gmt":"2016-04-26T15:19:59","guid":{"rendered":"http:\/\/ne2.caritas.org.br.s174889.gridserver.com\/?p=3297"},"modified":"2017-07-11T15:18:01","modified_gmt":"2017-07-11T18:18:01","slug":"cnbb-caritas-lancam-campanha-sos-equador","status":"publish","type":"post","link":"https:\/\/www.caritasne2.org.br\/site\/cnbb-caritas-lancam-campanha-sos-equador\/","title":{"rendered":"CNBB e C\u00e1ritas lan\u00e7am campanha SOS Equador"},"content":{"rendered":"<p>A Confer\u00eancia Nacional dos Bispos do Brasil (CNBB) e a C\u00e1ritas Brasileira deram in\u00edcio, nessa segunda-feira (25), \u00e0 campanha em solidariedade \u00e0s v\u00edtimas do terremoto no Equador, em conson\u00e2ncia com o apelo feito pelo Papa Francisco. \u201cRezemos por essas popula\u00e7\u00f5es. A ajuda de Deus lhes dar\u00e1 for\u00e7a e apoio neste momento dif\u00edcil\u201d, pediu Francisco na \u00faltima semana.<\/p>\n<p>Pelo menos 720 mil pessoas foram afetadas diretamente pelo terremoto ocorrido no dia 16 de abril e necessitam de ajuda humanit\u00e1ria urgente. O abalo alcan\u00e7ou o n\u00edvel 7,8 na escala Richter e atingiu grande parte do Equador. Esta foi a trag\u00e9dia mais grave dos \u00faltimos 67 anos no pa\u00eds. De acordo com dados da C\u00e1ritas Ecuador, o terremoto provocou a morte de mais de 600 pessoas, cerca de 130 ainda est\u00e3o desaparecidas e 26 mil ficaram desalojadas.<\/p>\n<p>Os recursos financeiros arrecadados com a Campanha de Solidariedade ao Equador &#8211; SOS Equador ser\u00e3o destinados para a\u00e7\u00f5es de socorro imediato \u00e0s v\u00edtimas (\u00e1gua pot\u00e1vel, alimentos, abrigos e atendimento a necessidades b\u00e1sicas, especialmente de crian\u00e7as, mulheres, idosos e pessoas com defici\u00eancias). Posteriormente, os recursos ser\u00e3o utilizados para a reconstru\u00e7\u00e3o das condi\u00e7\u00f5es de vida da popula\u00e7\u00e3o afetada.<\/p>\n<p>Est\u00e3o convidadas a participar desta grande corrente de ora\u00e7\u00e3o e do gesto concreto da coleta solid\u00e1ria em favor da popula\u00e7\u00e3o do Equador as dioceses, par\u00f3quias, comunidades, congrega\u00e7\u00f5es, col\u00e9gios e todas as pessoas de boa vontade, de forma a lembrar tantas m\u00e3es, pais e filhos atingidos pela trag\u00e9dia. A coleta em solidariedade \u00e0s v\u00edtimas ser\u00e1 realizada por meio das seguintes contas banc\u00e1rias, administradas pela C\u00e1ritas Brasileira em favor do povo equatoriano:<\/p>\n<p><strong>Banco do Brasil<\/strong><\/p>\n<p>Ag\u00eancia: 3475-4<\/p>\n<p>Conta Corrente: 33.362-X<\/p>\n<p><strong>Caixa Econ\u00f4mica Federal<\/strong><\/p>\n<p>Opera\u00e7\u00e3o: 003<\/p>\n<p>Ag\u00eancia: 1041<\/p>\n<p>Conta Corrente: 3824-6<\/p>\n<p>A Presid\u00eancia da CNBB e o presidente da C\u00e1ritas Brasileira convidam todos e todas a se juntar nesta Campanha de Solidariedade ao Equador e a formar uma corrente de ora\u00e7\u00e3o pelas v\u00edtimas do terremoto.<\/p>\n<p>Fonte: CNBB e C\u00e1ritas Brasileira<\/p>\n<p>&nbsp;<\/p>\n<ul class=\"ssb_list_wrapper\"><li class=\"fb2\" style=\"width:135px\"><iframe src=\"\/\/www.facebook.com\/plugins\/like.php?href=https%3A%2F%2Fwww.caritasne2.org.br%2Fsite%2Fcnbb-caritas-lancam-campanha-sos-equador%2F&amp;layout=button_count&amp;action=like&amp;show_faces=false&amp;share=true&amp;width=135&amp;height=21&amp;appId=307091639398582\" scrolling=\"no\" frameborder=\"0\" style=\"border:none; overflow:hidden;  width:150px; height:21px;\" allowTransparency=\"true\"><\/iframe><\/li><li class=\"twtr\" style=\"width:90px\"><a href=\"https:\/\/twitter.com\/share\" class=\"twitter-share-button\" data-url=\"https:\/\/www.caritasne2.org.br\/site\/cnbb-caritas-lancam-campanha-sos-equador\/\">&nbsp;<\/a><script>!function(d,s,id){var js,fjs=d.getElementsByTagName(s)[0],p=\/^http:\/.test(d.location)?'http':'https';if(!d.getElementById(id)){js=d.createElement(s);js.id=id;js.src=p+':\/\/platform.twitter.com\/widgets.js';fjs.parentNode.insertBefore(js,fjs);}}(document, 'script', 'twitter-wjs');<\/script><\/li><li class=\"gplus\" style=\"width:68px\"><div class=\"g-plusone\" data-size=\"medium\" data-href=\"https:\/\/www.caritasne2.org.br\/site\/cnbb-caritas-lancam-campanha-sos-equador\/\"><\/div><\/li><li class=\"ssb_linkedin\" style=\"width:64px\"><script src=\"\/\/platform.linkedin.com\/in.js\" type=\"text\/javascript\">lang: en_US<\/script><script type=\"IN\/Share\" data-url=\"https:\/\/www.caritasne2.org.br\/site\/cnbb-caritas-lancam-campanha-sos-equador\/\" data-counter=\"right\"><\/script><\/li><\/ul>","protected":false},"excerpt":{"rendered":"<p>A Confer\u00eancia Nacional dos Bispos do Brasil (CNBB) e a C\u00e1ritas Brasileira deram in\u00edcio, nessa segunda-feira (25), \u00e0 campanha em solidariedade \u00e0s v\u00edtimas do terremoto no Equador, em conson\u00e2ncia com o apelo feito pelo Papa Francisco. \u201cRezemos por essas popula\u00e7\u00f5es. A ajuda de Deus lhes dar\u00e1 for\u00e7a e apoio neste momento dif\u00edcil\u201d, pediu Francisco na \u00faltima semana. Pelo menos 720 mil pessoas foram afetadas diretamente [&hellip;]<\/p>\n<ul class=\"ssb_list_wrapper\"><li class=\"fb2\" style=\"width:135px\"><iframe src=\"\/\/www.facebook.com\/plugins\/like.php?href=https%3A%2F%2Fwww.caritasne2.org.br%2Fsite%2Fcnbb-caritas-lancam-campanha-sos-equador%2F&amp;layout=button_count&amp;action=like&amp;show_faces=false&amp;share=true&amp;width=135&amp;height=21&amp;appId=307091639398582\" scrolling=\"no\" frameborder=\"0\" style=\"border:none; overflow:hidden;  width:150px; height:21px;\" allowTransparency=\"true\"><\/iframe><\/li><li class=\"twtr\" style=\"width:90px\"><a href=\"https:\/\/twitter.com\/share\" class=\"twitter-share-button\" data-url=\"https:\/\/www.caritasne2.org.br\/site\/cnbb-caritas-lancam-campanha-sos-equador\/\">&nbsp;<\/a><script>!function(d,s,id){var js,fjs=d.getElementsByTagName(s)[0],p=\/^http:\/.test(d.location)?'http':'https';if(!d.getElementById(id)){js=d.createElement(s);js.id=id;js.src=p+':\/\/platform.twitter.com\/widgets.js';fjs.parentNode.insertBefore(js,fjs);}}(document, 'script', 'twitter-wjs');<\/script><\/li><li class=\"gplus\" style=\"width:68px\"><div class=\"g-plusone\" data-size=\"medium\" data-href=\"https:\/\/www.caritasne2.org.br\/site\/cnbb-caritas-lancam-campanha-sos-equador\/\"><\/div><\/li><li class=\"ssb_linkedin\" style=\"width:64px\"><script src=\"\/\/platform.linkedin.com\/in.js\" type=\"text\/javascript\">lang: en_US<\/script><script type=\"IN\/Share\" data-url=\"https:\/\/www.caritasne2.org.br\/site\/cnbb-caritas-lancam-campanha-sos-equador\/\" data-counter=\"right\"><\/script><\/li><\/ul>","protected":false},"author":4,"featured_media":3299,"comment_status":"open","ping_status":"open","sticky":false,"template":"","format":"standard","meta":[],"categories":[36,20],"tags":[46,48,67,748,694,749,751],"_links":{"self":[{"href":"https:\/\/www.caritasne2.org.br\/site\/wp-json\/wp\/v2\/posts\/3297"}],"collection":[{"href":"https:\/\/www.caritasne2.org.br\/site\/wp-json\/wp\/v2\/posts"}],"about":[{"href":"https:\/\/www.caritasne2.org.br\/site\/wp-json\/wp\/v2\/types\/post"}],"author":[{"embeddable":true,"href":"https:\/\/www.caritasne2.org.br\/site\/wp-json\/wp\/v2\/users\/4"}],"replies":[{"embeddable":true,"href":"https:\/\/www.caritasne2.org.br\/site\/wp-json\/wp\/v2\/comments?post=3297"}],"version-history":[{"count":0,"href":"https:\/\/www.caritasne2.org.br\/site\/wp-json\/wp\/v2\/posts\/3297\/revisions"}],"wp:featuredmedia":[{"embeddable":true,"href":"https:\/\/www.caritasne2.org.br\/site\/wp-json\/"}],"wp:attachment":[{"href":"https:\/\/www.caritasne2.org.br\/site\/wp-json\/wp\/v2\/media?parent=3297"}],"wp:term":[{"taxonomy":"category","embeddable":true,"href":"https:\/\/www.caritasne2.org.br\/site\/wp-json\/wp\/v2\/categories?post=3297"},{"taxonomy":"post_tag","embeddable":true,"href":"https:\/\/www.caritasne2.org.br\/site\/wp-json\/wp\/v2\/tags?post=3297"}],"curies":[{"name":"wp","href":"https:\/\/api.w.org\/{rel}","templated":true}]}}