{"id":3284,"date":"2016-04-26T11:16:51","date_gmt":"2016-04-26T14:16:51","guid":{"rendered":"http:\/\/ne2.caritas.org.br.s174889.gridserver.com\/?p=3284"},"modified":"2017-07-11T15:18:01","modified_gmt":"2017-07-11T18:18:01","slug":"comitiva-da-caritas-alema-avalia-projeto-discute-trienal-2016-2019","status":"publish","type":"post","link":"https:\/\/www.caritasne2.org.br\/site\/comitiva-da-caritas-alema-avalia-projeto-discute-trienal-2016-2019\/","title":{"rendered":"Comitiva da C\u00e1ritas alem\u00e3 avalia projeto e discute trienal 2016-2019"},"content":{"rendered":"<p>A C\u00e1ritas Regional Nordeste 2 sediou, nos dias 19 e 20 deste m\u00eas, a reuni\u00e3o entre a C\u00e1ritas Alem\u00e3 e as cinco institui\u00e7\u00f5es da regi\u00e3o que integram o projeto \u201cRedu\u00e7\u00e3o de Viol\u00eancia no Espa\u00e7o Escolar atrav\u00e9s do Protagonismo Juvenil no Nordeste Brasileiro\u201d. Na ocasi\u00e3o, foram apresentados os resultados da auditoria referente ao tri\u00eanio 2013-2015 e tamb\u00e9m discutidas os Planos de A\u00e7\u00e3o de cada organiza\u00e7\u00e3o para os pr\u00f3ximos tr\u00eas anos.<\/p>\n<p>Segundo a coordenadora do projeto na C\u00e1ritas Regional NE2, Bibiana Santana, a oportunidade de encontrar, de forma presencial, com o financiador facilita a troca de informa\u00e7\u00f5es, aperfei\u00e7oando cada vez mais o que est\u00e1 sendo realizado. \u201cTivemos um resultado \u00f3timo do \u00faltimo trienal, de acordo com a auditoria, e esperamos, a partir do manual e do Marco L\u00f3gico, desenvolver as iniciativas propostas para os tr\u00eas pr\u00f3ximos anos, como a cria\u00e7\u00e3o dos n\u00facleos de media\u00e7\u00e3o de conflitos, envolvendo, nesse momento, a comunidade, indo al\u00e9m do espa\u00e7o escolar\u201d, destacou.<\/p>\n<p>Al\u00e9m da C\u00e1ritas Regional NE2, tamb\u00e9m atuam, cada uma em duas escolas p\u00fablicas, as organiza\u00e7\u00f5es Ruas e Pra\u00e7as; Grupo Adolescer, ambas em Recife (PE); Coletivo Mulher Vida, em Olinda (PE); e Servi\u00e7o Pastoral do Migrante NE, em Bayeux (PB). Para a representante da C\u00e1ritas Alem\u00e3, Carolin Nagy, p\u00f4de ser percebido um avan\u00e7o, a partir das a\u00e7\u00f5es do projeto, e, dessa forma, foi entendido que um novo trienal ser\u00e1 importante na melhoria da rela\u00e7\u00e3o dos estudantes com a unidade escolar e a comunidade.<\/p>\n<p>Uma das refer\u00eancias desse novo trienal \u00e9 o Marco L\u00f3gico, elaborado em mar\u00e7o de 2015. Outro item que ajuda, nessa interven\u00e7\u00e3o, \u00e9 o \u201cViol\u00eancia no Espa\u00e7o Escolar \u2013 uma proposta de interven\u00e7\u00e3o\u201d, manual elaborado a partir da sistematiza\u00e7\u00e3o das experi\u00eancias de empoderamento e protagonismo de adolescentes e jovens que vivem em situa\u00e7\u00f5es de vulnerabilidade social.<\/p>\n<p>Esse instrumento de interven\u00e7\u00e3o ser\u00e1 lan\u00e7ado, na vers\u00e3o impressa, nesta quarta-feira (27), no audit\u00f3rio da Faculdade Frassinetti do Recife (Fafire), \u00e0s 15h, no bairro da Boa Vista, regi\u00e3o central da capital pernambucana.<\/p>\n<p>Por Wagner Cesario | Assessoria de Comunica\u00e7\u00e3o da C\u00e1ritas Brasileira \u2013 Regional NE2<\/p>\n<ul class=\"ssb_list_wrapper\"><li class=\"fb2\" style=\"width:135px\"><iframe src=\"\/\/www.facebook.com\/plugins\/like.php?href=https%3A%2F%2Fwww.caritasne2.org.br%2Fsite%2Fcomitiva-da-caritas-alema-avalia-projeto-discute-trienal-2016-2019%2F&amp;layout=button_count&amp;action=like&amp;show_faces=false&amp;share=true&amp;width=135&amp;height=21&amp;appId=307091639398582\" scrolling=\"no\" frameborder=\"0\" style=\"border:none; overflow:hidden;  width:150px; height:21px;\" allowTransparency=\"true\"><\/iframe><\/li><li class=\"twtr\" style=\"width:90px\"><a href=\"https:\/\/twitter.com\/share\" class=\"twitter-share-button\" data-url=\"https:\/\/www.caritasne2.org.br\/site\/comitiva-da-caritas-alema-avalia-projeto-discute-trienal-2016-2019\/\">&nbsp;<\/a><script>!function(d,s,id){var js,fjs=d.getElementsByTagName(s)[0],p=\/^http:\/.test(d.location)?'http':'https';if(!d.getElementById(id)){js=d.createElement(s);js.id=id;js.src=p+':\/\/platform.twitter.com\/widgets.js';fjs.parentNode.insertBefore(js,fjs);}}(document, 'script', 'twitter-wjs');<\/script><\/li><li class=\"gplus\" style=\"width:68px\"><div class=\"g-plusone\" data-size=\"medium\" data-href=\"https:\/\/www.caritasne2.org.br\/site\/comitiva-da-caritas-alema-avalia-projeto-discute-trienal-2016-2019\/\"><\/div><\/li><li class=\"ssb_linkedin\" style=\"width:64px\"><script src=\"\/\/platform.linkedin.com\/in.js\" type=\"text\/javascript\">lang: en_US<\/script><script type=\"IN\/Share\" data-url=\"https:\/\/www.caritasne2.org.br\/site\/comitiva-da-caritas-alema-avalia-projeto-discute-trienal-2016-2019\/\" data-counter=\"right\"><\/script><\/li><\/ul>","protected":false},"excerpt":{"rendered":"<p>A C\u00e1ritas Regional Nordeste 2 sediou, nos dias 19 e 20 deste m\u00eas, a reuni\u00e3o entre a C\u00e1ritas Alem\u00e3 e as cinco institui\u00e7\u00f5es da regi\u00e3o que integram o projeto \u201cRedu\u00e7\u00e3o de Viol\u00eancia no Espa\u00e7o Escolar atrav\u00e9s do Protagonismo Juvenil no Nordeste Brasileiro\u201d. Na ocasi\u00e3o, foram apresentados os resultados da auditoria referente ao tri\u00eanio 2013-2015 e tamb\u00e9m discutidas os Planos de A\u00e7\u00e3o de cada organiza\u00e7\u00e3o para [&hellip;]<\/p>\n<ul class=\"ssb_list_wrapper\"><li class=\"fb2\" style=\"width:135px\"><iframe src=\"\/\/www.facebook.com\/plugins\/like.php?href=https%3A%2F%2Fwww.caritasne2.org.br%2Fsite%2Fcomitiva-da-caritas-alema-avalia-projeto-discute-trienal-2016-2019%2F&amp;layout=button_count&amp;action=like&amp;show_faces=false&amp;share=true&amp;width=135&amp;height=21&amp;appId=307091639398582\" scrolling=\"no\" frameborder=\"0\" style=\"border:none; overflow:hidden;  width:150px; height:21px;\" allowTransparency=\"true\"><\/iframe><\/li><li class=\"twtr\" style=\"width:90px\"><a href=\"https:\/\/twitter.com\/share\" class=\"twitter-share-button\" data-url=\"https:\/\/www.caritasne2.org.br\/site\/comitiva-da-caritas-alema-avalia-projeto-discute-trienal-2016-2019\/\">&nbsp;<\/a><script>!function(d,s,id){var js,fjs=d.getElementsByTagName(s)[0],p=\/^http:\/.test(d.location)?'http':'https';if(!d.getElementById(id)){js=d.createElement(s);js.id=id;js.src=p+':\/\/platform.twitter.com\/widgets.js';fjs.parentNode.insertBefore(js,fjs);}}(document, 'script', 'twitter-wjs');<\/script><\/li><li class=\"gplus\" style=\"width:68px\"><div class=\"g-plusone\" data-size=\"medium\" data-href=\"https:\/\/www.caritasne2.org.br\/site\/comitiva-da-caritas-alema-avalia-projeto-discute-trienal-2016-2019\/\"><\/div><\/li><li class=\"ssb_linkedin\" style=\"width:64px\"><script src=\"\/\/platform.linkedin.com\/in.js\" type=\"text\/javascript\">lang: en_US<\/script><script type=\"IN\/Share\" data-url=\"https:\/\/www.caritasne2.org.br\/site\/comitiva-da-caritas-alema-avalia-projeto-discute-trienal-2016-2019\/\" data-counter=\"right\"><\/script><\/li><\/ul>","protected":false},"author":4,"featured_media":3292,"comment_status":"open","ping_status":"open","sticky":false,"template":"","format":"standard","meta":[],"categories":[20,105],"tags":[745,67,746,747,384],"_links":{"self":[{"href":"https:\/\/www.caritasne2.org.br\/site\/wp-json\/wp\/v2\/posts\/3284"}],"collection":[{"href":"https:\/\/www.caritasne2.org.br\/site\/wp-json\/wp\/v2\/posts"}],"about":[{"href":"https:\/\/www.caritasne2.org.br\/site\/wp-json\/wp\/v2\/types\/post"}],"author":[{"embeddable":true,"href":"https:\/\/www.caritasne2.org.br\/site\/wp-json\/wp\/v2\/users\/4"}],"replies":[{"embeddable":true,"href":"https:\/\/www.caritasne2.org.br\/site\/wp-json\/wp\/v2\/comments?post=3284"}],"version-history":[{"count":0,"href":"https:\/\/www.caritasne2.org.br\/site\/wp-json\/wp\/v2\/posts\/3284\/revisions"}],"wp:featuredmedia":[{"embeddable":true,"href":"https:\/\/www.caritasne2.org.br\/site\/wp-json\/"}],"wp:attachment":[{"href":"https:\/\/www.caritasne2.org.br\/site\/wp-json\/wp\/v2\/media?parent=3284"}],"wp:term":[{"taxonomy":"category","embeddable":true,"href":"https:\/\/www.caritasne2.org.br\/site\/wp-json\/wp\/v2\/categories?post=3284"},{"taxonomy":"post_tag","embeddable":true,"href":"https:\/\/www.caritasne2.org.br\/site\/wp-json\/wp\/v2\/tags?post=3284"}],"curies":[{"name":"wp","href":"https:\/\/api.w.org\/{rel}","templated":true}]}}