{"id":3281,"date":"2016-04-26T10:55:27","date_gmt":"2016-04-26T13:55:27","guid":{"rendered":"http:\/\/ne2.caritas.org.br.s174889.gridserver.com\/?p=3281"},"modified":"2017-07-11T15:18:01","modified_gmt":"2017-07-11T18:18:01","slug":"conic-divulga-edital-fundo-ecumenico-de-solidariedade","status":"publish","type":"post","link":"https:\/\/www.caritasne2.org.br\/site\/conic-divulga-edital-fundo-ecumenico-de-solidariedade\/","title":{"rendered":"Conic divulga edital do Fundo Ecum\u00eanico de Solidariedade"},"content":{"rendered":"<p style=\"text-align: justify;\">Est\u00e1 dispon\u00edvel no site da Confer\u00eancia Nacional dos Bispos do Brasil (CNBB), na aba campanhas, o edital para inscri\u00e7\u00e3o de projetos que pretendam contar com recursos do Fundo Ecum\u00eanico Nacional de Solidariedade (FES). \u00c9 requisito para a inscri\u00e7\u00e3o que os projetos estejam relacionados \u00e0 tem\u00e1tica da Campanha da Fraternidade Ecum\u00eanica (CFE) 2016. O FES foi constitu\u00eddo a fim de organizar e direcionar as a\u00e7\u00f5es da CFE deste ano.<\/p>\n<p style=\"text-align: justify;\">A arrecada\u00e7\u00e3o de recursos para a CFE 2016 ocorreu em \u00e2mbito nacional, como \u00e9 de costume, no Domingo de Ramos. Os recursos ser\u00e3o partilhados entre as igrejas-membros do Conselho Nacional de Igrejas Crist\u00e3s (Conic), que organizou a CFE 2016. Na Igreja Cat\u00f3lica, 60% dos recursos doados constituir\u00e3o o Fundo Diocesano de Solidariedade; nas demais igrejas vinculadas ao Conic, esses recursos constituir\u00e3o um fundo a ser administrado pelas comunidades eclesiais das igrejas.<\/p>\n<p style=\"text-align: justify;\">Do total de recursos recolhido pela Coleta Ecum\u00eanica da Solidariedade, 40% ser\u00e3o enviados para o Fundo Ecum\u00eanico Nacional de Solidariedade (FES). Este fundo ser\u00e1 utilizado para refor\u00e7ar iniciativas apoiadas pelos fundos diocesanos e das demais igrejas. O FES tamb\u00e9m apoiar\u00e1 propostas de grupos, associa\u00e7\u00f5es e outras organiza\u00e7\u00f5es que desenvolvam a\u00e7\u00f5es afins com o tema da CFE 2016.<\/p>\n<p style=\"text-align: justify;\"><strong>Inscri\u00e7\u00f5es<\/strong><\/p>\n<p style=\"text-align: justify;\">A Coordenadoria Ecum\u00eanica de Servi\u00e7o (Cese) e a CNBB receber\u00e3o os projetos, far\u00e3o os procedimentos de cadastro e de averigua\u00e7\u00e3o t\u00e9cnica de cada iniciativa, bem como sua an\u00e1lise. Ap\u00f3s esse processo, os projetos selecionados ser\u00e3o apresentados ao Conselho Gestor do Fundo Ecum\u00eanico Nacional de Solidariedade, composto por representantes das Igrejas-membros do Conic. Para envio de projetos, a institui\u00e7\u00e3o deve estar em conformidade com o Edital do Fundo Nacional de Solidariedade,<em><span style=\"color: #ff0000;\"><strong> <a title=\"Edital PDF\" href=\"http:\/\/ne2.caritas.org.br.s174889.gridserver.com\/wp-content\/uploads\/2016\/04\/Edital-FES-0273.2016.pdf\"><span style=\"color: #ff0000;\">dispon\u00edvel aqui.<\/span><\/a><\/strong><\/span><\/em><\/p>\n<p style=\"text-align: justify;\">O cadastro do projeto ser\u00e1 realizado por meio do sistema dispon\u00edvel no site do FNS, <span style=\"color: #ff0000;\"><strong><a href=\"http:\/\/fns.cnbb.org.br\/fundo\/informativo\/index\" target=\"_blank\"><span style=\"color: #ff0000;\">com acesso aqui<\/span><\/a><\/strong><\/span>. \u00c9 necess\u00e1rio preencher, por meio eletr\u00f4nico, todos os dados solicitados referentes ao projeto, al\u00e9m de fazer o envio f\u00edsico do projeto para: FUNDO NACIONAL DE SOLIDARIEDADE \u2013 SE\/Sul Quadra 801 \u2013 Conjunto \u201cB\u201d- CEP 70.200-014 \u2013 BRAS\u00cdLIA \/ DF.<\/p>\n<p style=\"text-align: justify;\"><strong>Projetos<\/strong><\/p>\n<p style=\"text-align: justify;\">Os projetos apresentados, de acordo com o edital, devem estar em sintonia com os objetivos da CFE 2016 e devem ter cunho essencialmente social. Neste ano, com o tema \u201cCasa comum, nossa responsabilidade\u201d e o lema \u201cQuero ver o direito brotar como fonte e correr a justi\u00e7a qual riacho que n\u00e3o seca\u201d, a campanha apresentou como objetivo geral \u201cassegurar o direito ao assentamento b\u00e1sico para todas as pessoas e empenhar, \u00e0 luz da f\u00e9, por pol\u00edticas p\u00fablicas e atitudes respons\u00e1veis que garantam a integridade e o futuro da Casa Comum\u201d.<\/p>\n<p style=\"text-align: justify;\">Ser\u00e3o selecionados projetos que estejam dentro dos tr\u00eas eixos apoiados pelo FES: forma\u00e7\u00e3o e capacita\u00e7\u00e3o; mobiliza\u00e7\u00e3o para conquistas e efetiva\u00e7\u00e3o de direitos; supera\u00e7\u00e3o de vulnerabilidade econ\u00f4mica e gera\u00e7\u00e3o de renda (projetos produtivos). Em cada eixo, h\u00e1 um foco espec\u00edfico para atua\u00e7\u00e3o: forma\u00e7\u00e3o para o monitoramento de pol\u00edticas p\u00fablicas de saneamento b\u00e1sico; mobiliza\u00e7\u00f5es para acompanhamento da aplica\u00e7\u00e3o dos recursos p\u00fablicos em saneamento; projetos voltados \u00e0 inclus\u00e3o produtiva e saneamento b\u00e1sico.<\/p>\n<p style=\"text-align: justify;\">Podem enviar projetos ao FES grupos organizados, coletivos, associa\u00e7\u00f5es, pastorais, igrejas locais e entidades de apoio a movimentos sociais que estejam habilitados a trabalhar com a tem\u00e1tica proposta pela CFE 2016. O primeiro prazo para recebimento de projetos \u00e9 1\u00ba\/06\/2016.<\/p>\n<p style=\"text-align: justify;\">Fonte: Conselho Nacional de Igrejas Crist\u00e3s (Conic)<\/p>\n<p style=\"text-align: justify;\">\n<p>&nbsp;<\/p>\n<ul class=\"ssb_list_wrapper\"><li class=\"fb2\" style=\"width:135px\"><iframe src=\"\/\/www.facebook.com\/plugins\/like.php?href=https%3A%2F%2Fwww.caritasne2.org.br%2Fsite%2Fconic-divulga-edital-fundo-ecumenico-de-solidariedade%2F&amp;layout=button_count&amp;action=like&amp;show_faces=false&amp;share=true&amp;width=135&amp;height=21&amp;appId=307091639398582\" scrolling=\"no\" frameborder=\"0\" style=\"border:none; overflow:hidden;  width:150px; height:21px;\" allowTransparency=\"true\"><\/iframe><\/li><li class=\"twtr\" style=\"width:90px\"><a href=\"https:\/\/twitter.com\/share\" class=\"twitter-share-button\" data-url=\"https:\/\/www.caritasne2.org.br\/site\/conic-divulga-edital-fundo-ecumenico-de-solidariedade\/\">&nbsp;<\/a><script>!function(d,s,id){var js,fjs=d.getElementsByTagName(s)[0],p=\/^http:\/.test(d.location)?'http':'https';if(!d.getElementById(id)){js=d.createElement(s);js.id=id;js.src=p+':\/\/platform.twitter.com\/widgets.js';fjs.parentNode.insertBefore(js,fjs);}}(document, 'script', 'twitter-wjs');<\/script><\/li><li class=\"gplus\" style=\"width:68px\"><div class=\"g-plusone\" data-size=\"medium\" data-href=\"https:\/\/www.caritasne2.org.br\/site\/conic-divulga-edital-fundo-ecumenico-de-solidariedade\/\"><\/div><\/li><li class=\"ssb_linkedin\" style=\"width:64px\"><script src=\"\/\/platform.linkedin.com\/in.js\" type=\"text\/javascript\">lang: en_US<\/script><script type=\"IN\/Share\" data-url=\"https:\/\/www.caritasne2.org.br\/site\/conic-divulga-edital-fundo-ecumenico-de-solidariedade\/\" data-counter=\"right\"><\/script><\/li><\/ul>","protected":false},"excerpt":{"rendered":"<p>Est\u00e1 dispon\u00edvel no site da Confer\u00eancia Nacional dos Bispos do Brasil (CNBB), na aba campanhas, o edital para inscri\u00e7\u00e3o de projetos que pretendam contar com recursos do Fundo Ecum\u00eanico Nacional de Solidariedade (FES). \u00c9 requisito para a inscri\u00e7\u00e3o que os projetos estejam relacionados \u00e0 tem\u00e1tica da Campanha da Fraternidade Ecum\u00eanica (CFE) 2016. O FES foi constitu\u00eddo a fim de organizar e direcionar as a\u00e7\u00f5es da [&hellip;]<\/p>\n<ul class=\"ssb_list_wrapper\"><li class=\"fb2\" style=\"width:135px\"><iframe src=\"\/\/www.facebook.com\/plugins\/like.php?href=https%3A%2F%2Fwww.caritasne2.org.br%2Fsite%2Fconic-divulga-edital-fundo-ecumenico-de-solidariedade%2F&amp;layout=button_count&amp;action=like&amp;show_faces=false&amp;share=true&amp;width=135&amp;height=21&amp;appId=307091639398582\" scrolling=\"no\" frameborder=\"0\" style=\"border:none; overflow:hidden;  width:150px; height:21px;\" allowTransparency=\"true\"><\/iframe><\/li><li class=\"twtr\" style=\"width:90px\"><a href=\"https:\/\/twitter.com\/share\" class=\"twitter-share-button\" data-url=\"https:\/\/www.caritasne2.org.br\/site\/conic-divulga-edital-fundo-ecumenico-de-solidariedade\/\">&nbsp;<\/a><script>!function(d,s,id){var js,fjs=d.getElementsByTagName(s)[0],p=\/^http:\/.test(d.location)?'http':'https';if(!d.getElementById(id)){js=d.createElement(s);js.id=id;js.src=p+':\/\/platform.twitter.com\/widgets.js';fjs.parentNode.insertBefore(js,fjs);}}(document, 'script', 'twitter-wjs');<\/script><\/li><li class=\"gplus\" style=\"width:68px\"><div class=\"g-plusone\" data-size=\"medium\" data-href=\"https:\/\/www.caritasne2.org.br\/site\/conic-divulga-edital-fundo-ecumenico-de-solidariedade\/\"><\/div><\/li><li class=\"ssb_linkedin\" style=\"width:64px\"><script src=\"\/\/platform.linkedin.com\/in.js\" type=\"text\/javascript\">lang: en_US<\/script><script type=\"IN\/Share\" data-url=\"https:\/\/www.caritasne2.org.br\/site\/conic-divulga-edital-fundo-ecumenico-de-solidariedade\/\" data-counter=\"right\"><\/script><\/li><\/ul>","protected":false},"author":4,"featured_media":3285,"comment_status":"open","ping_status":"open","sticky":false,"template":"","format":"standard","meta":[],"categories":[366,20],"tags":[701,67,744],"_links":{"self":[{"href":"https:\/\/www.caritasne2.org.br\/site\/wp-json\/wp\/v2\/posts\/3281"}],"collection":[{"href":"https:\/\/www.caritasne2.org.br\/site\/wp-json\/wp\/v2\/posts"}],"about":[{"href":"https:\/\/www.caritasne2.org.br\/site\/wp-json\/wp\/v2\/types\/post"}],"author":[{"embeddable":true,"href":"https:\/\/www.caritasne2.org.br\/site\/wp-json\/wp\/v2\/users\/4"}],"replies":[{"embeddable":true,"href":"https:\/\/www.caritasne2.org.br\/site\/wp-json\/wp\/v2\/comments?post=3281"}],"version-history":[{"count":0,"href":"https:\/\/www.caritasne2.org.br\/site\/wp-json\/wp\/v2\/posts\/3281\/revisions"}],"wp:featuredmedia":[{"embeddable":true,"href":"https:\/\/www.caritasne2.org.br\/site\/wp-json\/"}],"wp:attachment":[{"href":"https:\/\/www.caritasne2.org.br\/site\/wp-json\/wp\/v2\/media?parent=3281"}],"wp:term":[{"taxonomy":"category","embeddable":true,"href":"https:\/\/www.caritasne2.org.br\/site\/wp-json\/wp\/v2\/categories?post=3281"},{"taxonomy":"post_tag","embeddable":true,"href":"https:\/\/www.caritasne2.org.br\/site\/wp-json\/wp\/v2\/tags?post=3281"}],"curies":[{"name":"wp","href":"https:\/\/api.w.org\/{rel}","templated":true}]}}