{"id":3265,"date":"2016-04-20T15:31:24","date_gmt":"2016-04-20T18:31:24","guid":{"rendered":"http:\/\/ne2.caritas.org.br.s174889.gridserver.com\/?p=3265"},"modified":"2017-07-11T15:18:01","modified_gmt":"2017-07-11T18:18:01","slug":"caritas-abre-edital-para-contratacao-temporaria-de-recepcionista","status":"publish","type":"post","link":"https:\/\/www.caritasne2.org.br\/site\/caritas-abre-edital-para-contratacao-temporaria-de-recepcionista\/","title":{"rendered":"C\u00e1ritas abre edital para contrata\u00e7\u00e3o tempor\u00e1ria de recepcionista"},"content":{"rendered":"<p>Est\u00e1 dispon\u00edvel, a partir desta quarta-feira (20), o <a href=\"http:\/\/ne2.caritas.org.br.s174889.gridserver.com\/?attachment_id=3270\">edital de sele\u00e7\u00e3o<\/a> para uma vaga, por tempo determinado, de recepcionista para o escrit\u00f3rio da C\u00e1ritas Brasileira &#8211; Regional Nordeste 2. Para participar, \u00e9 necess\u00e1rio do envio do curr\u00edculo, acompanhado de uma carta de apresenta\u00e7\u00e3o e da pretens\u00e3o salarial, para os e-mails caritasne2@caritasne2.org.br e erika@caritasne2.org.br, ou no escrit\u00f3rio da C\u00e1ritas, no Recife, at\u00e9 o dia 1\u00ba de maio.<\/p>\n<p>Durante o processo seletivo, ser\u00e3o observadas as exig\u00eancias previstas no edital, como conclus\u00e3o do Ensino M\u00e9dio e habilidade com inform\u00e1tica, bem como experi\u00eancia anterior na fun\u00e7\u00e3o propriamente dita ou em outra similar e identifica\u00e7\u00e3o com a miss\u00e3o da institui\u00e7\u00e3o.<\/p>\n<p>Ap\u00f3s a etapa de an\u00e1lise de curr\u00edculos, de car\u00e1ter eliminat\u00f3rio, haver\u00e1 entrevistas, realizadas pela Comiss\u00e3o de Sele\u00e7\u00e3o, com os candidatos. O resultado final sair\u00e1 no dia 06 de maio deste ano.<\/p>\n<p><a href=\"http:\/\/http:\/\/ne2.caritas.org.br.s174889.gridserver.com\/?attachment_id=3270\">Edital<\/a><\/p>\n<p>Por Wagner Cesario | Assessoria de Comunica\u00e7\u00e3o da C\u00e1ritas Brasileira \u2013 Regional NE2<\/p>\n<ul class=\"ssb_list_wrapper\"><li class=\"fb2\" style=\"width:135px\"><iframe src=\"\/\/www.facebook.com\/plugins\/like.php?href=https%3A%2F%2Fwww.caritasne2.org.br%2Fsite%2Fcaritas-abre-edital-para-contratacao-temporaria-de-recepcionista%2F&amp;layout=button_count&amp;action=like&amp;show_faces=false&amp;share=true&amp;width=135&amp;height=21&amp;appId=307091639398582\" scrolling=\"no\" frameborder=\"0\" style=\"border:none; overflow:hidden;  width:150px; height:21px;\" allowTransparency=\"true\"><\/iframe><\/li><li class=\"twtr\" style=\"width:90px\"><a href=\"https:\/\/twitter.com\/share\" class=\"twitter-share-button\" data-url=\"https:\/\/www.caritasne2.org.br\/site\/caritas-abre-edital-para-contratacao-temporaria-de-recepcionista\/\">&nbsp;<\/a><script>!function(d,s,id){var js,fjs=d.getElementsByTagName(s)[0],p=\/^http:\/.test(d.location)?'http':'https';if(!d.getElementById(id)){js=d.createElement(s);js.id=id;js.src=p+':\/\/platform.twitter.com\/widgets.js';fjs.parentNode.insertBefore(js,fjs);}}(document, 'script', 'twitter-wjs');<\/script><\/li><li class=\"gplus\" style=\"width:68px\"><div class=\"g-plusone\" data-size=\"medium\" data-href=\"https:\/\/www.caritasne2.org.br\/site\/caritas-abre-edital-para-contratacao-temporaria-de-recepcionista\/\"><\/div><\/li><li class=\"ssb_linkedin\" style=\"width:64px\"><script src=\"\/\/platform.linkedin.com\/in.js\" type=\"text\/javascript\">lang: en_US<\/script><script type=\"IN\/Share\" data-url=\"https:\/\/www.caritasne2.org.br\/site\/caritas-abre-edital-para-contratacao-temporaria-de-recepcionista\/\" data-counter=\"right\"><\/script><\/li><\/ul>","protected":false},"excerpt":{"rendered":"<p>Est\u00e1 dispon\u00edvel, a partir desta quarta-feira (20), o edital de sele\u00e7\u00e3o para uma vaga, por tempo determinado, de recepcionista para o escrit\u00f3rio da C\u00e1ritas Brasileira &#8211; Regional Nordeste 2. Para participar, \u00e9 necess\u00e1rio do envio do curr\u00edculo, acompanhado de uma carta de apresenta\u00e7\u00e3o e da pretens\u00e3o salarial, para os e-mails caritasne2@caritasne2.org.br e erika@caritasne2.org.br, ou no escrit\u00f3rio da C\u00e1ritas, no Recife, at\u00e9 o dia 1\u00ba de [&hellip;]<\/p>\n<ul class=\"ssb_list_wrapper\"><li class=\"fb2\" style=\"width:135px\"><iframe src=\"\/\/www.facebook.com\/plugins\/like.php?href=https%3A%2F%2Fwww.caritasne2.org.br%2Fsite%2Fcaritas-abre-edital-para-contratacao-temporaria-de-recepcionista%2F&amp;layout=button_count&amp;action=like&amp;show_faces=false&amp;share=true&amp;width=135&amp;height=21&amp;appId=307091639398582\" scrolling=\"no\" frameborder=\"0\" style=\"border:none; overflow:hidden;  width:150px; height:21px;\" allowTransparency=\"true\"><\/iframe><\/li><li class=\"twtr\" style=\"width:90px\"><a href=\"https:\/\/twitter.com\/share\" class=\"twitter-share-button\" data-url=\"https:\/\/www.caritasne2.org.br\/site\/caritas-abre-edital-para-contratacao-temporaria-de-recepcionista\/\">&nbsp;<\/a><script>!function(d,s,id){var js,fjs=d.getElementsByTagName(s)[0],p=\/^http:\/.test(d.location)?'http':'https';if(!d.getElementById(id)){js=d.createElement(s);js.id=id;js.src=p+':\/\/platform.twitter.com\/widgets.js';fjs.parentNode.insertBefore(js,fjs);}}(document, 'script', 'twitter-wjs');<\/script><\/li><li class=\"gplus\" style=\"width:68px\"><div class=\"g-plusone\" data-size=\"medium\" data-href=\"https:\/\/www.caritasne2.org.br\/site\/caritas-abre-edital-para-contratacao-temporaria-de-recepcionista\/\"><\/div><\/li><li class=\"ssb_linkedin\" style=\"width:64px\"><script src=\"\/\/platform.linkedin.com\/in.js\" type=\"text\/javascript\">lang: en_US<\/script><script type=\"IN\/Share\" data-url=\"https:\/\/www.caritasne2.org.br\/site\/caritas-abre-edital-para-contratacao-temporaria-de-recepcionista\/\" data-counter=\"right\"><\/script><\/li><\/ul>","protected":false},"author":4,"featured_media":3271,"comment_status":"open","ping_status":"open","sticky":false,"template":"","format":"standard","meta":[],"categories":[174,20],"tags":[46,738,67,175,739,740,691,741],"_links":{"self":[{"href":"https:\/\/www.caritasne2.org.br\/site\/wp-json\/wp\/v2\/posts\/3265"}],"collection":[{"href":"https:\/\/www.caritasne2.org.br\/site\/wp-json\/wp\/v2\/posts"}],"about":[{"href":"https:\/\/www.caritasne2.org.br\/site\/wp-json\/wp\/v2\/types\/post"}],"author":[{"embeddable":true,"href":"https:\/\/www.caritasne2.org.br\/site\/wp-json\/wp\/v2\/users\/4"}],"replies":[{"embeddable":true,"href":"https:\/\/www.caritasne2.org.br\/site\/wp-json\/wp\/v2\/comments?post=3265"}],"version-history":[{"count":0,"href":"https:\/\/www.caritasne2.org.br\/site\/wp-json\/wp\/v2\/posts\/3265\/revisions"}],"wp:featuredmedia":[{"embeddable":true,"href":"https:\/\/www.caritasne2.org.br\/site\/wp-json\/"}],"wp:attachment":[{"href":"https:\/\/www.caritasne2.org.br\/site\/wp-json\/wp\/v2\/media?parent=3265"}],"wp:term":[{"taxonomy":"category","embeddable":true,"href":"https:\/\/www.caritasne2.org.br\/site\/wp-json\/wp\/v2\/categories?post=3265"},{"taxonomy":"post_tag","embeddable":true,"href":"https:\/\/www.caritasne2.org.br\/site\/wp-json\/wp\/v2\/tags?post=3265"}],"curies":[{"name":"wp","href":"https:\/\/api.w.org\/{rel}","templated":true}]}}