{"id":3257,"date":"2016-04-20T15:06:38","date_gmt":"2016-04-20T18:06:38","guid":{"rendered":"http:\/\/ne2.caritas.org.br.s174889.gridserver.com\/?p=3257"},"modified":"2017-07-11T15:18:02","modified_gmt":"2017-07-11T18:18:02","slug":"caritas-suica-inaugura-novo-espaco-visita-projetos-financiados","status":"publish","type":"post","link":"https:\/\/www.caritasne2.org.br\/site\/caritas-suica-inaugura-novo-espaco-visita-projetos-financiados\/","title":{"rendered":"C\u00e1ritas Su\u00ed\u00e7a inaugura novo espa\u00e7o e visita projetos financiados"},"content":{"rendered":"<p>Nesta ter\u00e7a-feira (19), a equipe da C\u00e1ritas Su\u00ed\u00e7a inaugurou o novo escrit\u00f3rio de representa\u00e7\u00e3o da organiza\u00e7\u00e3o no Brasil. O espa\u00e7o, localizado no bairro da Boa Vista, no Recife (PE), foi reformado e ganhou novo mobili\u00e1rio e equipamentos que ir\u00e3o auxiliar no trabalho do colaborador Hubert Eisele que acompanha os projetos socioambientais apoiados pela institui\u00e7\u00e3o no nosso pa\u00eds.<a href=\"http:\/\/ne2.caritas.org.br.s174889.gridserver.com\/2016\/04\/20\/caritas-suica-inaugura-novo-espaco-visita-projetos-financiados\/f88634df-38c2-4a66-85ed-7ee2aa92c981\/\" rel=\"attachment wp-att-3259\"><img decoding=\"async\" loading=\"lazy\" class=\"alignleft size-medium wp-image-3259\" title=\"f88634df-38c2-4a66-85ed-7ee2aa92c981\" src=\"http:\/\/ne2.caritas.org.br.s174889.gridserver.com\/wp-content\/uploads\/2016\/04\/f88634df-38c2-4a66-85ed-7ee2aa92c981-300x225.jpg\" alt=\"\" width=\"300\" height=\"225\" \/><\/a><\/p>\n<p>Segundo a integrante da comitiva da entidade, Esther Belliger, o novo escrit\u00f3rio \u00e9 uma ponte que vai facilitar a rela\u00e7\u00e3o entre os financiadores e parceiros que demandam projetos no Brasil. \u201cTemos uma obriga\u00e7\u00e3o jur\u00eddica de declarar para autoridades o que recebemos de nossos doadores e como aplicamos os recursos. Ao mesmo tempo, h\u00e1 grandes exig\u00eancias, feitas pelos financiadores, de uma presen\u00e7a pr\u00f3xima e direta, acompanhando com relat\u00f3rios, monitoramentos, nos locais onde s\u00e3o desenvolvidos os trabalhos. E essas atividades n\u00e3o s\u00e3o poss\u00edveis sem esse escrit\u00f3rio\u201d, destaca.<\/p>\n<p>Ainda, Esther Belliger justificou a escolha do territ\u00f3rio para a instala\u00e7\u00e3o do escrit\u00f3rio. \u201cPrecisamos, constantemente, explicar aos nossos parceiros os motivos de escolha da localiza\u00e7\u00e3o das nossas representa\u00e7\u00f5es. E aqui, no Brasil, se tomarmos os n\u00fameros do pa\u00eds como um todo, n\u00e3o haveria a necessidade, mas quando olhamos para as especificidades locais, para os dados demogr\u00e1ficos e sociais, percebemos que os dos estados nordestinos s\u00e3o compat\u00edveis com pa\u00edses da \u00c1frica\u201d, considera.<\/p>\n<p><img decoding=\"async\" loading=\"lazy\" class=\"alignright size-medium wp-image-3260\" title=\"f6568b2d-a285-4388-9ff6-42a66b5158c6\" src=\"http:\/\/ne2.caritas.org.br.s174889.gridserver.com\/wp-content\/uploads\/2016\/04\/f6568b2d-a285-4388-9ff6-42a66b5158c6-300x225.jpg\" alt=\"\" width=\"300\" height=\"225\" \/><\/p>\n<p>Al\u00e9m da inaugura\u00e7\u00e3o, houve, ainda na manh\u00e3 da ter\u00e7a, uma reuni\u00e3o com a Coordena\u00e7\u00e3o Colegiada do Regional NE2 em que foi assinado o contrato de comodato pelo uso do espa\u00e7o. A comitiva da C\u00e1ritas Su\u00ed\u00e7a tamb\u00e9m, ao longo dos pr\u00f3ximos dias, far\u00e1 visitas \u00e0s iniciativas apoiadas.<\/p>\n<p>Atua\u00e7\u00e3o da C\u00e1ritas Su\u00ed\u00e7a<\/p>\n<p>No Brasil, s\u00e3o financiados, prioritariamente, pela C\u00e1ritas Su\u00ed\u00e7a, projetos que promovam educa\u00e7\u00e3o e renda e trabalhem a quest\u00e3o das mudan\u00e7as clim\u00e1ticas e redu\u00e7\u00e3o de riscos, beneficiando popula\u00e7\u00f5es rurais e urbanas das regi\u00f5es Nordeste, Norte e Sudeste, mais especificamente, nesse \u00faltimo caso, na cidade do Rio de Janeiro.<\/p>\n<p>Com o novo escrit\u00f3rio, h\u00e1 a perspectiva de amplia\u00e7\u00e3o da carteira de projetos. \u201cAvaliaremos as potencialidades e esperamos buscar parceiros que possibilitem expandir a nossa presen\u00e7a\u201d, avalia o respons\u00e1vel pelo escrit\u00f3rio no Brasil, Hubert Eisele.<\/p>\n<p><a href=\"http:\/\/ne2.caritas.org.br.s174889.gridserver.com\/2016\/04\/20\/caritas-suica-inaugura-novo-espaco-visita-projetos-financiados\/f3e553c8-50b8-46ea-95b2-6062b1c05ea0\/\" rel=\"attachment wp-att-3261\"><img decoding=\"async\" loading=\"lazy\" class=\"size-medium wp-image-3261 alignleft\" title=\"f3e553c8-50b8-46ea-95b2-6062b1c05ea0\" src=\"http:\/\/ne2.caritas.org.br.s174889.gridserver.com\/wp-content\/uploads\/2016\/04\/f3e553c8-50b8-46ea-95b2-6062b1c05ea0-300x225.jpg\" alt=\"\" width=\"300\" height=\"225\" \/><\/a><\/p>\n<p>Em andamento, pode-se destacar, como exemplo, o projeto \u201cProtagonismo Juvenil\u201d, iniciativa de inser\u00e7\u00e3o social de crian\u00e7as e adolescentes, desenvolvida pela C\u00e1ritas Regional NE2 e C\u00e1ritas Diocesana de Penedo (AL), na comunidade da Mangabeira, na cidade de Arapiraca, em Alagoas. Com o apoio de educadores, nesse projeto, os assistidos participam de v\u00e1rias atividades que permitem o acesso \u00e0 cultura e evitam e explora\u00e7\u00e3o do trabalho infantil, visto que muitos deles s\u00e3o filhos de catadores de materiais recicl\u00e1veis na regi\u00e3o.<\/p>\n<p>Outra a\u00e7\u00e3o apoiada trata-se do \u201cBiodigestores \u2013 Prote\u00e7\u00e3o do Clima e Combate \u00e0 Pobreza no Nordeste\u201d. Realizado pela C\u00e1ritas Diocesana de Caruaru, no Agreste de Pernambuco, o projeto visa construir unidades familiares agroecol\u00f3gicas sustent\u00e1veis, atrav\u00e9s da implanta\u00e7\u00e3o da tecnologia social do biodigestor, que produz biog\u00e1s, fertilizantes e h\u00famus. O objetivo da a\u00e7\u00e3o \u00e9 proporcionar, no per\u00edodo de tr\u00eas anos, atividades que garantam a essas fam\u00edlias agricultoras o conhecimento sobre o processo de uma produ\u00e7\u00e3o alternativa de energia renov\u00e1vel, que tem como proposta fortalecer a preserva\u00e7\u00e3o do meio ambiente.<\/p>\n<p>\u00c9 ainda poss\u00edvel citar o projeto, em fase inicial, acompanhado pela C\u00e1ritas Regional NE2, que vai possibilitar a transforma\u00e7\u00e3o de \u00f3leo de cozinha em biodiesel, na Pr\u00f3-Recife, cooperativa de catadores, instalada na cidade do Recife.<\/p>\n<p>Por Wagner Cesario | Assessoria de Comunica\u00e7\u00e3o da C\u00e1ritas Brasileira \u2013 Regional NE2<\/p>\n<ul class=\"ssb_list_wrapper\"><li class=\"fb2\" style=\"width:135px\"><iframe src=\"\/\/www.facebook.com\/plugins\/like.php?href=https%3A%2F%2Fwww.caritasne2.org.br%2Fsite%2Fcaritas-suica-inaugura-novo-espaco-visita-projetos-financiados%2F&amp;layout=button_count&amp;action=like&amp;show_faces=false&amp;share=true&amp;width=135&amp;height=21&amp;appId=307091639398582\" scrolling=\"no\" frameborder=\"0\" style=\"border:none; overflow:hidden;  width:150px; height:21px;\" allowTransparency=\"true\"><\/iframe><\/li><li class=\"twtr\" style=\"width:90px\"><a href=\"https:\/\/twitter.com\/share\" class=\"twitter-share-button\" data-url=\"https:\/\/www.caritasne2.org.br\/site\/caritas-suica-inaugura-novo-espaco-visita-projetos-financiados\/\">&nbsp;<\/a><script>!function(d,s,id){var js,fjs=d.getElementsByTagName(s)[0],p=\/^http:\/.test(d.location)?'http':'https';if(!d.getElementById(id)){js=d.createElement(s);js.id=id;js.src=p+':\/\/platform.twitter.com\/widgets.js';fjs.parentNode.insertBefore(js,fjs);}}(document, 'script', 'twitter-wjs');<\/script><\/li><li class=\"gplus\" style=\"width:68px\"><div class=\"g-plusone\" data-size=\"medium\" data-href=\"https:\/\/www.caritasne2.org.br\/site\/caritas-suica-inaugura-novo-espaco-visita-projetos-financiados\/\"><\/div><\/li><li class=\"ssb_linkedin\" style=\"width:64px\"><script src=\"\/\/platform.linkedin.com\/in.js\" type=\"text\/javascript\">lang: en_US<\/script><script type=\"IN\/Share\" data-url=\"https:\/\/www.caritasne2.org.br\/site\/caritas-suica-inaugura-novo-espaco-visita-projetos-financiados\/\" data-counter=\"right\"><\/script><\/li><\/ul>","protected":false},"excerpt":{"rendered":"<p>Nesta ter\u00e7a-feira (19), a equipe da C\u00e1ritas Su\u00ed\u00e7a inaugurou o novo escrit\u00f3rio de representa\u00e7\u00e3o da organiza\u00e7\u00e3o no Brasil. O espa\u00e7o, localizado no bairro da Boa Vista, no Recife (PE), foi reformado e ganhou novo mobili\u00e1rio e equipamentos que ir\u00e3o auxiliar no trabalho do colaborador Hubert Eisele que acompanha os projetos socioambientais apoiados pela institui\u00e7\u00e3o no nosso pa\u00eds. Segundo a integrante da comitiva da entidade, Esther [&hellip;]<\/p>\n<ul class=\"ssb_list_wrapper\"><li class=\"fb2\" style=\"width:135px\"><iframe src=\"\/\/www.facebook.com\/plugins\/like.php?href=https%3A%2F%2Fwww.caritasne2.org.br%2Fsite%2Fcaritas-suica-inaugura-novo-espaco-visita-projetos-financiados%2F&amp;layout=button_count&amp;action=like&amp;show_faces=false&amp;share=true&amp;width=135&amp;height=21&amp;appId=307091639398582\" scrolling=\"no\" frameborder=\"0\" style=\"border:none; overflow:hidden;  width:150px; height:21px;\" allowTransparency=\"true\"><\/iframe><\/li><li class=\"twtr\" style=\"width:90px\"><a href=\"https:\/\/twitter.com\/share\" class=\"twitter-share-button\" data-url=\"https:\/\/www.caritasne2.org.br\/site\/caritas-suica-inaugura-novo-espaco-visita-projetos-financiados\/\">&nbsp;<\/a><script>!function(d,s,id){var js,fjs=d.getElementsByTagName(s)[0],p=\/^http:\/.test(d.location)?'http':'https';if(!d.getElementById(id)){js=d.createElement(s);js.id=id;js.src=p+':\/\/platform.twitter.com\/widgets.js';fjs.parentNode.insertBefore(js,fjs);}}(document, 'script', 'twitter-wjs');<\/script><\/li><li class=\"gplus\" style=\"width:68px\"><div class=\"g-plusone\" data-size=\"medium\" data-href=\"https:\/\/www.caritasne2.org.br\/site\/caritas-suica-inaugura-novo-espaco-visita-projetos-financiados\/\"><\/div><\/li><li class=\"ssb_linkedin\" style=\"width:64px\"><script src=\"\/\/platform.linkedin.com\/in.js\" type=\"text\/javascript\">lang: en_US<\/script><script type=\"IN\/Share\" data-url=\"https:\/\/www.caritasne2.org.br\/site\/caritas-suica-inaugura-novo-espaco-visita-projetos-financiados\/\" data-counter=\"right\"><\/script><\/li><\/ul>","protected":false},"author":4,"featured_media":3258,"comment_status":"open","ping_status":"open","sticky":false,"template":"","format":"standard","meta":[],"categories":[20,735],"tags":[533,67,732,733,734,736,737],"_links":{"self":[{"href":"https:\/\/www.caritasne2.org.br\/site\/wp-json\/wp\/v2\/posts\/3257"}],"collection":[{"href":"https:\/\/www.caritasne2.org.br\/site\/wp-json\/wp\/v2\/posts"}],"about":[{"href":"https:\/\/www.caritasne2.org.br\/site\/wp-json\/wp\/v2\/types\/post"}],"author":[{"embeddable":true,"href":"https:\/\/www.caritasne2.org.br\/site\/wp-json\/wp\/v2\/users\/4"}],"replies":[{"embeddable":true,"href":"https:\/\/www.caritasne2.org.br\/site\/wp-json\/wp\/v2\/comments?post=3257"}],"version-history":[{"count":0,"href":"https:\/\/www.caritasne2.org.br\/site\/wp-json\/wp\/v2\/posts\/3257\/revisions"}],"wp:featuredmedia":[{"embeddable":true,"href":"https:\/\/www.caritasne2.org.br\/site\/wp-json\/"}],"wp:attachment":[{"href":"https:\/\/www.caritasne2.org.br\/site\/wp-json\/wp\/v2\/media?parent=3257"}],"wp:term":[{"taxonomy":"category","embeddable":true,"href":"https:\/\/www.caritasne2.org.br\/site\/wp-json\/wp\/v2\/categories?post=3257"},{"taxonomy":"post_tag","embeddable":true,"href":"https:\/\/www.caritasne2.org.br\/site\/wp-json\/wp\/v2\/tags?post=3257"}],"curies":[{"name":"wp","href":"https:\/\/api.w.org\/{rel}","templated":true}]}}