{"id":3249,"date":"2016-03-24T18:01:53","date_gmt":"2016-03-24T21:01:53","guid":{"rendered":"http:\/\/ne2.caritas.org.br.s174889.gridserver.com\/?p=3249"},"modified":"2017-07-11T15:18:02","modified_gmt":"2017-07-11T18:18:02","slug":"uma-historia-de-resistencia-conquistas","status":"publish","type":"post","link":"https:\/\/www.caritasne2.org.br\/site\/uma-historia-de-resistencia-conquistas\/","title":{"rendered":"Uma hist\u00f3ria de resist\u00eancia e conquistas"},"content":{"rendered":"<p style=\"text-align: center;\"><em>Oportunidades que transformam o Semi\u00e1rido e tornam as fam\u00edlias protagonistas da pr\u00f3pria hist\u00f3ria<\/em><\/p>\n<p style=\"text-align: justify;\">\u00c1gua para beber e para produzir. Hoje, essa \u00e9 a realidade de muitas fam\u00edlias agricultoras que t\u00eam no terreiro de casa as cisternas de primeira e segunda \u00e1gua. Se agora \u00e9 poss\u00edvel armazenar o l\u00edquido e ter mais facilidade em fazer a gest\u00e3o, no passado n\u00e3o era bem assim, mas o que a chegada de uma cisterna pode proporcionar na vida de uma fam\u00edlia \u00e9 o que vamos conhecer na hist\u00f3ria da agricultora Maria Edileuza Oliveira Ferreira, de 47 anos.<\/p>\n<p style=\"text-align: justify;\">Ela \u00e9 casada com Jos\u00e9 Ferreira Reis, de 48 anos, e tem tr\u00eas filhos: Jos\u00e9 Wellington, de 22 anos; Maria Eliude, de 20 anos; e Jo\u00e3o Ebson Ferreira<\/p>\n<figure id=\"attachment_3252\" aria-describedby=\"caption-attachment-3252\" style=\"width: 300px\" class=\"wp-caption alignright\"><a href=\"http:\/\/ne2.caritas.org.br.s174889.gridserver.com\/2016\/03\/24\/uma-historia-de-resistencia-conquistas\/familia-da-agricultora\/\" rel=\"attachment wp-att-3252\"><img decoding=\"async\" loading=\"lazy\" class=\"size-medium wp-image-3252\" title=\"Fam\u00edlia da agricultora\" src=\"http:\/\/ne2.caritas.org.br.s174889.gridserver.com\/wp-content\/uploads\/2016\/03\/Fam\u00edlia-da-agricultora-300x226.png\" alt=\"\" width=\"300\" height=\"226\" \/><\/a><figcaption id=\"caption-attachment-3252\" class=\"wp-caption-text\">Dona Maria Edileuza e fam\u00edlia<\/figcaption><\/figure>\n<p style=\"text-align: justify;\">Reis, de 9 anos. Moradora do S\u00edtio Tamboril, no munic\u00edpio de Terezinha, trabalhou desde cedo na agricultura e conhece de perto as dificuldades da falta de \u00e1gua. \u201cAntes, era necess\u00e1rio sair de madrugada, andar quase 3 quil\u00f4metros com o carro de boi, mas hoje \u00e9 diferente, podemos ir a qualquer hora nas cisternas e buscar a \u00e1gua para cozinhar, beber e agoar as planta\u00e7\u00f5es. Muitas coisas mudaram. Eu s\u00f3 tenho a agradecer e dizer que esse projeto contribuiu muito para melhorar a vida da minha fam\u00edlia\u201d, afirma.<\/p>\n<p style=\"text-align: justify;\">Em 2013, quando recebeu a cisternaenxurrada, dona Edileuza percebeu que poderia diversificar a produ\u00e7\u00e3o e aumentar o or\u00e7amento familiar. \u201cDespertei para plantar mais verduras e o resultado obtido me animou. Percebi que al\u00e9m de servir para o consumo da fam\u00edlia, o excedente poderia ser comercializado e, com isso, aumentar a nossa renda. Foi assim que come\u00e7amos a participar do Programa de Aquisi\u00e7\u00e3o de Alimentos (PAA), que embora seja algo por um per\u00edodo espec\u00edfico de tempo, nos permite um aumento no nosso lucro \u201d, conta.<\/p>\n<p style=\"text-align: justify;\">Toda a fam\u00edlia \u00e9 envolvida no trabalho, pois eles acreditam que quando o trabalho \u00e9 realizado de maneira conjunta, \u00e9 poss\u00edvel obter melhores e maiores resultados, n\u00e3o s\u00f3 no que diz respeito \u00e0 quantidade produzida, mas tamb\u00e9m na qualidade das atividades e no fortalecimento dos v\u00ednculos entre pais, filhos e irm\u00e3os. \u2018\u2018Eu gosto de ser agricultora. Meu maior prazer \u00e9 ver que, na ro\u00e7a, voc\u00ea trabalha e tem. Muito ou pouco, mas o que \u00e9 adquirido com o seu trabalho tem gosto de conquista, de vit\u00f3ria. \u00c9 certo que, como em qualquer trabalho, existem as dificuldades, mas somos felizes\u2019. Quero trabalhar no campo at\u00e9 o momento em que minha sa\u00fade permitir\u2019\u2019, explica.<\/p>\n<figure id=\"attachment_3253\" aria-describedby=\"caption-attachment-3253\" style=\"width: 300px\" class=\"wp-caption alignleft\"><a href=\"http:\/\/ne2.caritas.org.br.s174889.gridserver.com\/2016\/03\/24\/uma-historia-de-resistencia-conquistas\/agricultora-regando\/\" rel=\"attachment wp-att-3253\"><img decoding=\"async\" loading=\"lazy\" class=\"size-medium wp-image-3253\" title=\"agricultora regando\" src=\"http:\/\/ne2.caritas.org.br.s174889.gridserver.com\/wp-content\/uploads\/2016\/03\/agricultora-regando-300x225.png\" alt=\"\" width=\"300\" height=\"225\" \/><\/a><figcaption id=\"caption-attachment-3253\" class=\"wp-caption-text\">Depois da cisterna-enxurrada, a produ\u00e7\u00e3o de alimentos aumentou e o excedente \u00e9 comercializado<\/figcaption><\/figure>\n<p style=\"text-align: justify;\">Se depender da for\u00e7a de vontade, da coragem e do zelo que dona Edileuza tem para trabalhar, sa\u00fade \u00e9 o que n\u00e3o vai faltar. \u00c9 por isso que os planos para a propriedade s\u00f3 aumentam. O foco principal \u00e9 melhorar a produ\u00e7\u00e3o. \u2018\u2018Tenho vontade de fazer uma estufa para cultivar nela. Essa foi uma experi\u00eancia que deu certo com o vizinho e resultou em um trabalho muito bonito\u2019\u2019, finalizou.<\/p>\n<p style=\"text-align: justify;\">Por Lidiane Santos | Assessoria de Comunica\u00e7\u00e3o da C\u00e1ritas Brasileira Regional NE2.<\/p>\n<p style=\"text-align: justify;\">Experi\u00eancia relatada no O Candeeiro &#8211; Boletim Informativo do Programa Uma Terra e Duas \u00c1guas.<\/p>\n<ul class=\"ssb_list_wrapper\"><li class=\"fb2\" style=\"width:135px\"><iframe src=\"\/\/www.facebook.com\/plugins\/like.php?href=https%3A%2F%2Fwww.caritasne2.org.br%2Fsite%2Fuma-historia-de-resistencia-conquistas%2F&amp;layout=button_count&amp;action=like&amp;show_faces=false&amp;share=true&amp;width=135&amp;height=21&amp;appId=307091639398582\" scrolling=\"no\" frameborder=\"0\" style=\"border:none; overflow:hidden;  width:150px; height:21px;\" allowTransparency=\"true\"><\/iframe><\/li><li class=\"twtr\" style=\"width:90px\"><a href=\"https:\/\/twitter.com\/share\" class=\"twitter-share-button\" data-url=\"https:\/\/www.caritasne2.org.br\/site\/uma-historia-de-resistencia-conquistas\/\">&nbsp;<\/a><script>!function(d,s,id){var js,fjs=d.getElementsByTagName(s)[0],p=\/^http:\/.test(d.location)?'http':'https';if(!d.getElementById(id)){js=d.createElement(s);js.id=id;js.src=p+':\/\/platform.twitter.com\/widgets.js';fjs.parentNode.insertBefore(js,fjs);}}(document, 'script', 'twitter-wjs');<\/script><\/li><li class=\"gplus\" style=\"width:68px\"><div class=\"g-plusone\" data-size=\"medium\" data-href=\"https:\/\/www.caritasne2.org.br\/site\/uma-historia-de-resistencia-conquistas\/\"><\/div><\/li><li class=\"ssb_linkedin\" style=\"width:64px\"><script src=\"\/\/platform.linkedin.com\/in.js\" type=\"text\/javascript\">lang: en_US<\/script><script type=\"IN\/Share\" data-url=\"https:\/\/www.caritasne2.org.br\/site\/uma-historia-de-resistencia-conquistas\/\" data-counter=\"right\"><\/script><\/li><\/ul>","protected":false},"excerpt":{"rendered":"<p>Oportunidades que transformam o Semi\u00e1rido e tornam as fam\u00edlias protagonistas da pr\u00f3pria hist\u00f3ria \u00c1gua para beber e para produzir. Hoje, essa \u00e9 a realidade de muitas fam\u00edlias agricultoras que t\u00eam no terreiro de casa as cisternas de primeira e segunda \u00e1gua. Se agora \u00e9 poss\u00edvel armazenar o l\u00edquido e ter mais facilidade em fazer a gest\u00e3o, no passado n\u00e3o era bem assim, mas o que [&hellip;]<\/p>\n<ul class=\"ssb_list_wrapper\"><li class=\"fb2\" style=\"width:135px\"><iframe src=\"\/\/www.facebook.com\/plugins\/like.php?href=https%3A%2F%2Fwww.caritasne2.org.br%2Fsite%2Fuma-historia-de-resistencia-conquistas%2F&amp;layout=button_count&amp;action=like&amp;show_faces=false&amp;share=true&amp;width=135&amp;height=21&amp;appId=307091639398582\" scrolling=\"no\" frameborder=\"0\" style=\"border:none; overflow:hidden;  width:150px; height:21px;\" allowTransparency=\"true\"><\/iframe><\/li><li class=\"twtr\" style=\"width:90px\"><a href=\"https:\/\/twitter.com\/share\" class=\"twitter-share-button\" data-url=\"https:\/\/www.caritasne2.org.br\/site\/uma-historia-de-resistencia-conquistas\/\">&nbsp;<\/a><script>!function(d,s,id){var js,fjs=d.getElementsByTagName(s)[0],p=\/^http:\/.test(d.location)?'http':'https';if(!d.getElementById(id)){js=d.createElement(s);js.id=id;js.src=p+':\/\/platform.twitter.com\/widgets.js';fjs.parentNode.insertBefore(js,fjs);}}(document, 'script', 'twitter-wjs');<\/script><\/li><li class=\"gplus\" style=\"width:68px\"><div class=\"g-plusone\" data-size=\"medium\" data-href=\"https:\/\/www.caritasne2.org.br\/site\/uma-historia-de-resistencia-conquistas\/\"><\/div><\/li><li class=\"ssb_linkedin\" style=\"width:64px\"><script src=\"\/\/platform.linkedin.com\/in.js\" type=\"text\/javascript\">lang: en_US<\/script><script type=\"IN\/Share\" data-url=\"https:\/\/www.caritasne2.org.br\/site\/uma-historia-de-resistencia-conquistas\/\" data-counter=\"right\"><\/script><\/li><\/ul>","protected":false},"author":4,"featured_media":3251,"comment_status":"open","ping_status":"open","sticky":false,"template":"","format":"standard","meta":[],"categories":[20,148],"tags":[90,222,67,96,371,100],"_links":{"self":[{"href":"https:\/\/www.caritasne2.org.br\/site\/wp-json\/wp\/v2\/posts\/3249"}],"collection":[{"href":"https:\/\/www.caritasne2.org.br\/site\/wp-json\/wp\/v2\/posts"}],"about":[{"href":"https:\/\/www.caritasne2.org.br\/site\/wp-json\/wp\/v2\/types\/post"}],"author":[{"embeddable":true,"href":"https:\/\/www.caritasne2.org.br\/site\/wp-json\/wp\/v2\/users\/4"}],"replies":[{"embeddable":true,"href":"https:\/\/www.caritasne2.org.br\/site\/wp-json\/wp\/v2\/comments?post=3249"}],"version-history":[{"count":0,"href":"https:\/\/www.caritasne2.org.br\/site\/wp-json\/wp\/v2\/posts\/3249\/revisions"}],"wp:featuredmedia":[{"embeddable":true,"href":"https:\/\/www.caritasne2.org.br\/site\/wp-json\/"}],"wp:attachment":[{"href":"https:\/\/www.caritasne2.org.br\/site\/wp-json\/wp\/v2\/media?parent=3249"}],"wp:term":[{"taxonomy":"category","embeddable":true,"href":"https:\/\/www.caritasne2.org.br\/site\/wp-json\/wp\/v2\/categories?post=3249"},{"taxonomy":"post_tag","embeddable":true,"href":"https:\/\/www.caritasne2.org.br\/site\/wp-json\/wp\/v2\/tags?post=3249"}],"curies":[{"name":"wp","href":"https:\/\/api.w.org\/{rel}","templated":true}]}}