{"id":3240,"date":"2016-03-23T17:23:23","date_gmt":"2016-03-23T20:23:23","guid":{"rendered":"http:\/\/ne2.caritas.org.br.s174889.gridserver.com\/?p=3240"},"modified":"2017-07-11T15:18:02","modified_gmt":"2017-07-11T18:18:02","slug":"caminhos-para-soberania-alimentar","status":"publish","type":"post","link":"https:\/\/www.caritasne2.org.br\/site\/caminhos-para-soberania-alimentar\/","title":{"rendered":"Caminhos para a Soberania Alimentar"},"content":{"rendered":"<p style=\"text-align: center;\"><em>Conhe\u00e7a a hist\u00f3ria de uma agricultora que, a partir da cisterna-cal\u00e7ad\u00e3o, descobriu que \u00e9 poss\u00edvel se alimentar melhor, ter qualidade de vida e ainda economizar<\/em><\/p>\n<p>\u00a0<span style=\"text-align: justify;\">Essa \u00e9 a hist\u00f3ria da agricultora Juleide de Lucena Monteiro, de 47 anos, que \u00e9 casada com Silvano Monteiro da Silva, de 50 anos. O casal tem dois filhos: Jine K\u00e1cia de Lucena Monteiro, de 26 anos, e Jonas Carlos de Lucena Monteiro, de 22 anos. A fam\u00edlia mora na comunidade Po\u00e7os, no munic\u00edpio de Terezinha e em 2014 foi contemplada com uma cisterna cal\u00e7ad\u00e3o. \u201cHouve uma mudan\u00e7a significativa a partir da cisterna, ou melhor, antes mesmo da gente t\u00ea-la em nosso terreiro de casa, porque durante as capacita\u00e7\u00f5es de Gest\u00e3o de \u00c1gua (Gapa) e de Sistemas Simplificados (Sisma) destinadas \u00e0 produ\u00e7\u00e3o de alimentos, eu j\u00e1 comecei a ver os benef\u00edcios que pequenas a\u00e7\u00f5es podem trazer. Tudo come\u00e7ou com as hortas candeeiros, que s\u00e3o pequenos cultivos que fazemos em garrafas de pl\u00e1stico e t\u00eam como objetivo aproveitar os espa\u00e7os. Ent\u00e3o eu comecei a plantar cebolinha e coentro e, como eles crescem r\u00e1pido, em pouco tempo, n\u00f3s j\u00e1 est\u00e1vamos consumindo\u201d, afirma.<\/span><\/p>\n<p style=\"text-align: justify;\">Se os primeiros resultados j\u00e1 podiam ser vistos antes da cisterna cal\u00e7ad\u00e3o ser constru\u00edda, a conclus\u00e3o da obra fortaleceu ainda mais o<\/p>\n<figure id=\"attachment_3243\" aria-describedby=\"caption-attachment-3243\" style=\"width: 300px\" class=\"wp-caption alignright\"><a href=\"http:\/\/ne2.caritas.org.br.s174889.gridserver.com\/2016\/03\/23\/caminhos-para-soberania-alimentar\/cultivo-2\/\" rel=\"attachment wp-att-3243\"><img decoding=\"async\" loading=\"lazy\" class=\"size-medium wp-image-3243\" title=\"produ\u00e7\u00e3o\" src=\"http:\/\/ne2.caritas.org.br.s174889.gridserver.com\/wp-content\/uploads\/2016\/03\/Cultivo-2-300x225.png\" alt=\"\" width=\"300\" height=\"225\" \/><\/a><figcaption id=\"caption-attachment-3243\" class=\"wp-caption-text\">Agricultora mostra a planta\u00e7\u00e3o de tomates ao redor da cisterna<\/figcaption><\/figure>\n<p style=\"text-align: justify;\">conhecimento adquirido. \u201cA partir do que eu aprendi nascapacita\u00e7\u00f5es, eu comecei a plantar. Lembro que eu ia para feira, comprava v\u00e1rias verduras e, quando eu chegava em casa, colocava-as no hipoclorito para fazer a higieniza\u00e7\u00e3o, porque sabemos que ali h\u00e1 veneno.<\/p>\n<p style=\"text-align: justify;\">Hoje \u00e9 diferente, a gente come cebola, coentro, tomate, alface, quiabo, tudo plantado ao redor da casa. Ent\u00e3o, n\u00e3o \u00e9 s\u00f3 a quest\u00e3o financeira que mudou, mas tamb\u00e9m na qualidade de vida. Est\u00e1 muito bom desse jeito, a gente come sem medo\u201d, completa.<\/p>\n<p style=\"text-align: justify;\">Nascida e criada na zona rural, muitas coisas vistas nas capacita\u00e7\u00f5es foram relembradas. \u201cEu j\u00e1 conhecia algumas coisas, mas eu nunca tinha tido essa for\u00e7a de vontade. A capacita\u00e7\u00e3o envolve a gente, desperta aquela coragem para colocar em pr\u00e1tica, faz com que sintamos a necessidade de ver que podemos mudar nossa realidade\u201d, conta.<\/p>\n<p style=\"text-align: justify;\">Mas dona Juleide n\u00e3o est\u00e1 sozinha, ela conta com o apoio da fam\u00edlia para realizar esse trabalho. \u201cO meu filho me ajuda. Ele prepara a terra e eu planto, ele cultiva e eu molho e assim a gente vai cultivando. Se fosse apenas eu, n\u00e3o teria condi\u00e7\u00f5es de cuidar. Continuaria apenas com as hortas candeeiros, que ficam pr\u00f3ximas \u00e0 casa e n\u00e3o pesam. Como eu tenho problemas na coluna, n\u00e3o posso trabalhar agachada, mas com a ajuda do meu filho e esposo foi poss\u00edvel ter uma horta maior e melhor\u201d, comemora.<\/p>\n<p style=\"text-align: justify;\">E \u00e9 repassando o que aprendeu e fazendo com que outras pessoas despertem para esse trabalho que a agricultora afirma que a falta de tempo n\u00e3o \u00e9 desculpa para quem quer trabalhar, pois ressalta que o importante \u00e9 ter vontade para ver as coisas acontecerem. Al\u00e9m da produ\u00e7\u00e3o vegetal, a fam\u00edlia tamb\u00e9m investiu na cria\u00e7\u00e3o de galinhas e tem planos de criar ovelhas, assim que construir uma estrutura para os animais, no terreiro de casa, com o car\u00e1ter produtivo que acompanha a implementa\u00e7\u00e3o h\u00eddrica.<\/p>\n<figure id=\"attachment_3244\" aria-describedby=\"caption-attachment-3244\" style=\"width: 300px\" class=\"wp-caption aligncenter\"><a href=\"http:\/\/ne2.caritas.org.br.s174889.gridserver.com\/2016\/03\/23\/caminhos-para-soberania-alimentar\/cultivo-3-2\/\" rel=\"attachment wp-att-3244\"><img decoding=\"async\" loading=\"lazy\" class=\"size-medium wp-image-3244\" title=\"Casal de agricultores\" src=\"http:\/\/ne2.caritas.org.br.s174889.gridserver.com\/wp-content\/uploads\/2016\/03\/Cultivo-31-300x225.png\" alt=\"\" width=\"300\" height=\"225\" \/><\/a><figcaption id=\"caption-attachment-3244\" class=\"wp-caption-text\">Dona Juleide e seu Silvano<\/figcaption><\/figure>\n<p style=\"text-align: justify;\">Por Lidiane Santos | Assessoria de Comunica\u00e7\u00e3o da C\u00e1ritas Brasileira Regional NE2<\/p>\n<p style=\"text-align: justify;\">Experi\u00eancia relatada no O Candeeiro &#8211; Boletim Informativo do Programa Uma Terra e Duas \u00c1guas<\/p>\n<ul class=\"ssb_list_wrapper\"><li class=\"fb2\" style=\"width:135px\"><iframe src=\"\/\/www.facebook.com\/plugins\/like.php?href=https%3A%2F%2Fwww.caritasne2.org.br%2Fsite%2Fcaminhos-para-soberania-alimentar%2F&amp;layout=button_count&amp;action=like&amp;show_faces=false&amp;share=true&amp;width=135&amp;height=21&amp;appId=307091639398582\" scrolling=\"no\" frameborder=\"0\" style=\"border:none; overflow:hidden;  width:150px; height:21px;\" allowTransparency=\"true\"><\/iframe><\/li><li class=\"twtr\" style=\"width:90px\"><a href=\"https:\/\/twitter.com\/share\" class=\"twitter-share-button\" data-url=\"https:\/\/www.caritasne2.org.br\/site\/caminhos-para-soberania-alimentar\/\">&nbsp;<\/a><script>!function(d,s,id){var js,fjs=d.getElementsByTagName(s)[0],p=\/^http:\/.test(d.location)?'http':'https';if(!d.getElementById(id)){js=d.createElement(s);js.id=id;js.src=p+':\/\/platform.twitter.com\/widgets.js';fjs.parentNode.insertBefore(js,fjs);}}(document, 'script', 'twitter-wjs');<\/script><\/li><li class=\"gplus\" style=\"width:68px\"><div class=\"g-plusone\" data-size=\"medium\" data-href=\"https:\/\/www.caritasne2.org.br\/site\/caminhos-para-soberania-alimentar\/\"><\/div><\/li><li class=\"ssb_linkedin\" style=\"width:64px\"><script src=\"\/\/platform.linkedin.com\/in.js\" type=\"text\/javascript\">lang: en_US<\/script><script type=\"IN\/Share\" data-url=\"https:\/\/www.caritasne2.org.br\/site\/caminhos-para-soberania-alimentar\/\" data-counter=\"right\"><\/script><\/li><\/ul>","protected":false},"excerpt":{"rendered":"<p>Conhe\u00e7a a hist\u00f3ria de uma agricultora que, a partir da cisterna-cal\u00e7ad\u00e3o, descobriu que \u00e9 poss\u00edvel se alimentar melhor, ter qualidade de vida e ainda economizar \u00a0Essa \u00e9 a hist\u00f3ria da agricultora Juleide de Lucena Monteiro, de 47 anos, que \u00e9 casada com Silvano Monteiro da Silva, de 50 anos. O casal tem dois filhos: Jine K\u00e1cia de Lucena Monteiro, de 26 anos, e Jonas Carlos [&hellip;]<\/p>\n<ul class=\"ssb_list_wrapper\"><li class=\"fb2\" style=\"width:135px\"><iframe src=\"\/\/www.facebook.com\/plugins\/like.php?href=https%3A%2F%2Fwww.caritasne2.org.br%2Fsite%2Fcaminhos-para-soberania-alimentar%2F&amp;layout=button_count&amp;action=like&amp;show_faces=false&amp;share=true&amp;width=135&amp;height=21&amp;appId=307091639398582\" scrolling=\"no\" frameborder=\"0\" style=\"border:none; overflow:hidden;  width:150px; height:21px;\" allowTransparency=\"true\"><\/iframe><\/li><li class=\"twtr\" style=\"width:90px\"><a href=\"https:\/\/twitter.com\/share\" class=\"twitter-share-button\" data-url=\"https:\/\/www.caritasne2.org.br\/site\/caminhos-para-soberania-alimentar\/\">&nbsp;<\/a><script>!function(d,s,id){var js,fjs=d.getElementsByTagName(s)[0],p=\/^http:\/.test(d.location)?'http':'https';if(!d.getElementById(id)){js=d.createElement(s);js.id=id;js.src=p+':\/\/platform.twitter.com\/widgets.js';fjs.parentNode.insertBefore(js,fjs);}}(document, 'script', 'twitter-wjs');<\/script><\/li><li class=\"gplus\" style=\"width:68px\"><div class=\"g-plusone\" data-size=\"medium\" data-href=\"https:\/\/www.caritasne2.org.br\/site\/caminhos-para-soberania-alimentar\/\"><\/div><\/li><li class=\"ssb_linkedin\" style=\"width:64px\"><script src=\"\/\/platform.linkedin.com\/in.js\" type=\"text\/javascript\">lang: en_US<\/script><script type=\"IN\/Share\" data-url=\"https:\/\/www.caritasne2.org.br\/site\/caminhos-para-soberania-alimentar\/\" data-counter=\"right\"><\/script><\/li><\/ul>","protected":false},"author":4,"featured_media":3241,"comment_status":"open","ping_status":"open","sticky":false,"template":"","format":"standard","meta":[],"categories":[20,148],"tags":[90,67,139,275,371],"_links":{"self":[{"href":"https:\/\/www.caritasne2.org.br\/site\/wp-json\/wp\/v2\/posts\/3240"}],"collection":[{"href":"https:\/\/www.caritasne2.org.br\/site\/wp-json\/wp\/v2\/posts"}],"about":[{"href":"https:\/\/www.caritasne2.org.br\/site\/wp-json\/wp\/v2\/types\/post"}],"author":[{"embeddable":true,"href":"https:\/\/www.caritasne2.org.br\/site\/wp-json\/wp\/v2\/users\/4"}],"replies":[{"embeddable":true,"href":"https:\/\/www.caritasne2.org.br\/site\/wp-json\/wp\/v2\/comments?post=3240"}],"version-history":[{"count":0,"href":"https:\/\/www.caritasne2.org.br\/site\/wp-json\/wp\/v2\/posts\/3240\/revisions"}],"wp:featuredmedia":[{"embeddable":true,"href":"https:\/\/www.caritasne2.org.br\/site\/wp-json\/"}],"wp:attachment":[{"href":"https:\/\/www.caritasne2.org.br\/site\/wp-json\/wp\/v2\/media?parent=3240"}],"wp:term":[{"taxonomy":"category","embeddable":true,"href":"https:\/\/www.caritasne2.org.br\/site\/wp-json\/wp\/v2\/categories?post=3240"},{"taxonomy":"post_tag","embeddable":true,"href":"https:\/\/www.caritasne2.org.br\/site\/wp-json\/wp\/v2\/tags?post=3240"}],"curies":[{"name":"wp","href":"https:\/\/api.w.org\/{rel}","templated":true}]}}