{"id":3232,"date":"2016-03-22T16:50:44","date_gmt":"2016-03-22T19:50:44","guid":{"rendered":"http:\/\/ne2.caritas.org.br.s174889.gridserver.com\/?p=3232"},"modified":"2017-07-11T15:18:02","modified_gmt":"2017-07-11T18:18:02","slug":"agua-producao-agroecologica-conheca-historias-de-vida","status":"publish","type":"post","link":"https:\/\/www.caritasne2.org.br\/site\/agua-producao-agroecologica-conheca-historias-de-vida\/","title":{"rendered":"\u00c1gua e produ\u00e7\u00e3o agroecol\u00f3gica: conhe\u00e7a hist\u00f3rias de vida"},"content":{"rendered":"<p style=\"text-align: justify;\">Meu nome \u00e9 Edv\u00e2nia dos Santos Ferreira, mas todos por aqui no Sitio Oiteiro, munic\u00edpio de Garanhuns (PE), me conhecem como Diva.\u00a0<span style=\"text-align: justify;\">Sou agricultora, casada com Cl\u00e1udio Ferreira de Melo, m\u00e3e de quatro filhos, e desempenho em minha propriedade o cultivo de hortali\u00e7as org\u00e2nicas atrav\u00e9s das pr\u00e1ticas agroecol\u00f3gicas. <\/span><\/p>\n<p style=\"text-align: justify;\"><span style=\"text-align: justify;\">Sempre fui determinada a aprender e a buscar melhorias e tecnologias para ampliar a minha produ\u00e7\u00e3o e, assim, melhorar a qualidade de vida da minha fam\u00edlia e daqueles para quem vendo os produtos.<\/span><\/p>\n<p style=\"text-align: justify;\">Hoje, atrav\u00e9s das reuni\u00f5es que sempre costumo participar e dos projetos que algumas entidades, entre elas, a C\u00e1ritas Diocesana de Pesqueira, implementaram na nossa comunidade, como as tecnologias sociais, nossa vida melhorou.<\/p>\n<p style=\"text-align: justify;\">Desta forma, consegui adquirir a cisterna de placa de 16 mil litros; a cisterna cal\u00e7ad\u00e3o de 52 mil litros d\u2019\u00e1gua que muito ajuda na a produ\u00e7\u00e3o de alimentos; o bio\u00e1gua que trata e filtra as \u00e1guas de sab\u00e3o que v\u00eam das lavagens de roupas, e, que em seguida uso para regar as planta\u00e7\u00f5es. Assim, reaproveito essa \u00e1gua; o minhoc\u00e1rio que fornece adubo org\u00e2nico para as hortali\u00e7as; e o terreiro de secagem que uso para secar feij\u00e3o, milho e as castanhas de caju.<\/p>\n<p style=\"text-align: justify;\">Logo que cheguei para morar aqui, tudo que se via era muito mato, e tudo muito seco. Aos poucos fomos mudando a paisagem, plantando uma \u00e1rvore aqui, um capim ali, a ro\u00e7a de feij\u00e3o, milho, batata, mandioca, enfim, o que desse a gente plantava.<\/p>\n<p style=\"text-align: justify;\">Agora com a chegada mais recente da cisterna cal\u00e7ad\u00e3o, eu planejo aumentar a produ\u00e7\u00e3o das verduras diversas: piment\u00e3o, cebolinha, coentro, alface, tomate, cenoura, alecrim, couve, entre outras. Tamb\u00e9m quero come\u00e7ar a plantar fruteiras.<\/p>\n<p style=\"text-align: justify;\">Por Jackson F\u00e9lix \/ C\u00e1ritas Diocesana de Pesqueira<\/p>\n<p>&nbsp;<\/p>\n<ul class=\"ssb_list_wrapper\"><li class=\"fb2\" style=\"width:135px\"><iframe src=\"\/\/www.facebook.com\/plugins\/like.php?href=https%3A%2F%2Fwww.caritasne2.org.br%2Fsite%2Fagua-producao-agroecologica-conheca-historias-de-vida%2F&amp;layout=button_count&amp;action=like&amp;show_faces=false&amp;share=true&amp;width=135&amp;height=21&amp;appId=307091639398582\" scrolling=\"no\" frameborder=\"0\" style=\"border:none; overflow:hidden;  width:150px; height:21px;\" allowTransparency=\"true\"><\/iframe><\/li><li class=\"twtr\" style=\"width:90px\"><a href=\"https:\/\/twitter.com\/share\" class=\"twitter-share-button\" data-url=\"https:\/\/www.caritasne2.org.br\/site\/agua-producao-agroecologica-conheca-historias-de-vida\/\">&nbsp;<\/a><script>!function(d,s,id){var js,fjs=d.getElementsByTagName(s)[0],p=\/^http:\/.test(d.location)?'http':'https';if(!d.getElementById(id)){js=d.createElement(s);js.id=id;js.src=p+':\/\/platform.twitter.com\/widgets.js';fjs.parentNode.insertBefore(js,fjs);}}(document, 'script', 'twitter-wjs');<\/script><\/li><li class=\"gplus\" style=\"width:68px\"><div class=\"g-plusone\" data-size=\"medium\" data-href=\"https:\/\/www.caritasne2.org.br\/site\/agua-producao-agroecologica-conheca-historias-de-vida\/\"><\/div><\/li><li class=\"ssb_linkedin\" style=\"width:64px\"><script src=\"\/\/platform.linkedin.com\/in.js\" type=\"text\/javascript\">lang: en_US<\/script><script type=\"IN\/Share\" data-url=\"https:\/\/www.caritasne2.org.br\/site\/agua-producao-agroecologica-conheca-historias-de-vida\/\" data-counter=\"right\"><\/script><\/li><\/ul>","protected":false},"excerpt":{"rendered":"<p>Meu nome \u00e9 Edv\u00e2nia dos Santos Ferreira, mas todos por aqui no Sitio Oiteiro, munic\u00edpio de Garanhuns (PE), me conhecem como Diva.\u00a0Sou agricultora, casada com Cl\u00e1udio Ferreira de Melo, m\u00e3e de quatro filhos, e desempenho em minha propriedade o cultivo de hortali\u00e7as org\u00e2nicas atrav\u00e9s das pr\u00e1ticas agroecol\u00f3gicas. Sempre fui determinada a aprender e a buscar melhorias e tecnologias para ampliar a minha produ\u00e7\u00e3o e, assim, [&hellip;]<\/p>\n<ul class=\"ssb_list_wrapper\"><li class=\"fb2\" style=\"width:135px\"><iframe src=\"\/\/www.facebook.com\/plugins\/like.php?href=https%3A%2F%2Fwww.caritasne2.org.br%2Fsite%2Fagua-producao-agroecologica-conheca-historias-de-vida%2F&amp;layout=button_count&amp;action=like&amp;show_faces=false&amp;share=true&amp;width=135&amp;height=21&amp;appId=307091639398582\" scrolling=\"no\" frameborder=\"0\" style=\"border:none; overflow:hidden;  width:150px; height:21px;\" allowTransparency=\"true\"><\/iframe><\/li><li class=\"twtr\" style=\"width:90px\"><a href=\"https:\/\/twitter.com\/share\" class=\"twitter-share-button\" data-url=\"https:\/\/www.caritasne2.org.br\/site\/agua-producao-agroecologica-conheca-historias-de-vida\/\">&nbsp;<\/a><script>!function(d,s,id){var js,fjs=d.getElementsByTagName(s)[0],p=\/^http:\/.test(d.location)?'http':'https';if(!d.getElementById(id)){js=d.createElement(s);js.id=id;js.src=p+':\/\/platform.twitter.com\/widgets.js';fjs.parentNode.insertBefore(js,fjs);}}(document, 'script', 'twitter-wjs');<\/script><\/li><li class=\"gplus\" style=\"width:68px\"><div class=\"g-plusone\" data-size=\"medium\" data-href=\"https:\/\/www.caritasne2.org.br\/site\/agua-producao-agroecologica-conheca-historias-de-vida\/\"><\/div><\/li><li class=\"ssb_linkedin\" style=\"width:64px\"><script src=\"\/\/platform.linkedin.com\/in.js\" type=\"text\/javascript\">lang: en_US<\/script><script type=\"IN\/Share\" data-url=\"https:\/\/www.caritasne2.org.br\/site\/agua-producao-agroecologica-conheca-historias-de-vida\/\" data-counter=\"right\"><\/script><\/li><\/ul>","protected":false},"author":4,"featured_media":3233,"comment_status":"open","ping_status":"open","sticky":false,"template":"","format":"standard","meta":[],"categories":[20,148],"tags":[125,90,730,67,96,371],"_links":{"self":[{"href":"https:\/\/www.caritasne2.org.br\/site\/wp-json\/wp\/v2\/posts\/3232"}],"collection":[{"href":"https:\/\/www.caritasne2.org.br\/site\/wp-json\/wp\/v2\/posts"}],"about":[{"href":"https:\/\/www.caritasne2.org.br\/site\/wp-json\/wp\/v2\/types\/post"}],"author":[{"embeddable":true,"href":"https:\/\/www.caritasne2.org.br\/site\/wp-json\/wp\/v2\/users\/4"}],"replies":[{"embeddable":true,"href":"https:\/\/www.caritasne2.org.br\/site\/wp-json\/wp\/v2\/comments?post=3232"}],"version-history":[{"count":0,"href":"https:\/\/www.caritasne2.org.br\/site\/wp-json\/wp\/v2\/posts\/3232\/revisions"}],"wp:featuredmedia":[{"embeddable":true,"href":"https:\/\/www.caritasne2.org.br\/site\/wp-json\/"}],"wp:attachment":[{"href":"https:\/\/www.caritasne2.org.br\/site\/wp-json\/wp\/v2\/media?parent=3232"}],"wp:term":[{"taxonomy":"category","embeddable":true,"href":"https:\/\/www.caritasne2.org.br\/site\/wp-json\/wp\/v2\/categories?post=3232"},{"taxonomy":"post_tag","embeddable":true,"href":"https:\/\/www.caritasne2.org.br\/site\/wp-json\/wp\/v2\/tags?post=3232"}],"curies":[{"name":"wp","href":"https:\/\/api.w.org\/{rel}","templated":true}]}}