{"id":3194,"date":"2016-03-16T08:42:17","date_gmt":"2016-03-16T11:42:17","guid":{"rendered":"http:\/\/ne2.caritas.org.br.s174889.gridserver.com\/?p=3194"},"modified":"2017-07-11T15:18:20","modified_gmt":"2017-07-11T18:18:20","slug":"deus-fica-contente-quando-eu-ajudo-um-irmao-menor-eu-isso-para-mim-e-servir-deus","status":"publish","type":"post","link":"https:\/\/www.caritasne2.org.br\/site\/deus-fica-contente-quando-eu-ajudo-um-irmao-menor-eu-isso-para-mim-e-servir-deus\/","title":{"rendered":"\u201cDeus fica contente quando eu ajudo um irm\u00e3o menor que eu. E isso para mim \u00e9 servir a Deus\u201d"},"content":{"rendered":"<p>\u201cDeus fica contente quando eu ajudo um irm\u00e3o menor que eu. E isso para mim \u00e9 servir a Deus\u201d<\/p>\n<p>Nasci e me criei em Bu\u00edque. Tenho 79 anos, meu nome de batismo \u00e9 Maria Jos\u00e9 da Concei\u00e7\u00e3o, mas na escola haviam muitas \u201cMarias Jos\u00e9\u201d, e a professora para diferenciar, come\u00e7ou a me chamar de Maria Jos\u00e9 Santana. Santana era o apelido da minha m\u00e3e. Ent\u00e3o quando pequena fiquei conhecida com Maria Jos\u00e9 Santana. E adulta pela minha viv\u00eancia na igreja fiquei conhecida como Santana de Bu\u00edque.<\/p>\n<p>Sou filha de agricultores. Perdi meu pai aos 3 anos de idade .Estudei at\u00e9 a quarta s\u00e9rie apenas, por que aqui em Bu\u00edque quem quisesse continuar os estudos teria que ir para outra cidade. Sou a ca\u00e7ula de oito irm\u00e3os, onde morreram seis. Casei, separei ,tive apenas um filho que tem 44 anos e mora em S\u00e3o Paulo.<\/p>\n<p>A maior lembran\u00e7a que tenho da minha inf\u00e2ncia \u00e9 que foi muito feliz. Brincar na rua e ir \u00e0 missa, s\u00e3o minhas maiores lembran\u00e7as. Havia muita terra, pedras, poucas casas e muitas \u00e1rvores, perto de minha casa. Lembro que as noites brincava de corre, e esconder. Brinquei muito de boneca mas como \u00e9ramos muito pobre n\u00e3o tinha brinquedos, e fazia as minhas com sabugo de milho.<\/p>\n<p>Frequentava a igreja a pedido de minha m\u00e3e, a missa era em Latim e o padre celebrava de costas. N\u00e3o entendia uma palavra, mas ao chegar em casa tinha que repetir para a minha m\u00e3e pelo menos uma palavra que o padre havia falado , sen\u00e3o iria para o castigo. Mas estar na Igreja para mim, era t\u00e3o bom, me deixava t\u00e3o feliz, com tanto gosto e prazer que s\u00f3 vim entender tempos depois o que era essa sensa\u00e7\u00e3o.<\/p>\n<p>Como parei os estudos, chegou um momento que era preciso ajudar em casa. Aqui em Bu\u00edque s\u00f3 havia trabalho em casa de fam\u00edlia, lavando e passando, ou no com\u00e9rcio onde trabalhavam apenas fam\u00edlias. Como op\u00e7\u00e3o me tornei engomadeira. Ent\u00e3o na adolesc\u00eancia aprendi a lavar e engomar roupa. O que nunca me deixou triste. Lavava, engomava, e cantava.<\/p>\n<p>Acordava as quatro da manh\u00e3, \u00e0s cinco botava goma na roupa, preparava a brasa para o ferro, que naquela \u00e9poca n\u00e3o era el\u00e9trico. E das cinco da manh\u00e3 \u00e0s cinco da tarde, passava roupa, e engomava de tudo cal\u00e7a de linho, camisas, cole\u00e7\u00e3o de len\u00e7\u00f3is bordados em richelieu e bramante. As cinco entregava a primeira remessa e ap\u00f3s a entrega,voltava para casa preparava mais brasa no ferro ,e engomava mais roupas at\u00e9 \u00e0s onze da noite. E assim eu vivi durante anos.<\/p>\n<p>Em uma certa \u00e9poca, tive uma dor no bra\u00e7o direito, como os m\u00e9dicos n\u00e3o identificavam o que era, parei de engomar. Mas algo me deixava inquieta e n\u00e3o queria ficar sem fazer nada. Ent\u00e3o comecei a frequentar de forma mais ativa as reuni\u00f5es de catecismo, crisma e missas na Igreja. Foi ent\u00e3o que descobri o motivo daquela sensa\u00e7\u00e3o t\u00e3o boa de em estar ali.<\/p>\n<p>Lembro que sentava na primeira banca durante a missa e ficava admirando toda aquela organiza\u00e7\u00e3o e dizia para mim mesma: \u201cComo eu queria fazer aquilo, deixar tudo arrumado, organizar os objetos ,mesmo sem saber seus nomes. Por no altar, deixar a toalha engomada, fazer as leituras, e at\u00e9 cantar se deixassem\u201d. E por muito tempo era isso que queria fazer a Igreja. E foi onde tudo come\u00e7ou.<\/p>\n<p>Prestava aten\u00e7\u00e3o nas leituras, decorava os nomes dif\u00edceis nas passagens b\u00edblicas e aos poucos me convidaram para fazer a leitura, ajudar na organiza\u00e7\u00e3o das igrejas.Pela manh\u00e3 fazia leitura em uma, a noite organizava inten\u00e7\u00f5es da missa e cantava em outra, e assim eu caminhei. Mas prazer maior era acompanhar os padres nas missas nos s\u00edtios, olhava o pr\u00f3ximo e via como era esperado o momento da palavra de Deus, me dedicava mais na organiza\u00e7\u00e3o.<\/p>\n<p>Nessa caminhada participei das reuni\u00f5es para forma\u00e7\u00e3o da C\u00e1ritas Paroquial em Bu\u00edque, e quando anunciaram a escolha do nome para C\u00e1ritas Paroquial Santana de Bu\u00edque.<\/p>\n<p>Tudo que fa\u00e7o \u00e9 por amor a Deus. Tenho prazer em servir a Igreja.E isso para mim \u00e9 servir ao pr\u00f3ximo. Hoje mesmo depois do AVC(acidente vascular cerebral),tenho o mesmo prazer em servir de quando comecei a minha caminhada na Igreja\u201d.<\/p>\n<p>Personagem : Santana de Bu\u00edque \u2013 Paroquiana C\u00e1ritas Paroquial Santana de Bu\u00edque<\/p>\n<p>Por Fabiana Francelino | C\u00e1ritas Diocesana de Pesqueira<\/p>\n<ul class=\"ssb_list_wrapper\"><li class=\"fb2\" style=\"width:135px\"><iframe src=\"\/\/www.facebook.com\/plugins\/like.php?href=https%3A%2F%2Fwww.caritasne2.org.br%2Fsite%2Fdeus-fica-contente-quando-eu-ajudo-um-irmao-menor-eu-isso-para-mim-e-servir-deus%2F&amp;layout=button_count&amp;action=like&amp;show_faces=false&amp;share=true&amp;width=135&amp;height=21&amp;appId=307091639398582\" scrolling=\"no\" frameborder=\"0\" style=\"border:none; overflow:hidden;  width:150px; height:21px;\" allowTransparency=\"true\"><\/iframe><\/li><li class=\"twtr\" style=\"width:90px\"><a href=\"https:\/\/twitter.com\/share\" class=\"twitter-share-button\" data-url=\"https:\/\/www.caritasne2.org.br\/site\/deus-fica-contente-quando-eu-ajudo-um-irmao-menor-eu-isso-para-mim-e-servir-deus\/\">&nbsp;<\/a><script>!function(d,s,id){var js,fjs=d.getElementsByTagName(s)[0],p=\/^http:\/.test(d.location)?'http':'https';if(!d.getElementById(id)){js=d.createElement(s);js.id=id;js.src=p+':\/\/platform.twitter.com\/widgets.js';fjs.parentNode.insertBefore(js,fjs);}}(document, 'script', 'twitter-wjs');<\/script><\/li><li class=\"gplus\" style=\"width:68px\"><div class=\"g-plusone\" data-size=\"medium\" data-href=\"https:\/\/www.caritasne2.org.br\/site\/deus-fica-contente-quando-eu-ajudo-um-irmao-menor-eu-isso-para-mim-e-servir-deus\/\"><\/div><\/li><li class=\"ssb_linkedin\" style=\"width:64px\"><script src=\"\/\/platform.linkedin.com\/in.js\" type=\"text\/javascript\">lang: en_US<\/script><script type=\"IN\/Share\" data-url=\"https:\/\/www.caritasne2.org.br\/site\/deus-fica-contente-quando-eu-ajudo-um-irmao-menor-eu-isso-para-mim-e-servir-deus\/\" data-counter=\"right\"><\/script><\/li><\/ul>","protected":false},"excerpt":{"rendered":"<p>\u201cDeus fica contente quando eu ajudo um irm\u00e3o menor que eu. E isso para mim \u00e9 servir a Deus\u201d Nasci e me criei em Bu\u00edque. Tenho 79 anos, meu nome de batismo \u00e9 Maria Jos\u00e9 da Concei\u00e7\u00e3o, mas na escola haviam muitas \u201cMarias Jos\u00e9\u201d, e a professora para diferenciar, come\u00e7ou a me chamar de Maria Jos\u00e9 Santana. Santana era o apelido da minha m\u00e3e. Ent\u00e3o [&hellip;]<\/p>\n<ul class=\"ssb_list_wrapper\"><li class=\"fb2\" style=\"width:135px\"><iframe src=\"\/\/www.facebook.com\/plugins\/like.php?href=https%3A%2F%2Fwww.caritasne2.org.br%2Fsite%2Fdeus-fica-contente-quando-eu-ajudo-um-irmao-menor-eu-isso-para-mim-e-servir-deus%2F&amp;layout=button_count&amp;action=like&amp;show_faces=false&amp;share=true&amp;width=135&amp;height=21&amp;appId=307091639398582\" scrolling=\"no\" frameborder=\"0\" style=\"border:none; overflow:hidden;  width:150px; height:21px;\" allowTransparency=\"true\"><\/iframe><\/li><li class=\"twtr\" style=\"width:90px\"><a href=\"https:\/\/twitter.com\/share\" class=\"twitter-share-button\" data-url=\"https:\/\/www.caritasne2.org.br\/site\/deus-fica-contente-quando-eu-ajudo-um-irmao-menor-eu-isso-para-mim-e-servir-deus\/\">&nbsp;<\/a><script>!function(d,s,id){var js,fjs=d.getElementsByTagName(s)[0],p=\/^http:\/.test(d.location)?'http':'https';if(!d.getElementById(id)){js=d.createElement(s);js.id=id;js.src=p+':\/\/platform.twitter.com\/widgets.js';fjs.parentNode.insertBefore(js,fjs);}}(document, 'script', 'twitter-wjs');<\/script><\/li><li class=\"gplus\" style=\"width:68px\"><div class=\"g-plusone\" data-size=\"medium\" data-href=\"https:\/\/www.caritasne2.org.br\/site\/deus-fica-contente-quando-eu-ajudo-um-irmao-menor-eu-isso-para-mim-e-servir-deus\/\"><\/div><\/li><li class=\"ssb_linkedin\" style=\"width:64px\"><script src=\"\/\/platform.linkedin.com\/in.js\" type=\"text\/javascript\">lang: en_US<\/script><script type=\"IN\/Share\" data-url=\"https:\/\/www.caritasne2.org.br\/site\/deus-fica-contente-quando-eu-ajudo-um-irmao-menor-eu-isso-para-mim-e-servir-deus\/\" data-counter=\"right\"><\/script><\/li><\/ul>","protected":false},"author":4,"featured_media":3195,"comment_status":"open","ping_status":"open","sticky":false,"template":"","format":"standard","meta":[],"categories":[710,20],"tags":[313,715,67,716,128,717],"_links":{"self":[{"href":"https:\/\/www.caritasne2.org.br\/site\/wp-json\/wp\/v2\/posts\/3194"}],"collection":[{"href":"https:\/\/www.caritasne2.org.br\/site\/wp-json\/wp\/v2\/posts"}],"about":[{"href":"https:\/\/www.caritasne2.org.br\/site\/wp-json\/wp\/v2\/types\/post"}],"author":[{"embeddable":true,"href":"https:\/\/www.caritasne2.org.br\/site\/wp-json\/wp\/v2\/users\/4"}],"replies":[{"embeddable":true,"href":"https:\/\/www.caritasne2.org.br\/site\/wp-json\/wp\/v2\/comments?post=3194"}],"version-history":[{"count":0,"href":"https:\/\/www.caritasne2.org.br\/site\/wp-json\/wp\/v2\/posts\/3194\/revisions"}],"wp:featuredmedia":[{"embeddable":true,"href":"https:\/\/www.caritasne2.org.br\/site\/wp-json\/"}],"wp:attachment":[{"href":"https:\/\/www.caritasne2.org.br\/site\/wp-json\/wp\/v2\/media?parent=3194"}],"wp:term":[{"taxonomy":"category","embeddable":true,"href":"https:\/\/www.caritasne2.org.br\/site\/wp-json\/wp\/v2\/categories?post=3194"},{"taxonomy":"post_tag","embeddable":true,"href":"https:\/\/www.caritasne2.org.br\/site\/wp-json\/wp\/v2\/tags?post=3194"}],"curies":[{"name":"wp","href":"https:\/\/api.w.org\/{rel}","templated":true}]}}