{"id":3178,"date":"2016-03-13T17:04:08","date_gmt":"2016-03-13T20:04:08","guid":{"rendered":"http:\/\/ne2.caritas.org.br.s174889.gridserver.com\/?p=3178"},"modified":"2017-07-11T15:18:20","modified_gmt":"2017-07-11T18:18:20","slug":"carta-politica-seminario-de-juventudes-da-caritas","status":"publish","type":"post","link":"https:\/\/www.caritasne2.org.br\/site\/carta-politica-seminario-de-juventudes-da-caritas\/","title":{"rendered":"CARTA POL\u00cdTICA DO SEMIN\u00c1RIO DE JUVENTUDES DA C\u00c1RITAS"},"content":{"rendered":"<p><strong>C\u00e1ritas, teu rosto tamb\u00e9m \u00e9 jovem<\/strong><\/p>\n<p>1. Somos jovens de muitos lugares<\/p>\n<p>Somos C\u00e1ritas Brasileira<\/p>\n<p>Trouxemos o sonho e a luta<\/p>\n<p>Experi\u00eancias lindas de nossa labuta<\/p>\n<p>Elementos de nossa bandeira<\/p>\n<p>2. Em Bras\u00edlia fizemos paragem<\/p>\n<p>Para um lindo encontro vivenciar<\/p>\n<p>Nossos corpos revigoramos<\/p>\n<p>Compromissos reafirmamos<\/p>\n<p>Ocupamos nosso lugar<\/p>\n<p>3. Viver o presente e pensar o futuro<\/p>\n<p>Exigiu-nos fazer mem\u00f3ria<\/p>\n<p>Daquilo que j\u00e1 fizemos<\/p>\n<p>Das muitas vidas que atendemos<\/p>\n<p>Nossos m\u00e1rtires e nossa hist\u00f3ria<\/p>\n<p>4. Sambamos na cara do capitalismo<\/p>\n<p>Valorizamos a cultura e a dan\u00e7a<\/p>\n<p>Em meio a crises sist\u00eamicas<\/p>\n<p>E pr\u00e1ticas esp\u00farias epid\u00eamicas<\/p>\n<p>Ousamos ter esperan\u00e7a<\/p>\n<p>5. Para que os direitos se efetivem em pol\u00edticas<\/p>\n<p>Redes emancipat\u00f3rias queremos ser<\/p>\n<p>Di\u00e1logo e participa\u00e7\u00e3o<\/p>\n<p>Elementos dessa miss\u00e3o<\/p>\n<p>Pela juventude que quer viver<\/p>\n<p>6. Juvesol e combate a viol\u00eancia escolar<\/p>\n<p>Testemunham nosso compromisso<\/p>\n<p>At\u00e9 o menino que queria ser Deus<\/p>\n<p>Para trazer vida plena aos seus<\/p>\n<p>Representa as marcas de nosso servi\u00e7o<\/p>\n<p>7. Somos C\u00e1ritas rumo ao Jubileu<\/p>\n<p>60 anos a celebrar<\/p>\n<p>Mas para que a festa seja plena<\/p>\n<p>E estejamos todos em cena<\/p>\n<p>Seu rosto jovem precisa brilhar<\/p>\n<p>Quem dar\u00e1 conta do processo hist\u00f3rico?<\/p>\n<p>8. Optar pela juventude<\/p>\n<p>Passa por garantir seu lugar<\/p>\n<p>N\u00e3o s\u00f3 na arte esporte e divers\u00e3o<\/p>\n<p>Mas tamb\u00e9m nos espa\u00e7os de decis\u00e3o<\/p>\n<p>Onde tamb\u00e9m queremos estar<\/p>\n<p>9. Sonhamos com um PIAJ mais integrado<\/p>\n<p>\u00c0s demais frentes institucionais<\/p>\n<p>Que dialogue com as outras a\u00e7\u00f5es<\/p>\n<p>Que participe das media\u00e7\u00f5es<\/p>\n<p>Que se sustente em experi\u00eancias regionais<\/p>\n<p>10. Aten\u00e7\u00e3o aos sinais dos tempos<\/p>\n<p>Para n\u00e3o perder o bonde da hist\u00f3ria<\/p>\n<p>Acolher as novas tecnologias<\/p>\n<p>Instrumentos de nossos dias<\/p>\n<p>Como ferramenta emancipat\u00f3ria<\/p>\n<p>11. Daqui voltamos para as bases<\/p>\n<p>Dar continuidade a a\u00e7\u00e3o<\/p>\n<p>Mas o reencontro n\u00e3o tarda<\/p>\n<p>Aparecida nos aguarda<\/p>\n<p>No 5\u00ba congresso da miss\u00e3o<\/p>\n<p>A juventude estar\u00e1 presente!<\/p>\n<p>12. Ao findarmos o nosso encontro<\/p>\n<p>Queremos deixar o recado<\/p>\n<p>Em defesa da democracia<\/p>\n<p>N\u00e3o deixaremos cair a profecia!<\/p>\n<p>Nenhum direito ser\u00e1 negociado!<\/p>\n<p>13. Dom Romero assim nos disse<\/p>\n<p>E hoje n\u00f3s repetimos:<\/p>\n<p>\u201cAinda quando nos chamem de loucos, ainda quando nos chamem de subversivos, comunistas e todos os adjetivos que se dirigem a n\u00f3s, sabemos que n\u00e3o fazemos nada mais do que anunciar o testemunho subversivo das bem-aventuran\u00e7as, que proclamam bem-aventurados os pobres, os sedentos de justi\u00e7a, os que sofrem\u201d.<\/p>\n<p>14. A partir de agora<\/p>\n<p>Como disse o rap bom<\/p>\n<p>O show come\u00e7ou<\/p>\n<p>O poeta vai no flow<\/p>\n<p>Na esperan\u00e7a resistente<\/p>\n<p>A juventude grita\u2026<\/p>\n<p>&nbsp;<\/p>\n<p>Juventudes C\u00e1ritas \u2013 Bras\u00edlia, 13 de mar\u00e7o de 2016.<\/p>\n<p>por Assessoria de Comunica\u00e7\u00e3o da C\u00e1ritas Brasileira.<\/p>\n<ul class=\"ssb_list_wrapper\"><li class=\"fb2\" style=\"width:135px\"><iframe src=\"\/\/www.facebook.com\/plugins\/like.php?href=https%3A%2F%2Fwww.caritasne2.org.br%2Fsite%2Fcarta-politica-seminario-de-juventudes-da-caritas%2F&amp;layout=button_count&amp;action=like&amp;show_faces=false&amp;share=true&amp;width=135&amp;height=21&amp;appId=307091639398582\" scrolling=\"no\" frameborder=\"0\" style=\"border:none; overflow:hidden;  width:150px; height:21px;\" allowTransparency=\"true\"><\/iframe><\/li><li class=\"twtr\" style=\"width:90px\"><a href=\"https:\/\/twitter.com\/share\" class=\"twitter-share-button\" data-url=\"https:\/\/www.caritasne2.org.br\/site\/carta-politica-seminario-de-juventudes-da-caritas\/\">&nbsp;<\/a><script>!function(d,s,id){var js,fjs=d.getElementsByTagName(s)[0],p=\/^http:\/.test(d.location)?'http':'https';if(!d.getElementById(id)){js=d.createElement(s);js.id=id;js.src=p+':\/\/platform.twitter.com\/widgets.js';fjs.parentNode.insertBefore(js,fjs);}}(document, 'script', 'twitter-wjs');<\/script><\/li><li class=\"gplus\" style=\"width:68px\"><div class=\"g-plusone\" data-size=\"medium\" data-href=\"https:\/\/www.caritasne2.org.br\/site\/carta-politica-seminario-de-juventudes-da-caritas\/\"><\/div><\/li><li class=\"ssb_linkedin\" style=\"width:64px\"><script src=\"\/\/platform.linkedin.com\/in.js\" type=\"text\/javascript\">lang: en_US<\/script><script type=\"IN\/Share\" data-url=\"https:\/\/www.caritasne2.org.br\/site\/carta-politica-seminario-de-juventudes-da-caritas\/\" data-counter=\"right\"><\/script><\/li><\/ul>","protected":false},"excerpt":{"rendered":"<p>C\u00e1ritas, teu rosto tamb\u00e9m \u00e9 jovem 1. Somos jovens de muitos lugares Somos C\u00e1ritas Brasileira Trouxemos o sonho e a luta Experi\u00eancias lindas de nossa labuta Elementos de nossa bandeira 2. Em Bras\u00edlia fizemos paragem Para um lindo encontro vivenciar Nossos corpos revigoramos Compromissos reafirmamos Ocupamos nosso lugar 3. Viver o presente e pensar o futuro Exigiu-nos fazer mem\u00f3ria Daquilo que j\u00e1 fizemos Das muitas [&hellip;]<\/p>\n<ul class=\"ssb_list_wrapper\"><li class=\"fb2\" style=\"width:135px\"><iframe src=\"\/\/www.facebook.com\/plugins\/like.php?href=https%3A%2F%2Fwww.caritasne2.org.br%2Fsite%2Fcarta-politica-seminario-de-juventudes-da-caritas%2F&amp;layout=button_count&amp;action=like&amp;show_faces=false&amp;share=true&amp;width=135&amp;height=21&amp;appId=307091639398582\" scrolling=\"no\" frameborder=\"0\" style=\"border:none; overflow:hidden;  width:150px; height:21px;\" allowTransparency=\"true\"><\/iframe><\/li><li class=\"twtr\" style=\"width:90px\"><a href=\"https:\/\/twitter.com\/share\" class=\"twitter-share-button\" data-url=\"https:\/\/www.caritasne2.org.br\/site\/carta-politica-seminario-de-juventudes-da-caritas\/\">&nbsp;<\/a><script>!function(d,s,id){var js,fjs=d.getElementsByTagName(s)[0],p=\/^http:\/.test(d.location)?'http':'https';if(!d.getElementById(id)){js=d.createElement(s);js.id=id;js.src=p+':\/\/platform.twitter.com\/widgets.js';fjs.parentNode.insertBefore(js,fjs);}}(document, 'script', 'twitter-wjs');<\/script><\/li><li class=\"gplus\" style=\"width:68px\"><div class=\"g-plusone\" data-size=\"medium\" data-href=\"https:\/\/www.caritasne2.org.br\/site\/carta-politica-seminario-de-juventudes-da-caritas\/\"><\/div><\/li><li class=\"ssb_linkedin\" style=\"width:64px\"><script src=\"\/\/platform.linkedin.com\/in.js\" type=\"text\/javascript\">lang: en_US<\/script><script type=\"IN\/Share\" data-url=\"https:\/\/www.caritasne2.org.br\/site\/carta-politica-seminario-de-juventudes-da-caritas\/\" data-counter=\"right\"><\/script><\/li><\/ul>","protected":false},"author":4,"featured_media":3179,"comment_status":"open","ping_status":"open","sticky":false,"template":"","format":"standard","meta":[],"categories":[20],"tags":[67,169,711,712],"_links":{"self":[{"href":"https:\/\/www.caritasne2.org.br\/site\/wp-json\/wp\/v2\/posts\/3178"}],"collection":[{"href":"https:\/\/www.caritasne2.org.br\/site\/wp-json\/wp\/v2\/posts"}],"about":[{"href":"https:\/\/www.caritasne2.org.br\/site\/wp-json\/wp\/v2\/types\/post"}],"author":[{"embeddable":true,"href":"https:\/\/www.caritasne2.org.br\/site\/wp-json\/wp\/v2\/users\/4"}],"replies":[{"embeddable":true,"href":"https:\/\/www.caritasne2.org.br\/site\/wp-json\/wp\/v2\/comments?post=3178"}],"version-history":[{"count":0,"href":"https:\/\/www.caritasne2.org.br\/site\/wp-json\/wp\/v2\/posts\/3178\/revisions"}],"wp:featuredmedia":[{"embeddable":true,"href":"https:\/\/www.caritasne2.org.br\/site\/wp-json\/"}],"wp:attachment":[{"href":"https:\/\/www.caritasne2.org.br\/site\/wp-json\/wp\/v2\/media?parent=3178"}],"wp:term":[{"taxonomy":"category","embeddable":true,"href":"https:\/\/www.caritasne2.org.br\/site\/wp-json\/wp\/v2\/categories?post=3178"},{"taxonomy":"post_tag","embeddable":true,"href":"https:\/\/www.caritasne2.org.br\/site\/wp-json\/wp\/v2\/tags?post=3178"}],"curies":[{"name":"wp","href":"https:\/\/api.w.org\/{rel}","templated":true}]}}