{"id":3173,"date":"2016-03-11T13:26:55","date_gmt":"2016-03-11T16:26:55","guid":{"rendered":"http:\/\/ne2.caritas.org.br.s174889.gridserver.com\/?p=3173"},"modified":"2017-07-11T15:18:20","modified_gmt":"2017-07-11T18:18:20","slug":"servir-pra-mim-e-onde-eu-sinto-bem-feliz-realizada","status":"publish","type":"post","link":"https:\/\/www.caritasne2.org.br\/site\/servir-pra-mim-e-onde-eu-sinto-bem-feliz-realizada\/","title":{"rendered":"\u201cServir pra mim \u00e9 onde eu me sinto bem, feliz e realizada.\u201d"},"content":{"rendered":"<p style=\"text-align: justify;\">Meu nome \u00e9 Santina Tereza de Oliveira Carvalho, 48 anos, nasci em Pedra, tenho 5 irm\u00e3s mulheres e 2 irm\u00e3os homens. Sou casada e tenho duas filhas, Fernanda,26 anos, e Andrielly 25 anos que nasceram em Arcoverde. Minha inf\u00e2ncia foi muito boa, tive um pai que se dedicava muito na quest\u00e3o da caridade e solidariedade. E muito do que sou hoje foi o que eu vivenciei com ele e isso me marcou muito. Na minha juventude, frequentei grupo de jovens, e servia ao pr\u00f3ximo sem entender bem o que \u00e9, e, at\u00e9 hoje eu ainda n\u00e3o sei, fa\u00e7o porque precisa ser feito.<\/p>\n<p style=\"text-align: justify;\">Em 1998 come\u00e7aram as atividades no S\u00edtio Ang\u00e9lica, em Bu\u00edque, eu morava em Arcoverde e havia passado em um concurso pra ser professora. Nunc a achei que seria uma professora na vida. Trabalhava em um supermercado e minha m\u00e3e foi o instrumento de Deus, em me guiar e realizar a inscri\u00e7\u00e3o do concurso. Passei e vir morar em Ang\u00e9lica. Quando assumi a escola e estava completamente abandonada e desativada, com alto \u00edndice de analfabetismo e baixa estima. Quando vi aquela situa\u00e7\u00e3o de abandono abracei a causa , e mesmo sem entender o que estava fazendo, em meu cora\u00e7\u00e3o s\u00f3 havia um coisa : o desejo em fazer algo. Reabri a escola , matriculei 150 crian\u00e7as, divididas em duas turmas, manh\u00e3 e tarde, pois s\u00f3 havia uma sala. E para fazer a diferen\u00e7a, \u00e0s sextas-feiras levava um gravador, fazia de conta que sabia dan\u00e7ar forr\u00f3 para que eles pudessem interagir entre si. At\u00e9 aquele dia eles nunca haviam dan\u00e7ado quadrilha , fizemos a primeira, e hoje j\u00e1 s\u00e3o dezesseis.<\/p>\n<p style=\"text-align: justify;\">Observei que n\u00e3o adianta alfabetizar as crian\u00e7as e os pais em casa serem analfabetos, foi a\u00ed que iniciei com o trabalho na Igreja, junto a Pastoral da Crian\u00e7a e come\u00e7amos a dar aula aos pais na parte da noite, s\u00f3 a luz do lampi\u00e3o, despertando neles a vontade que pod\u00edamos tudo se trabalh\u00e1ssemos juntos. A partir de ent\u00e3o as conquistas come\u00e7aram a surgir. Primeiro o fog\u00e3o, depois baixamos o alto \u00edndice de desnutri\u00e7\u00e3o na comunidade, a eletrifica\u00e7\u00e3o, as cisternas e foi quando eu me engajei na Pastoral da Crian\u00e7a, e vi que nasci pra fazer isso e me dedicar a esse trabalho ao pr\u00f3ximo. E como marco em nossa comunidade est\u00e1 a conquista da primeira \u00e1gua atrav\u00e9s da C\u00e1ritas Diocesana de Pesqueira, que nos permitiu reconhecermos como cidad\u00e3o.<\/p>\n<p style=\"text-align: justify;\">\u201cO que \u00e9 servir o pr\u00f3ximo? Essa \u00e9 a pergunta mais dif\u00edcil, porque tudo que eu fa\u00e7o, eu fa\u00e7o porque acredito que deve ser feito. Quando existe algu\u00e9m sofrendo, n\u00f3s precisamos fazer o nosso papel no mundo, e servir pra mim \u00e9 onde eu me sinto bem ,feliz e realizada. Servir \u00e9 isso, \u00e9 saber o que o outro est\u00e1 precisando, e voc\u00ea est\u00e1 ali para ajudar, esse povo estava esquecido do mundo, mas n\u00e3o de Deus e a dor deles eu tomei como uma dor pra mim e servir \u00e9 isso.\u201d<\/p>\n<p style=\"text-align: justify;\">Personagem : Santina Tereza<\/p>\n<p style=\"text-align: justify;\">Textos: Rosanny Barreto<\/p>\n<p style=\"text-align: justify;\">Fotos : Rosanny Barreto<\/p>\n<ul class=\"ssb_list_wrapper\"><li class=\"fb2\" style=\"width:135px\"><iframe src=\"\/\/www.facebook.com\/plugins\/like.php?href=https%3A%2F%2Fwww.caritasne2.org.br%2Fsite%2Fservir-pra-mim-e-onde-eu-sinto-bem-feliz-realizada%2F&amp;layout=button_count&amp;action=like&amp;show_faces=false&amp;share=true&amp;width=135&amp;height=21&amp;appId=307091639398582\" scrolling=\"no\" frameborder=\"0\" style=\"border:none; overflow:hidden;  width:150px; height:21px;\" allowTransparency=\"true\"><\/iframe><\/li><li class=\"twtr\" style=\"width:90px\"><a href=\"https:\/\/twitter.com\/share\" class=\"twitter-share-button\" data-url=\"https:\/\/www.caritasne2.org.br\/site\/servir-pra-mim-e-onde-eu-sinto-bem-feliz-realizada\/\">&nbsp;<\/a><script>!function(d,s,id){var js,fjs=d.getElementsByTagName(s)[0],p=\/^http:\/.test(d.location)?'http':'https';if(!d.getElementById(id)){js=d.createElement(s);js.id=id;js.src=p+':\/\/platform.twitter.com\/widgets.js';fjs.parentNode.insertBefore(js,fjs);}}(document, 'script', 'twitter-wjs');<\/script><\/li><li class=\"gplus\" style=\"width:68px\"><div class=\"g-plusone\" data-size=\"medium\" data-href=\"https:\/\/www.caritasne2.org.br\/site\/servir-pra-mim-e-onde-eu-sinto-bem-feliz-realizada\/\"><\/div><\/li><li class=\"ssb_linkedin\" style=\"width:64px\"><script src=\"\/\/platform.linkedin.com\/in.js\" type=\"text\/javascript\">lang: en_US<\/script><script type=\"IN\/Share\" data-url=\"https:\/\/www.caritasne2.org.br\/site\/servir-pra-mim-e-onde-eu-sinto-bem-feliz-realizada\/\" data-counter=\"right\"><\/script><\/li><\/ul>","protected":false},"excerpt":{"rendered":"<p>Meu nome \u00e9 Santina Tereza de Oliveira Carvalho, 48 anos, nasci em Pedra, tenho 5 irm\u00e3s mulheres e 2 irm\u00e3os homens. Sou casada e tenho duas filhas, Fernanda,26 anos, e Andrielly 25 anos que nasceram em Arcoverde. Minha inf\u00e2ncia foi muito boa, tive um pai que se dedicava muito na quest\u00e3o da caridade e solidariedade. E muito do que sou hoje foi o que eu [&hellip;]<\/p>\n<ul class=\"ssb_list_wrapper\"><li class=\"fb2\" style=\"width:135px\"><iframe src=\"\/\/www.facebook.com\/plugins\/like.php?href=https%3A%2F%2Fwww.caritasne2.org.br%2Fsite%2Fservir-pra-mim-e-onde-eu-sinto-bem-feliz-realizada%2F&amp;layout=button_count&amp;action=like&amp;show_faces=false&amp;share=true&amp;width=135&amp;height=21&amp;appId=307091639398582\" scrolling=\"no\" frameborder=\"0\" style=\"border:none; overflow:hidden;  width:150px; height:21px;\" allowTransparency=\"true\"><\/iframe><\/li><li class=\"twtr\" style=\"width:90px\"><a href=\"https:\/\/twitter.com\/share\" class=\"twitter-share-button\" data-url=\"https:\/\/www.caritasne2.org.br\/site\/servir-pra-mim-e-onde-eu-sinto-bem-feliz-realizada\/\">&nbsp;<\/a><script>!function(d,s,id){var js,fjs=d.getElementsByTagName(s)[0],p=\/^http:\/.test(d.location)?'http':'https';if(!d.getElementById(id)){js=d.createElement(s);js.id=id;js.src=p+':\/\/platform.twitter.com\/widgets.js';fjs.parentNode.insertBefore(js,fjs);}}(document, 'script', 'twitter-wjs');<\/script><\/li><li class=\"gplus\" style=\"width:68px\"><div class=\"g-plusone\" data-size=\"medium\" data-href=\"https:\/\/www.caritasne2.org.br\/site\/servir-pra-mim-e-onde-eu-sinto-bem-feliz-realizada\/\"><\/div><\/li><li class=\"ssb_linkedin\" style=\"width:64px\"><script src=\"\/\/platform.linkedin.com\/in.js\" type=\"text\/javascript\">lang: en_US<\/script><script type=\"IN\/Share\" data-url=\"https:\/\/www.caritasne2.org.br\/site\/servir-pra-mim-e-onde-eu-sinto-bem-feliz-realizada\/\" data-counter=\"right\"><\/script><\/li><\/ul>","protected":false},"author":4,"featured_media":3174,"comment_status":"open","ping_status":"open","sticky":false,"template":"","format":"standard","meta":[],"categories":[710,20],"tags":[67,709,128],"_links":{"self":[{"href":"https:\/\/www.caritasne2.org.br\/site\/wp-json\/wp\/v2\/posts\/3173"}],"collection":[{"href":"https:\/\/www.caritasne2.org.br\/site\/wp-json\/wp\/v2\/posts"}],"about":[{"href":"https:\/\/www.caritasne2.org.br\/site\/wp-json\/wp\/v2\/types\/post"}],"author":[{"embeddable":true,"href":"https:\/\/www.caritasne2.org.br\/site\/wp-json\/wp\/v2\/users\/4"}],"replies":[{"embeddable":true,"href":"https:\/\/www.caritasne2.org.br\/site\/wp-json\/wp\/v2\/comments?post=3173"}],"version-history":[{"count":0,"href":"https:\/\/www.caritasne2.org.br\/site\/wp-json\/wp\/v2\/posts\/3173\/revisions"}],"wp:featuredmedia":[{"embeddable":true,"href":"https:\/\/www.caritasne2.org.br\/site\/wp-json\/"}],"wp:attachment":[{"href":"https:\/\/www.caritasne2.org.br\/site\/wp-json\/wp\/v2\/media?parent=3173"}],"wp:term":[{"taxonomy":"category","embeddable":true,"href":"https:\/\/www.caritasne2.org.br\/site\/wp-json\/wp\/v2\/categories?post=3173"},{"taxonomy":"post_tag","embeddable":true,"href":"https:\/\/www.caritasne2.org.br\/site\/wp-json\/wp\/v2\/tags?post=3173"}],"curies":[{"name":"wp","href":"https:\/\/api.w.org\/{rel}","templated":true}]}}