{"id":3150,"date":"2016-02-23T13:59:53","date_gmt":"2016-02-23T16:59:53","guid":{"rendered":"http:\/\/ne2.caritas.org.br.s174889.gridserver.com\/?p=3150"},"modified":"2017-07-11T15:18:20","modified_gmt":"2017-07-11T18:18:20","slug":"equip-resultado-processo-seletivo-simplificado-edital-0012016","status":"publish","type":"post","link":"https:\/\/www.caritasne2.org.br\/site\/equip-resultado-processo-seletivo-simplificado-edital-0012016\/","title":{"rendered":"EQUIP: RESULTADO DO PROCESSO SELETIVO SIMPLIFICADO EDITAL 001\/2016"},"content":{"rendered":"<p style=\"text-align: center;\">EDITAL DE SELE\u00c7\u00c3O 001\/2016<br \/>\nPROCESSO SELETIVO SIMPLIFICADO DE CONTRATA\u00c7\u00c3O DE PROFISSIONAL TEMPOR\u00c1RIO<br \/>\n<a href=\"http:\/\/ne2.caritas.org.br.s174889.gridserver.com\/2016\/02\/23\/equip-resultado-processo-seletivo-simplificado-edital-0012016\/ata-resultado-pss-001-2016-2\/\" rel=\"attachment wp-att-3151\">ATA RESULTADO DE SELE\u00c7\u00c3O<\/a><\/p>\n<p>Ao vig\u00e9simo terceiro dia do m\u00eas de fevereiro do ano de dois mil e dezesseis, a Escola de Forma\u00e7\u00e3o Quilombo dos Palmares \u2013 EQUIP torna p\u00fablico o RESULTADO DO PROCESSO SELETIVO SIMPLIFICADO, regido pelo Edital n\u00ba 001\/2016 para contrata\u00e7\u00e3o de profissionais tempor\u00e1rios, para atua\u00e7\u00e3o no primeiro desembolso do PROJETO MONITORAMENO E AVALIA\u00c7\u00c3O DO PROGRAMA DE BIBLIOTECAS RURAIS ARCA DAS LETRAS.<\/p>\n<p>Comunicamos que os\/as candidatos\/as CLASSIFICADOS\/AS, nesse processo para as vagas mencionadas no Edital 001\/2016 foram:<\/p>\n<p>Assistente Administrativo (1 vaga)<br \/>\n1\u00ba colocado\/a \u2013 Thalmata Alc\u00e2ntara Lemos (convocada)<br \/>\n2\u00ba colocado\/a \u2013 Emerson Andr\u00e9 da Silva (cadastro de reserva)<br \/>\n3\u00ba colocado\/a \u2013 Ad\u00e3o Teixeira Veras (cadastro de reserva)<\/p>\n<p>Bibliotec\u00e1rio\/a (1 vaga)<br \/>\n1\u00ba colocado\/a &#8211; Lailde da Silva (convocada)<br \/>\n2\u00ba colocado\/a &#8211; Maria Aparecida Fernandez (cadastro de reserva)<br \/>\n3\u00ba colocado\/a \u2013 Marleide Irineu dos Santos (cadastro de reserva)<br \/>\nProfissional de N\u00edvel Superior com Mestrado ( 1 vaga)<br \/>\n1\u00ba colocado\/a &#8211; Alice Ferreira do Nascimento Maciel (convocada)<br \/>\n2\u00ba colocado\/a &#8211; Elisabete Joaquina da Silva (cadastro de reserva)<\/p>\n<p>Pesquisador\/facilitador (5 vagas)<br \/>\n1\u00ba colocado\/a &#8211; Maria Jos\u00e9 dos Santos (convocado\/a)<br \/>\n2\u00ba colocado\/a &#8211; Isaque Santos Meneses (convocado\/a)<br \/>\n3\u00ba colocado\/a &#8211; Antonia Maria Alves de Albuquerque (convocado\/a)<br \/>\n4\u00ba colocado\/a \u2013 Maria Jocicleide Aguiar (convocado\/a)<br \/>\n5\u00ba colocado\/a \u2013 Tatiane Fonseca Nic\u00e9as (convocado\/a)<br \/>\n6\u00ba colocado\/a \u2013 Edijane Maria Guimar\u00e3es (cadastro de reserva)<br \/>\n7\u00ba colocado\/a \u2013 Priscila da Silva Santos (cadastro de reserva)<br \/>\n8\u00ba colocado\/a \u2013 Claudia Fid\u00e9lis da Silva (cadastro de reserva)<\/p>\n<p style=\"text-align: left;\">A Escola de Forma\u00e7\u00e3o Quilombo dos Palmares \u2013 EQUIP far\u00e1 a convoca\u00e7\u00e3o dos classificados de acordo com o n\u00famero de vagas, para que apresentem os documentos legais exigidos para contrata\u00e7\u00e3o.<\/p>\n<p style=\"text-align: center;\">Recife, 23 de fevereiro de 2016.<\/p>\n<p style=\"text-align: center;\">Maria Divaneide Bas\u00edlio<br \/>\nDiretora Geral EQUIP<\/p>\n<ul class=\"ssb_list_wrapper\"><li class=\"fb2\" style=\"width:135px\"><iframe src=\"\/\/www.facebook.com\/plugins\/like.php?href=https%3A%2F%2Fwww.caritasne2.org.br%2Fsite%2Fequip-resultado-processo-seletivo-simplificado-edital-0012016%2F&amp;layout=button_count&amp;action=like&amp;show_faces=false&amp;share=true&amp;width=135&amp;height=21&amp;appId=307091639398582\" scrolling=\"no\" frameborder=\"0\" style=\"border:none; overflow:hidden;  width:150px; height:21px;\" allowTransparency=\"true\"><\/iframe><\/li><li class=\"twtr\" style=\"width:90px\"><a href=\"https:\/\/twitter.com\/share\" class=\"twitter-share-button\" data-url=\"https:\/\/www.caritasne2.org.br\/site\/equip-resultado-processo-seletivo-simplificado-edital-0012016\/\">&nbsp;<\/a><script>!function(d,s,id){var js,fjs=d.getElementsByTagName(s)[0],p=\/^http:\/.test(d.location)?'http':'https';if(!d.getElementById(id)){js=d.createElement(s);js.id=id;js.src=p+':\/\/platform.twitter.com\/widgets.js';fjs.parentNode.insertBefore(js,fjs);}}(document, 'script', 'twitter-wjs');<\/script><\/li><li class=\"gplus\" style=\"width:68px\"><div class=\"g-plusone\" data-size=\"medium\" data-href=\"https:\/\/www.caritasne2.org.br\/site\/equip-resultado-processo-seletivo-simplificado-edital-0012016\/\"><\/div><\/li><li class=\"ssb_linkedin\" style=\"width:64px\"><script src=\"\/\/platform.linkedin.com\/in.js\" type=\"text\/javascript\">lang: en_US<\/script><script type=\"IN\/Share\" data-url=\"https:\/\/www.caritasne2.org.br\/site\/equip-resultado-processo-seletivo-simplificado-edital-0012016\/\" data-counter=\"right\"><\/script><\/li><\/ul>","protected":false},"excerpt":{"rendered":"<p>EDITAL DE SELE\u00c7\u00c3O 001\/2016 PROCESSO SELETIVO SIMPLIFICADO DE CONTRATA\u00c7\u00c3O DE PROFISSIONAL TEMPOR\u00c1RIO ATA RESULTADO DE SELE\u00c7\u00c3O Ao vig\u00e9simo terceiro dia do m\u00eas de fevereiro do ano de dois mil e dezesseis, a Escola de Forma\u00e7\u00e3o Quilombo dos Palmares \u2013 EQUIP torna p\u00fablico o RESULTADO DO PROCESSO SELETIVO SIMPLIFICADO, regido pelo Edital n\u00ba 001\/2016 para contrata\u00e7\u00e3o de profissionais tempor\u00e1rios, para atua\u00e7\u00e3o no primeiro desembolso do PROJETO [&hellip;]<\/p>\n<ul class=\"ssb_list_wrapper\"><li class=\"fb2\" style=\"width:135px\"><iframe src=\"\/\/www.facebook.com\/plugins\/like.php?href=https%3A%2F%2Fwww.caritasne2.org.br%2Fsite%2Fequip-resultado-processo-seletivo-simplificado-edital-0012016%2F&amp;layout=button_count&amp;action=like&amp;show_faces=false&amp;share=true&amp;width=135&amp;height=21&amp;appId=307091639398582\" scrolling=\"no\" frameborder=\"0\" style=\"border:none; overflow:hidden;  width:150px; height:21px;\" allowTransparency=\"true\"><\/iframe><\/li><li class=\"twtr\" style=\"width:90px\"><a href=\"https:\/\/twitter.com\/share\" class=\"twitter-share-button\" data-url=\"https:\/\/www.caritasne2.org.br\/site\/equip-resultado-processo-seletivo-simplificado-edital-0012016\/\">&nbsp;<\/a><script>!function(d,s,id){var js,fjs=d.getElementsByTagName(s)[0],p=\/^http:\/.test(d.location)?'http':'https';if(!d.getElementById(id)){js=d.createElement(s);js.id=id;js.src=p+':\/\/platform.twitter.com\/widgets.js';fjs.parentNode.insertBefore(js,fjs);}}(document, 'script', 'twitter-wjs');<\/script><\/li><li class=\"gplus\" style=\"width:68px\"><div class=\"g-plusone\" data-size=\"medium\" data-href=\"https:\/\/www.caritasne2.org.br\/site\/equip-resultado-processo-seletivo-simplificado-edital-0012016\/\"><\/div><\/li><li class=\"ssb_linkedin\" style=\"width:64px\"><script src=\"\/\/platform.linkedin.com\/in.js\" type=\"text\/javascript\">lang: en_US<\/script><script type=\"IN\/Share\" data-url=\"https:\/\/www.caritasne2.org.br\/site\/equip-resultado-processo-seletivo-simplificado-edital-0012016\/\" data-counter=\"right\"><\/script><\/li><\/ul>","protected":false},"author":4,"featured_media":3152,"comment_status":"open","ping_status":"open","sticky":false,"template":"","format":"standard","meta":[],"categories":[174,20],"tags":[688,689,707],"_links":{"self":[{"href":"https:\/\/www.caritasne2.org.br\/site\/wp-json\/wp\/v2\/posts\/3150"}],"collection":[{"href":"https:\/\/www.caritasne2.org.br\/site\/wp-json\/wp\/v2\/posts"}],"about":[{"href":"https:\/\/www.caritasne2.org.br\/site\/wp-json\/wp\/v2\/types\/post"}],"author":[{"embeddable":true,"href":"https:\/\/www.caritasne2.org.br\/site\/wp-json\/wp\/v2\/users\/4"}],"replies":[{"embeddable":true,"href":"https:\/\/www.caritasne2.org.br\/site\/wp-json\/wp\/v2\/comments?post=3150"}],"version-history":[{"count":0,"href":"https:\/\/www.caritasne2.org.br\/site\/wp-json\/wp\/v2\/posts\/3150\/revisions"}],"wp:featuredmedia":[{"embeddable":true,"href":"https:\/\/www.caritasne2.org.br\/site\/wp-json\/"}],"wp:attachment":[{"href":"https:\/\/www.caritasne2.org.br\/site\/wp-json\/wp\/v2\/media?parent=3150"}],"wp:term":[{"taxonomy":"category","embeddable":true,"href":"https:\/\/www.caritasne2.org.br\/site\/wp-json\/wp\/v2\/categories?post=3150"},{"taxonomy":"post_tag","embeddable":true,"href":"https:\/\/www.caritasne2.org.br\/site\/wp-json\/wp\/v2\/tags?post=3150"}],"curies":[{"name":"wp","href":"https:\/\/api.w.org\/{rel}","templated":true}]}}