{"id":3145,"date":"2016-02-23T13:51:33","date_gmt":"2016-02-23T16:51:33","guid":{"rendered":"http:\/\/ne2.caritas.org.br.s174889.gridserver.com\/?p=3145"},"modified":"2017-07-11T15:18:20","modified_gmt":"2017-07-11T18:18:20","slug":"dom-jose-salles-fala-sobre-saneamento-basico-lancamento-da-cfe-2016","status":"publish","type":"post","link":"https:\/\/www.caritasne2.org.br\/site\/dom-jose-salles-fala-sobre-saneamento-basico-lancamento-da-cfe-2016\/","title":{"rendered":"Dom Jos\u00e9 Salles fala sobre saneamento b\u00e1sico no lan\u00e7amento da CFE 2016"},"content":{"rendered":"<p>A Diocese de Pesqueira (PE), por meio da C\u00e1ritas Diocesana de Pesqueira, realizou na manh\u00e3 da \u00faltima segunda-feira(22), a abertura oficial da Campanha da Fraternidade Ecum\u00eanica 2016, cujo tema \u201cCasa comum, nossa responsabilidade\u201d e lema \u201cQuero ver o direito brotar como fonte e correr a justi\u00e7a qual riacho que n\u00e3o seca \u2013 Am 5,24\u201d.<\/p>\n<p>O encontro foi realizado no Centro Dom Helder C\u00e2mara, em Pesqueira, e contou com v\u00e1rios participantes: padres, pol\u00edticos, t\u00e9cnicos de \u00f3rg\u00e3os p\u00fablicos, banc\u00e1rios, agricultores, sindicalistas, conselheiros municipais, agentes C\u00e1ritas paroquiais e de pastorais, religiosas e estudantes, al\u00e9m dos integrantes do Bal\u00e9 Mulato que alegrou o momento com apresenta\u00e7\u00e3o cultural.<a href=\"http:\/\/ne2.caritas.org.br.s174889.gridserver.com\/2016\/02\/23\/dom-jose-salles-fala-sobre-saneamento-basico-lancamento-da-cfe-2016\/100_0004\/\" rel=\"attachment wp-att-3147\"><img decoding=\"async\" loading=\"lazy\" class=\"alignright size-medium wp-image-3147\" title=\"100_0004\" src=\"http:\/\/ne2.caritas.org.br.s174889.gridserver.com\/wp-content\/uploads\/2016\/02\/100_0004-300x225.jpg\" alt=\"\" width=\"300\" height=\"225\" \/><\/a><\/p>\n<p>O bispo diocesano, Dom Jos\u00e9 Luiz Ferreira Salles, na sua fala de abertura, provocou os presentes sobre o conhecimento em rela\u00e7\u00e3o aos Planos Municipais de Saneamento B\u00e1sico, responsabilizando todos pelo cuidado com a casa comum. Outro momento marcante na programa\u00e7\u00e3o foi a mesa redonda que contou com a presen\u00e7a do gestor ambiental, Davi Calado, e do professor Luciano Gomes, representante do Consu Bitury. As falas colocaram elementos fundamentais sobre o contexto das nascentes dos rios que cruzam a Diocese de Pesqueira, assim como suas experi\u00eancias de cuidar do planeta. Ao t\u00e9rmino das apresenta\u00e7\u00f5es, o p\u00fablico foi convidado a interagir, contribuindo com a reflex\u00e3o.<\/p>\n<p>A secret\u00e1ria executiva da C\u00e1ritas Diocesana de Pesqueira, Ne\u00edlda Pereira, motivou os encaminhamentos. Como gesto concreto foi definido: participa\u00e7\u00e3o das escolas na formula\u00e7\u00e3o de textos e v\u00eddeos sobre diversas quest\u00f5es relacionadas a saneamento b\u00e1sico, cria\u00e7\u00e3o de um blog para publica\u00e7\u00e3o dos trabalhos das escolas e a sele\u00e7\u00e3o de tr\u00eas projetos relacionados ao tema da CFE 2016 atrav\u00e9s do Fundo Diocesano de Solidariedade. No final do evento, foi lan\u00e7ado o material 2016 da C\u00e1ritas Diocesana de Pesqueira: agenda, calend\u00e1rios de parede e de mesa que faz alus\u00e3o \u00e0 Enc\u00edclica \u201cLaudato Si\u201d, escrita pelo Papa Francisco.<\/p>\n<p>Por Heloisa Ara\u00fajo, Neilda Pereira e Risaldo Gomes, da C\u00e1ritas Diocesana de Pesqueira<\/p>\n<p>Fotos: Diego Freitas<\/p>\n<p>&nbsp;<\/p>\n<ul class=\"ssb_list_wrapper\"><li class=\"fb2\" style=\"width:135px\"><iframe src=\"\/\/www.facebook.com\/plugins\/like.php?href=https%3A%2F%2Fwww.caritasne2.org.br%2Fsite%2Fdom-jose-salles-fala-sobre-saneamento-basico-lancamento-da-cfe-2016%2F&amp;layout=button_count&amp;action=like&amp;show_faces=false&amp;share=true&amp;width=135&amp;height=21&amp;appId=307091639398582\" scrolling=\"no\" frameborder=\"0\" style=\"border:none; overflow:hidden;  width:150px; height:21px;\" allowTransparency=\"true\"><\/iframe><\/li><li class=\"twtr\" style=\"width:90px\"><a href=\"https:\/\/twitter.com\/share\" class=\"twitter-share-button\" data-url=\"https:\/\/www.caritasne2.org.br\/site\/dom-jose-salles-fala-sobre-saneamento-basico-lancamento-da-cfe-2016\/\">&nbsp;<\/a><script>!function(d,s,id){var js,fjs=d.getElementsByTagName(s)[0],p=\/^http:\/.test(d.location)?'http':'https';if(!d.getElementById(id)){js=d.createElement(s);js.id=id;js.src=p+':\/\/platform.twitter.com\/widgets.js';fjs.parentNode.insertBefore(js,fjs);}}(document, 'script', 'twitter-wjs');<\/script><\/li><li class=\"gplus\" style=\"width:68px\"><div class=\"g-plusone\" data-size=\"medium\" data-href=\"https:\/\/www.caritasne2.org.br\/site\/dom-jose-salles-fala-sobre-saneamento-basico-lancamento-da-cfe-2016\/\"><\/div><\/li><li class=\"ssb_linkedin\" style=\"width:64px\"><script src=\"\/\/platform.linkedin.com\/in.js\" type=\"text\/javascript\">lang: en_US<\/script><script type=\"IN\/Share\" data-url=\"https:\/\/www.caritasne2.org.br\/site\/dom-jose-salles-fala-sobre-saneamento-basico-lancamento-da-cfe-2016\/\" data-counter=\"right\"><\/script><\/li><\/ul>","protected":false},"excerpt":{"rendered":"<p>A Diocese de Pesqueira (PE), por meio da C\u00e1ritas Diocesana de Pesqueira, realizou na manh\u00e3 da \u00faltima segunda-feira(22), a abertura oficial da Campanha da Fraternidade Ecum\u00eanica 2016, cujo tema \u201cCasa comum, nossa responsabilidade\u201d e lema \u201cQuero ver o direito brotar como fonte e correr a justi\u00e7a qual riacho que n\u00e3o seca \u2013 Am 5,24\u201d. O encontro foi realizado no Centro Dom Helder C\u00e2mara, em Pesqueira, [&hellip;]<\/p>\n<ul class=\"ssb_list_wrapper\"><li class=\"fb2\" style=\"width:135px\"><iframe src=\"\/\/www.facebook.com\/plugins\/like.php?href=https%3A%2F%2Fwww.caritasne2.org.br%2Fsite%2Fdom-jose-salles-fala-sobre-saneamento-basico-lancamento-da-cfe-2016%2F&amp;layout=button_count&amp;action=like&amp;show_faces=false&amp;share=true&amp;width=135&amp;height=21&amp;appId=307091639398582\" scrolling=\"no\" frameborder=\"0\" style=\"border:none; overflow:hidden;  width:150px; height:21px;\" allowTransparency=\"true\"><\/iframe><\/li><li class=\"twtr\" style=\"width:90px\"><a href=\"https:\/\/twitter.com\/share\" class=\"twitter-share-button\" data-url=\"https:\/\/www.caritasne2.org.br\/site\/dom-jose-salles-fala-sobre-saneamento-basico-lancamento-da-cfe-2016\/\">&nbsp;<\/a><script>!function(d,s,id){var js,fjs=d.getElementsByTagName(s)[0],p=\/^http:\/.test(d.location)?'http':'https';if(!d.getElementById(id)){js=d.createElement(s);js.id=id;js.src=p+':\/\/platform.twitter.com\/widgets.js';fjs.parentNode.insertBefore(js,fjs);}}(document, 'script', 'twitter-wjs');<\/script><\/li><li class=\"gplus\" style=\"width:68px\"><div class=\"g-plusone\" data-size=\"medium\" data-href=\"https:\/\/www.caritasne2.org.br\/site\/dom-jose-salles-fala-sobre-saneamento-basico-lancamento-da-cfe-2016\/\"><\/div><\/li><li class=\"ssb_linkedin\" style=\"width:64px\"><script src=\"\/\/platform.linkedin.com\/in.js\" type=\"text\/javascript\">lang: en_US<\/script><script type=\"IN\/Share\" data-url=\"https:\/\/www.caritasne2.org.br\/site\/dom-jose-salles-fala-sobre-saneamento-basico-lancamento-da-cfe-2016\/\" data-counter=\"right\"><\/script><\/li><\/ul>","protected":false},"author":4,"featured_media":3146,"comment_status":"open","ping_status":"open","sticky":false,"template":"","format":"standard","meta":[],"categories":[366,20],"tags":[45,268,701,592,705,147,704],"_links":{"self":[{"href":"https:\/\/www.caritasne2.org.br\/site\/wp-json\/wp\/v2\/posts\/3145"}],"collection":[{"href":"https:\/\/www.caritasne2.org.br\/site\/wp-json\/wp\/v2\/posts"}],"about":[{"href":"https:\/\/www.caritasne2.org.br\/site\/wp-json\/wp\/v2\/types\/post"}],"author":[{"embeddable":true,"href":"https:\/\/www.caritasne2.org.br\/site\/wp-json\/wp\/v2\/users\/4"}],"replies":[{"embeddable":true,"href":"https:\/\/www.caritasne2.org.br\/site\/wp-json\/wp\/v2\/comments?post=3145"}],"version-history":[{"count":0,"href":"https:\/\/www.caritasne2.org.br\/site\/wp-json\/wp\/v2\/posts\/3145\/revisions"}],"wp:featuredmedia":[{"embeddable":true,"href":"https:\/\/www.caritasne2.org.br\/site\/wp-json\/"}],"wp:attachment":[{"href":"https:\/\/www.caritasne2.org.br\/site\/wp-json\/wp\/v2\/media?parent=3145"}],"wp:term":[{"taxonomy":"category","embeddable":true,"href":"https:\/\/www.caritasne2.org.br\/site\/wp-json\/wp\/v2\/categories?post=3145"},{"taxonomy":"post_tag","embeddable":true,"href":"https:\/\/www.caritasne2.org.br\/site\/wp-json\/wp\/v2\/tags?post=3145"}],"curies":[{"name":"wp","href":"https:\/\/api.w.org\/{rel}","templated":true}]}}