{"id":3135,"date":"2016-02-23T13:18:13","date_gmt":"2016-02-23T16:18:13","guid":{"rendered":"http:\/\/ne2.caritas.org.br.s174889.gridserver.com\/?p=3135"},"modified":"2017-07-11T15:18:20","modified_gmt":"2017-07-11T18:18:20","slug":"trabalho-de-catadores-e-destaque-na-abertura-da-cfe-em-palmeira-dos-indios","status":"publish","type":"post","link":"https:\/\/www.caritasne2.org.br\/site\/trabalho-de-catadores-e-destaque-na-abertura-da-cfe-em-palmeira-dos-indios\/","title":{"rendered":"Trabalho de catadores \u00e9 destaque na abertura da CFE em Palmeira dos \u00cdndios"},"content":{"rendered":"<p>A abertura oficial da Campanha da Fraternidade Ecum\u00eanica 2016, na diocese de Palmeira dos \u00cdndios (AL) foi realizada na \u00faltima sexta feira (19), no Centro Paroquial do munic\u00edpio de Delmiro Gouveia (AL). O Pastor Diocesano Dom Dulc\u00eanio Fontes de Matos comp\u00f4s a mesa com integrantes da diocese e representantes da Associa\u00e7\u00e3o dos Catadores e Catadoras de Delmiro Gouveia (Ascadel).<\/p>\n<p>Na sua fala, o bispo enfatizou o momento quaresmal e a import\u00e2ncia da Campanha da Fraternidade em especial esta de 2016, que \u00e9 a 4\u00aa de car\u00e1ter ecum\u00eanico, coordenada pelo CONIC- Conselho Nacional das Igrejas Crist\u00e3s do Brasil. Al\u00e9m disso, essa \u00e9 a primeira campanha realizada com alcance internacional, gra\u00e7as \u00e0 parceria com a MISEREOR, entidade episcopal da Igreja Cat\u00f3lica da Alemanha que coopera com o desenvolvimento na \u00c1sia, \u00c1frica e Am\u00e9rica Latina.<\/p>\n<p>A Campanha da Fraternidade Ecum\u00eanica deste ano, coordenada na diocese pelo Padre Ant\u00f4nio Melo,<a href=\"http:\/\/ne2.caritas.org.br.s174889.gridserver.com\/2016\/02\/23\/trabalho-de-catadores-e-destaque-na-abertura-da-cfe-em-palmeira-dos-indios\/cf-delmiro-3\/\" rel=\"attachment wp-att-3137\"><img decoding=\"async\" loading=\"lazy\" class=\"alignright size-medium wp-image-3137\" title=\"CF delmiro 3\" src=\"http:\/\/ne2.caritas.org.br.s174889.gridserver.com\/wp-content\/uploads\/2016\/02\/CF-delmiro-3-300x225.jpg\" alt=\"\" width=\"300\" height=\"225\" \/><\/a> traz como tema para reflex\u00e3o e debate na sociedade um problema crucial das nossas cidades: o saneamento b\u00e1sico. Inspirada na Carta Enc\u00edclica do Papa Francisco \u201cLAUDATO SI\u201d que trata sobre o cuidado da casa comum, ou seja, o cuidado com o planeta. Esta campanha foi buscar no Profeta Am\u00f3s, 5,24 o lema: \u201cQuero ver o direito Brotar como fonte e correr a justi\u00e7a qual riacho que n\u00e3o seca. \u201cE o tema: \u201cCasa Comum, Nossa Responsabilidade\u201d.<\/p>\n<p>Dom Dulc\u00eanio ainda lembrou, na sua fala, da necessidade de cuidarmos da nossa vida espiritual, em especial neste tempo quaresmal, para que possamos compreender o que Deus quer de cada um de n\u00f3s.<\/p>\n<p>Padre Bruno Igor, da Par\u00f3quia de Monteir\u00f3polis, expondo sobre a Campanha da Fraternidade Ecum\u00eanica, destacou o significado do ecumenismo explicando que reside no fato de ser de responsabilidade de todos. O crist\u00e3o deve, atrav\u00e9s de mudan\u00e7as de atitudes e de pequenos gestos, cuidar da casa que \u00e9 de todos, o planeta que sofre as consequ\u00eancias de um modelo de desenvolvimento baseado no consumismo e no lucro, provocando a destrui\u00e7\u00e3o da natureza, tornando a vida cada vez mais amea\u00e7ada. Enfatizou tamb\u00e9m que os crist\u00e3os devem assumir o cuidado com a \u201ccasa comum\u201d, inspirados nos ensinamentos Evang\u00e9licos para n\u00e3o correrem o risco de se tornarem meros ambientalistas.<\/p>\n<p>Na oportunidade, tamb\u00e9m foi apresentado o trabalho que a Diocese de Palmeira dos \u00cdndios est\u00e1 desenvolvendo, atrav\u00e9s da C\u00e1ritas e em parceria com a Ascadel, junto aos catadores\/as de res\u00edduos s\u00f3lidos de Delmiro Gouveia: a implanta\u00e7\u00e3o da f\u00e1brica de vassouras de garrafa pet e apoio \u00e0 coleta seletiva. Cinco mulheres catadoras durante o dia trabalham no lix\u00e3o e \u00e0 noite fazem o trabalho de reeduca\u00e7\u00e3o da popula\u00e7\u00e3o ensinando como separar o lixo em casa e coletando o material recicl\u00e1vel, gerando renda para os\/as catadores\/as. A assessora da C\u00e1ritas Brasileira, Maria Mafra, ressaltou a necessidade da participa\u00e7\u00e3o da sociedade na cobran\u00e7a de pol\u00edticas p\u00fablicas que garantam a melhoria da qualidade de vida nas cidades. Cuidar do Planeta, do nosso bioma Caatinga, j\u00e1 t\u00e3o devastado \u00e9 cuidar da vida e das futuras gera\u00e7\u00f5es.<\/p>\n<p>O evento contou com a participa\u00e7\u00e3o do clero e de leigos de todas as par\u00f3quias, de agentes C\u00e1ritas, al\u00e9m de representantes do poder p\u00fablico local e de parlamentares.<\/p>\n<p style=\"text-align: left;\" align=\"right\">Por Maria Aparecida Mafra &#8211; Assessora da C\u00e1ritas Brasileira NE2\/CDPI<\/p>\n<p>&nbsp;<\/p>\n<ul class=\"ssb_list_wrapper\"><li class=\"fb2\" style=\"width:135px\"><iframe src=\"\/\/www.facebook.com\/plugins\/like.php?href=https%3A%2F%2Fwww.caritasne2.org.br%2Fsite%2Ftrabalho-de-catadores-e-destaque-na-abertura-da-cfe-em-palmeira-dos-indios%2F&amp;layout=button_count&amp;action=like&amp;show_faces=false&amp;share=true&amp;width=135&amp;height=21&amp;appId=307091639398582\" scrolling=\"no\" frameborder=\"0\" style=\"border:none; overflow:hidden;  width:150px; height:21px;\" allowTransparency=\"true\"><\/iframe><\/li><li class=\"twtr\" style=\"width:90px\"><a href=\"https:\/\/twitter.com\/share\" class=\"twitter-share-button\" data-url=\"https:\/\/www.caritasne2.org.br\/site\/trabalho-de-catadores-e-destaque-na-abertura-da-cfe-em-palmeira-dos-indios\/\">&nbsp;<\/a><script>!function(d,s,id){var js,fjs=d.getElementsByTagName(s)[0],p=\/^http:\/.test(d.location)?'http':'https';if(!d.getElementById(id)){js=d.createElement(s);js.id=id;js.src=p+':\/\/platform.twitter.com\/widgets.js';fjs.parentNode.insertBefore(js,fjs);}}(document, 'script', 'twitter-wjs');<\/script><\/li><li class=\"gplus\" style=\"width:68px\"><div class=\"g-plusone\" data-size=\"medium\" data-href=\"https:\/\/www.caritasne2.org.br\/site\/trabalho-de-catadores-e-destaque-na-abertura-da-cfe-em-palmeira-dos-indios\/\"><\/div><\/li><li class=\"ssb_linkedin\" style=\"width:64px\"><script src=\"\/\/platform.linkedin.com\/in.js\" type=\"text\/javascript\">lang: en_US<\/script><script type=\"IN\/Share\" data-url=\"https:\/\/www.caritasne2.org.br\/site\/trabalho-de-catadores-e-destaque-na-abertura-da-cfe-em-palmeira-dos-indios\/\" data-counter=\"right\"><\/script><\/li><\/ul>","protected":false},"excerpt":{"rendered":"<p>A abertura oficial da Campanha da Fraternidade Ecum\u00eanica 2016, na diocese de Palmeira dos \u00cdndios (AL) foi realizada na \u00faltima sexta feira (19), no Centro Paroquial do munic\u00edpio de Delmiro Gouveia (AL). O Pastor Diocesano Dom Dulc\u00eanio Fontes de Matos comp\u00f4s a mesa com integrantes da diocese e representantes da Associa\u00e7\u00e3o dos Catadores e Catadoras de Delmiro Gouveia (Ascadel). Na sua fala, o bispo enfatizou [&hellip;]<\/p>\n<ul class=\"ssb_list_wrapper\"><li class=\"fb2\" style=\"width:135px\"><iframe src=\"\/\/www.facebook.com\/plugins\/like.php?href=https%3A%2F%2Fwww.caritasne2.org.br%2Fsite%2Ftrabalho-de-catadores-e-destaque-na-abertura-da-cfe-em-palmeira-dos-indios%2F&amp;layout=button_count&amp;action=like&amp;show_faces=false&amp;share=true&amp;width=135&amp;height=21&amp;appId=307091639398582\" scrolling=\"no\" frameborder=\"0\" style=\"border:none; overflow:hidden;  width:150px; height:21px;\" allowTransparency=\"true\"><\/iframe><\/li><li class=\"twtr\" style=\"width:90px\"><a href=\"https:\/\/twitter.com\/share\" class=\"twitter-share-button\" data-url=\"https:\/\/www.caritasne2.org.br\/site\/trabalho-de-catadores-e-destaque-na-abertura-da-cfe-em-palmeira-dos-indios\/\">&nbsp;<\/a><script>!function(d,s,id){var js,fjs=d.getElementsByTagName(s)[0],p=\/^http:\/.test(d.location)?'http':'https';if(!d.getElementById(id)){js=d.createElement(s);js.id=id;js.src=p+':\/\/platform.twitter.com\/widgets.js';fjs.parentNode.insertBefore(js,fjs);}}(document, 'script', 'twitter-wjs');<\/script><\/li><li class=\"gplus\" style=\"width:68px\"><div class=\"g-plusone\" data-size=\"medium\" data-href=\"https:\/\/www.caritasne2.org.br\/site\/trabalho-de-catadores-e-destaque-na-abertura-da-cfe-em-palmeira-dos-indios\/\"><\/div><\/li><li class=\"ssb_linkedin\" style=\"width:64px\"><script src=\"\/\/platform.linkedin.com\/in.js\" type=\"text\/javascript\">lang: en_US<\/script><script type=\"IN\/Share\" data-url=\"https:\/\/www.caritasne2.org.br\/site\/trabalho-de-catadores-e-destaque-na-abertura-da-cfe-em-palmeira-dos-indios\/\" data-counter=\"right\"><\/script><\/li><\/ul>","protected":false},"author":4,"featured_media":3142,"comment_status":"open","ping_status":"open","sticky":false,"template":"","format":"standard","meta":[],"categories":[366,20],"tags":[45,701,702,703,74,704],"_links":{"self":[{"href":"https:\/\/www.caritasne2.org.br\/site\/wp-json\/wp\/v2\/posts\/3135"}],"collection":[{"href":"https:\/\/www.caritasne2.org.br\/site\/wp-json\/wp\/v2\/posts"}],"about":[{"href":"https:\/\/www.caritasne2.org.br\/site\/wp-json\/wp\/v2\/types\/post"}],"author":[{"embeddable":true,"href":"https:\/\/www.caritasne2.org.br\/site\/wp-json\/wp\/v2\/users\/4"}],"replies":[{"embeddable":true,"href":"https:\/\/www.caritasne2.org.br\/site\/wp-json\/wp\/v2\/comments?post=3135"}],"version-history":[{"count":0,"href":"https:\/\/www.caritasne2.org.br\/site\/wp-json\/wp\/v2\/posts\/3135\/revisions"}],"wp:featuredmedia":[{"embeddable":true,"href":"https:\/\/www.caritasne2.org.br\/site\/wp-json\/"}],"wp:attachment":[{"href":"https:\/\/www.caritasne2.org.br\/site\/wp-json\/wp\/v2\/media?parent=3135"}],"wp:term":[{"taxonomy":"category","embeddable":true,"href":"https:\/\/www.caritasne2.org.br\/site\/wp-json\/wp\/v2\/categories?post=3135"},{"taxonomy":"post_tag","embeddable":true,"href":"https:\/\/www.caritasne2.org.br\/site\/wp-json\/wp\/v2\/tags?post=3135"}],"curies":[{"name":"wp","href":"https:\/\/api.w.org\/{rel}","templated":true}]}}