{"id":3104,"date":"2016-02-11T14:40:22","date_gmt":"2016-02-11T16:40:22","guid":{"rendered":"http:\/\/ne2.caritas.org.br.s174889.gridserver.com\/?p=3104"},"modified":"2017-07-11T15:18:21","modified_gmt":"2017-07-11T18:18:21","slug":"aor-lanca-campanha-da-fraternidade-na-periferia-de-olinda-pe","status":"publish","type":"post","link":"https:\/\/www.caritasne2.org.br\/site\/aor-lanca-campanha-da-fraternidade-na-periferia-de-olinda-pe\/","title":{"rendered":"AOR lan\u00e7a Campanha da Fraternidade na periferia de Olinda (PE)"},"content":{"rendered":"<p>O galp\u00e3o da Associa\u00e7\u00e3o de Recicladores de Olinda, no Aterro Sanit\u00e1rio de Aguazinha, foi o local escolhido para a Missa dessa quarta-feira de cinzas (11), na Arquidiocese de Olinda e Recife (AOR). Al\u00e9m de marcar o in\u00edcio do per\u00edodo quaresmal, a celebra\u00e7\u00e3o tamb\u00e9m foi o pontap\u00e9, no n\u00edvel local, da Campanha da Fraternidade Ecum\u00eanica 2016 que tem como tema \u201cCasa comum, nossa responsabilidade\u201d.<\/p>\n<p><img decoding=\"async\" loading=\"lazy\" class=\"alignright size-medium wp-image-3106\" title=\"AhS8wE2VUG00j1DhEDWhaXPAnIEDs6E8paSr6RxtabC3\" src=\"http:\/\/ne2.caritas.org.br.s174889.gridserver.com\/wp-content\/uploads\/2016\/02\/AhS8wE2VUG00j1DhEDWhaXPAnIEDs6E8paSr6RxtabC3-300x225.jpg\" alt=\"\" width=\"300\" height=\"225\" \/><\/p>\n<p>Com a presen\u00e7a de fieis, entre eles, catadores de materiais recicl\u00e1veis ligados \u00e0 associa\u00e7\u00e3o, o arcebispo local, Dom Fernando Saburido, presidiu a missa e ressaltou a import\u00e2ncia dessa iniciativa da Igreja no Brasil que, pela quarta vez, tem car\u00e1ter ecum\u00eanico. \u201cA Campanha da Fraternidade realizada no tempo da quaresma procura ligar f\u00e9 e vida. Nossas celebra\u00e7\u00f5es, como sacramentos, s\u00e3o sinais eficazes, sinais da gra\u00e7a divina, que nos v\u00eam atrav\u00e9s de Jesus. E esses sacramentos, embora contenham em si mesmos a gra\u00e7a que significam, ainda mant\u00eam uma dimens\u00e3o de profecia n\u00e3o realizada\u201d, destacou.<\/p>\n<p>O arcebispo, durante a hom\u00edlia, ainda mostrou, com dados estat\u00edsticos, a import\u00e2ncia pr\u00e1tica da tem\u00e1tica da Campanha na vida das pessoas, sobretudo do territ\u00f3rio da Arquidiocese. \u201cUma an\u00e1lise recente mostrava a situa\u00e7\u00e3o do saneamento b\u00e1sico nas 100 maiores cidades do pa\u00eds. O que v\u00edamos \u00e9 que Jaboat\u00e3o dos Guararapes, Olinda, Paulista e Recife estavam entre as piores no ranking, deixando Pernambuco com o pior desempenho entre os estados do Nordeste. A recente epidemia de dengue e outras doen\u00e7as, provocadas pelo mosquito <em>aedes aegypti<\/em>, assim como o preocupante \u00edndice de crian\u00e7as nascendo com microcefalia, gritam a urg\u00eancia do saneamento b\u00e1sico e da \u00e1gua tratada para conter e superar esses flagelos que atingem toda a popula\u00e7\u00e3o, mas principalmente os mais pobres\u201d, considerou.<\/p>\n<p>O presidente da Associa\u00e7\u00e3o, Robson Ferreira da Silva, disse que estava muito satisfeito com a escolha do local para o evento. \u201c\u00c9 importante que os governantes, a Igreja e a sociedade nos vejam e valorizem o trabalho dos que ajudam a preservar o meio ambiente. Homens e mulheres que transformam algo que \u00e9 considerado lixo em renda para as pr\u00f3prias fam\u00edlias e evitam que esses materiais estejam entupindo boeiros, ocupando c\u00f3rregos e rios de nossas cidades\u201d.<\/p>\n<p><a href=\"http:\/\/ne2.caritas.org.br.s174889.gridserver.com\/2016\/02\/11\/aor-lanca-campanha-da-fraternidade-na-periferia-de-olinda-pe\/aktnip85z79vreiykhfrt6yyzpcy1qbcgdk1v-qrjdm0-1\/\" rel=\"attachment wp-att-3107\"><img decoding=\"async\" loading=\"lazy\" class=\"alignleft size-medium wp-image-3107\" title=\"AkTnIp85Z79VrEiyKHfRT6YYzPCy1qBcGDk1v-Qrjdm0 (1)\" src=\"http:\/\/ne2.caritas.org.br.s174889.gridserver.com\/wp-content\/uploads\/2016\/02\/AkTnIp85Z79VrEiyKHfRT6YYzPCy1qBcGDk1v-Qrjdm0-1-300x225.jpg\" alt=\"\" width=\"300\" height=\"225\" \/><\/a>Na ocasi\u00e3o, o secret\u00e1rio regional, Angelo Zanr\u00e9, refor\u00e7ou o compromisso de ajudar os catadores da Associa\u00e7\u00e3o, prestando, por meio da equipe de Economia Solid\u00e1ria, a assessoria, por exemplo, na forma\u00e7\u00e3o dos envolvidos dos pontos de vista jur\u00eddico, cont\u00e1bil e administrativo. \u201c\u00c9 importante a Igreja se fazer presente nestes locais, mostrando-se solid\u00e1ria, denunciando e, ao mesmo tempo, colocando-se como agente pastoral nesse processo de transforma\u00e7\u00e3o\u201d, destacou.<\/p>\n<p>A missa foi concelebrada pelos bispo auxiliar, Dom Ant\u00f4nio Tourinho, e em\u00e9rito de Palmares, Dom Genival Saraiva, padres e di\u00e1conos de diversas regi\u00f5es da arquidiocese.<\/p>\n<p>Por Wagner Ces\u00e1rio | Assessoria de Comunica\u00e7\u00e3o da C\u00e1ritas NE2.<\/p>\n<ul class=\"ssb_list_wrapper\"><li class=\"fb2\" style=\"width:135px\"><iframe src=\"\/\/www.facebook.com\/plugins\/like.php?href=https%3A%2F%2Fwww.caritasne2.org.br%2Fsite%2Faor-lanca-campanha-da-fraternidade-na-periferia-de-olinda-pe%2F&amp;layout=button_count&amp;action=like&amp;show_faces=false&amp;share=true&amp;width=135&amp;height=21&amp;appId=307091639398582\" scrolling=\"no\" frameborder=\"0\" style=\"border:none; overflow:hidden;  width:150px; height:21px;\" allowTransparency=\"true\"><\/iframe><\/li><li class=\"twtr\" style=\"width:90px\"><a href=\"https:\/\/twitter.com\/share\" class=\"twitter-share-button\" data-url=\"https:\/\/www.caritasne2.org.br\/site\/aor-lanca-campanha-da-fraternidade-na-periferia-de-olinda-pe\/\">&nbsp;<\/a><script>!function(d,s,id){var js,fjs=d.getElementsByTagName(s)[0],p=\/^http:\/.test(d.location)?'http':'https';if(!d.getElementById(id)){js=d.createElement(s);js.id=id;js.src=p+':\/\/platform.twitter.com\/widgets.js';fjs.parentNode.insertBefore(js,fjs);}}(document, 'script', 'twitter-wjs');<\/script><\/li><li class=\"gplus\" style=\"width:68px\"><div class=\"g-plusone\" data-size=\"medium\" data-href=\"https:\/\/www.caritasne2.org.br\/site\/aor-lanca-campanha-da-fraternidade-na-periferia-de-olinda-pe\/\"><\/div><\/li><li class=\"ssb_linkedin\" style=\"width:64px\"><script src=\"\/\/platform.linkedin.com\/in.js\" type=\"text\/javascript\">lang: en_US<\/script><script type=\"IN\/Share\" data-url=\"https:\/\/www.caritasne2.org.br\/site\/aor-lanca-campanha-da-fraternidade-na-periferia-de-olinda-pe\/\" data-counter=\"right\"><\/script><\/li><\/ul>","protected":false},"excerpt":{"rendered":"<p>O galp\u00e3o da Associa\u00e7\u00e3o de Recicladores de Olinda, no Aterro Sanit\u00e1rio de Aguazinha, foi o local escolhido para a Missa dessa quarta-feira de cinzas (11), na Arquidiocese de Olinda e Recife (AOR). Al\u00e9m de marcar o in\u00edcio do per\u00edodo quaresmal, a celebra\u00e7\u00e3o tamb\u00e9m foi o pontap\u00e9, no n\u00edvel local, da Campanha da Fraternidade Ecum\u00eanica 2016 que tem como tema \u201cCasa comum, nossa responsabilidade\u201d. Com a [&hellip;]<\/p>\n<ul class=\"ssb_list_wrapper\"><li class=\"fb2\" style=\"width:135px\"><iframe src=\"\/\/www.facebook.com\/plugins\/like.php?href=https%3A%2F%2Fwww.caritasne2.org.br%2Fsite%2Faor-lanca-campanha-da-fraternidade-na-periferia-de-olinda-pe%2F&amp;layout=button_count&amp;action=like&amp;show_faces=false&amp;share=true&amp;width=135&amp;height=21&amp;appId=307091639398582\" scrolling=\"no\" frameborder=\"0\" style=\"border:none; overflow:hidden;  width:150px; height:21px;\" allowTransparency=\"true\"><\/iframe><\/li><li class=\"twtr\" style=\"width:90px\"><a href=\"https:\/\/twitter.com\/share\" class=\"twitter-share-button\" data-url=\"https:\/\/www.caritasne2.org.br\/site\/aor-lanca-campanha-da-fraternidade-na-periferia-de-olinda-pe\/\">&nbsp;<\/a><script>!function(d,s,id){var js,fjs=d.getElementsByTagName(s)[0],p=\/^http:\/.test(d.location)?'http':'https';if(!d.getElementById(id)){js=d.createElement(s);js.id=id;js.src=p+':\/\/platform.twitter.com\/widgets.js';fjs.parentNode.insertBefore(js,fjs);}}(document, 'script', 'twitter-wjs');<\/script><\/li><li class=\"gplus\" style=\"width:68px\"><div class=\"g-plusone\" data-size=\"medium\" data-href=\"https:\/\/www.caritasne2.org.br\/site\/aor-lanca-campanha-da-fraternidade-na-periferia-de-olinda-pe\/\"><\/div><\/li><li class=\"ssb_linkedin\" style=\"width:64px\"><script src=\"\/\/platform.linkedin.com\/in.js\" type=\"text\/javascript\">lang: en_US<\/script><script type=\"IN\/Share\" data-url=\"https:\/\/www.caritasne2.org.br\/site\/aor-lanca-campanha-da-fraternidade-na-periferia-de-olinda-pe\/\" data-counter=\"right\"><\/script><\/li><\/ul>","protected":false},"author":4,"featured_media":3105,"comment_status":"open","ping_status":"open","sticky":false,"template":"","format":"standard","meta":[],"categories":[366,20],"tags":[486,45,59,46,67,693,694,695,696],"_links":{"self":[{"href":"https:\/\/www.caritasne2.org.br\/site\/wp-json\/wp\/v2\/posts\/3104"}],"collection":[{"href":"https:\/\/www.caritasne2.org.br\/site\/wp-json\/wp\/v2\/posts"}],"about":[{"href":"https:\/\/www.caritasne2.org.br\/site\/wp-json\/wp\/v2\/types\/post"}],"author":[{"embeddable":true,"href":"https:\/\/www.caritasne2.org.br\/site\/wp-json\/wp\/v2\/users\/4"}],"replies":[{"embeddable":true,"href":"https:\/\/www.caritasne2.org.br\/site\/wp-json\/wp\/v2\/comments?post=3104"}],"version-history":[{"count":0,"href":"https:\/\/www.caritasne2.org.br\/site\/wp-json\/wp\/v2\/posts\/3104\/revisions"}],"wp:featuredmedia":[{"embeddable":true,"href":"https:\/\/www.caritasne2.org.br\/site\/wp-json\/"}],"wp:attachment":[{"href":"https:\/\/www.caritasne2.org.br\/site\/wp-json\/wp\/v2\/media?parent=3104"}],"wp:term":[{"taxonomy":"category","embeddable":true,"href":"https:\/\/www.caritasne2.org.br\/site\/wp-json\/wp\/v2\/categories?post=3104"},{"taxonomy":"post_tag","embeddable":true,"href":"https:\/\/www.caritasne2.org.br\/site\/wp-json\/wp\/v2\/tags?post=3104"}],"curies":[{"name":"wp","href":"https:\/\/api.w.org\/{rel}","templated":true}]}}