{"id":3097,"date":"2016-01-29T16:02:50","date_gmt":"2016-01-29T18:02:50","guid":{"rendered":"http:\/\/ne2.caritas.org.br.s174889.gridserver.com\/?p=3097"},"modified":"2017-07-11T15:18:21","modified_gmt":"2017-07-11T18:18:21","slug":"3097","status":"publish","type":"post","link":"https:\/\/www.caritasne2.org.br\/site\/3097\/","title":{"rendered":""},"content":{"rendered":"<p style=\"text-align: center;\">PROCESSO SELETIVO SIMPLIFICADO<\/p>\n<p style=\"text-align: center;\">EDITAL 001\/2016<\/p>\n<p>A Escola de Forma\u00e7\u00e3o Quilombo dos Palmares \u2013 EQUIP, entidade privada sem fins lucrativos, inscrita no Cadastro Nacional de Pessoa Jur\u00eddica do Minist\u00e9rio da Fazenda sob o n\u02da. 24.128.936\/0001-60; com sede na Rua Monte Castelo, 142, Bairro da Boa Vista Recife &#8211; PE, torna p\u00fablica, para conhecimento dos interessados \u00e0 realiza\u00e7\u00e3o de Processo Seletivo Simplificado para contrata\u00e7\u00e3o de presta\u00e7\u00e3o de servi\u00e7o tempor\u00e1rio por profissionais, para desenvolver atividades do primeiro desembolso, dando continuidade ao PROJETO DE MONITORAMENTO E AVALIA\u00c7\u00c3O DO PROGRAMA DE BIBLIOTECAS RURAIS ARCA DAS LETRAS, mediante as condi\u00e7\u00f5es estabelecidas neste Edital e seus anexos e de acordo com o Conv\u00eanio n\u00ba 787471\/2013, celebrado entre a EQUIP e o Minist\u00e9rio do Desenvolvimento Agr\u00e1rio- MDA atrav\u00e9s da Secretaria de Reordenamento Agr\u00e1rio-SRA.<\/p>\n<p>Para acesso completo ao Edital, clique <a title=\"Edital - Processo Seletivo Simplificado\" href=\"http:\/\/ne2.caritas.org.br.s174889.gridserver.com\/?attachment_id=3098\">aqui<\/a>.<\/p>\n<p>&nbsp;<\/p>\n<ul class=\"ssb_list_wrapper\"><li class=\"fb2\" style=\"width:135px\"><iframe src=\"\/\/www.facebook.com\/plugins\/like.php?href=https%3A%2F%2Fwww.caritasne2.org.br%2Fsite%2F3097%2F&amp;layout=button_count&amp;action=like&amp;show_faces=false&amp;share=true&amp;width=135&amp;height=21&amp;appId=307091639398582\" scrolling=\"no\" frameborder=\"0\" style=\"border:none; overflow:hidden;  width:150px; height:21px;\" allowTransparency=\"true\"><\/iframe><\/li><li class=\"twtr\" style=\"width:90px\"><a href=\"https:\/\/twitter.com\/share\" class=\"twitter-share-button\" data-url=\"https:\/\/www.caritasne2.org.br\/site\/3097\/\">&nbsp;<\/a><script>!function(d,s,id){var js,fjs=d.getElementsByTagName(s)[0],p=\/^http:\/.test(d.location)?'http':'https';if(!d.getElementById(id)){js=d.createElement(s);js.id=id;js.src=p+':\/\/platform.twitter.com\/widgets.js';fjs.parentNode.insertBefore(js,fjs);}}(document, 'script', 'twitter-wjs');<\/script><\/li><li class=\"gplus\" style=\"width:68px\"><div class=\"g-plusone\" data-size=\"medium\" data-href=\"https:\/\/www.caritasne2.org.br\/site\/3097\/\"><\/div><\/li><li class=\"ssb_linkedin\" style=\"width:64px\"><script src=\"\/\/platform.linkedin.com\/in.js\" type=\"text\/javascript\">lang: en_US<\/script><script type=\"IN\/Share\" data-url=\"https:\/\/www.caritasne2.org.br\/site\/3097\/\" data-counter=\"right\"><\/script><\/li><\/ul>","protected":false},"excerpt":{"rendered":"<p>PROCESSO SELETIVO SIMPLIFICADO EDITAL 001\/2016 A Escola de Forma\u00e7\u00e3o Quilombo dos Palmares \u2013 EQUIP, entidade privada sem fins lucrativos, inscrita no Cadastro Nacional de Pessoa Jur\u00eddica do Minist\u00e9rio da Fazenda sob o n\u02da. 24.128.936\/0001-60; com sede na Rua Monte Castelo, 142, Bairro da Boa Vista Recife &#8211; PE, torna p\u00fablica, para conhecimento dos interessados \u00e0 realiza\u00e7\u00e3o de Processo Seletivo Simplificado para contrata\u00e7\u00e3o de presta\u00e7\u00e3o de [&hellip;]<\/p>\n<ul class=\"ssb_list_wrapper\"><li class=\"fb2\" style=\"width:135px\"><iframe src=\"\/\/www.facebook.com\/plugins\/like.php?href=https%3A%2F%2Fwww.caritasne2.org.br%2Fsite%2F3097%2F&amp;layout=button_count&amp;action=like&amp;show_faces=false&amp;share=true&amp;width=135&amp;height=21&amp;appId=307091639398582\" scrolling=\"no\" frameborder=\"0\" style=\"border:none; overflow:hidden;  width:150px; height:21px;\" allowTransparency=\"true\"><\/iframe><\/li><li class=\"twtr\" style=\"width:90px\"><a href=\"https:\/\/twitter.com\/share\" class=\"twitter-share-button\" data-url=\"https:\/\/www.caritasne2.org.br\/site\/3097\/\">&nbsp;<\/a><script>!function(d,s,id){var js,fjs=d.getElementsByTagName(s)[0],p=\/^http:\/.test(d.location)?'http':'https';if(!d.getElementById(id)){js=d.createElement(s);js.id=id;js.src=p+':\/\/platform.twitter.com\/widgets.js';fjs.parentNode.insertBefore(js,fjs);}}(document, 'script', 'twitter-wjs');<\/script><\/li><li class=\"gplus\" style=\"width:68px\"><div class=\"g-plusone\" data-size=\"medium\" data-href=\"https:\/\/www.caritasne2.org.br\/site\/3097\/\"><\/div><\/li><li class=\"ssb_linkedin\" style=\"width:64px\"><script src=\"\/\/platform.linkedin.com\/in.js\" type=\"text\/javascript\">lang: en_US<\/script><script type=\"IN\/Share\" data-url=\"https:\/\/www.caritasne2.org.br\/site\/3097\/\" data-counter=\"right\"><\/script><\/li><\/ul>","protected":false},"author":4,"featured_media":3100,"comment_status":"open","ping_status":"open","sticky":false,"template":"","format":"standard","meta":[],"categories":[174,20],"tags":[688,689,690,691],"_links":{"self":[{"href":"https:\/\/www.caritasne2.org.br\/site\/wp-json\/wp\/v2\/posts\/3097"}],"collection":[{"href":"https:\/\/www.caritasne2.org.br\/site\/wp-json\/wp\/v2\/posts"}],"about":[{"href":"https:\/\/www.caritasne2.org.br\/site\/wp-json\/wp\/v2\/types\/post"}],"author":[{"embeddable":true,"href":"https:\/\/www.caritasne2.org.br\/site\/wp-json\/wp\/v2\/users\/4"}],"replies":[{"embeddable":true,"href":"https:\/\/www.caritasne2.org.br\/site\/wp-json\/wp\/v2\/comments?post=3097"}],"version-history":[{"count":0,"href":"https:\/\/www.caritasne2.org.br\/site\/wp-json\/wp\/v2\/posts\/3097\/revisions"}],"wp:featuredmedia":[{"embeddable":true,"href":"https:\/\/www.caritasne2.org.br\/site\/wp-json\/"}],"wp:attachment":[{"href":"https:\/\/www.caritasne2.org.br\/site\/wp-json\/wp\/v2\/media?parent=3097"}],"wp:term":[{"taxonomy":"category","embeddable":true,"href":"https:\/\/www.caritasne2.org.br\/site\/wp-json\/wp\/v2\/categories?post=3097"},{"taxonomy":"post_tag","embeddable":true,"href":"https:\/\/www.caritasne2.org.br\/site\/wp-json\/wp\/v2\/tags?post=3097"}],"curies":[{"name":"wp","href":"https:\/\/api.w.org\/{rel}","templated":true}]}}