{"id":3073,"date":"2016-01-25T15:36:33","date_gmt":"2016-01-25T17:36:33","guid":{"rendered":"http:\/\/ne2.caritas.org.br.s174889.gridserver.com\/?p=3073"},"modified":"2017-07-11T15:18:22","modified_gmt":"2017-07-11T18:18:22","slug":"encontro-da-caritas-ne2-discute-plano-proximo-quadrienio","status":"publish","type":"post","link":"https:\/\/www.caritasne2.org.br\/site\/encontro-da-caritas-ne2-discute-plano-proximo-quadrienio\/","title":{"rendered":"Encontro da C\u00e1ritas NE2 discute plano do pr\u00f3ximo quadri\u00eanio"},"content":{"rendered":"<p>A equipe do escrit\u00f3rio da C\u00e1ritas Regional NE2 e representantes de 11 entidades-membro participaram, nos dias 21, 22 e 23 deste m\u00eas, do 1\u00ba M\u00f3dulo do Curso de Capacita\u00e7\u00e3o em Planejamento, Monitoramento, Avalia\u00e7\u00e3o e Sistematiza\u00e7\u00e3o, que construiu, nesse primeiro momento, o Marco Referencial Estrat\u00e9gico para os pr\u00f3ximos quatro anos (2016-2019). O encontro foi ministrado pelo consultor Domingos Corcione, no Centro de Forma\u00e7\u00e3o e Lazer, no Recife (PE).<\/p>\n<p><a href=\"http:\/\/ne2.caritas.org.br.s174889.gridserver.com\/2016\/01\/25\/encontro-da-caritas-ne2-discute-plano-proximo-quadrienio\/1929905_853478011416129_1682403106921621913_n\/\" rel=\"attachment wp-att-3077\"><img decoding=\"async\" loading=\"lazy\" class=\"alignleft size-medium wp-image-3077\" title=\"1929905_853478011416129_1682403106921621913_n\" src=\"http:\/\/ne2.caritas.org.br.s174889.gridserver.com\/wp-content\/uploads\/2016\/01\/1929905_853478011416129_1682403106921621913_n-300x176.jpg\" alt=\"\" width=\"300\" height=\"176\" \/><\/a><\/p>\n<p>Com discuss\u00f5es em grupo tem\u00e1ticos menores e, em outros momentos, com todos os participantes juntos, foi poss\u00edvel, a partir de 12 t\u00f3picos, estabelecer prioridades que ser\u00e3o norteadoras dos Planos Operacionais Anuais do quadri\u00eanio. No in\u00edcio desse m\u00f3dulo, foram levantados e discutidos problemas-desafios do pr\u00f3prio Escrit\u00f3rio Regional e das entidades-membro, relacionados \u00e0 gest\u00e3o, programas e projetos, e tamb\u00e9m amea\u00e7as externas que podem influir direta ou indiretamente na Rede.<\/p>\n<p>Com esse material consolidado, os participantes puderam estabelecer metas e indicadores dos resultados que esperam ver consolidados ao final desse per\u00edodo. Segundo o secret\u00e1rio Regional da C\u00e1ritas NE2, Angelo Zanr\u00e9, esse momento de planejamento \u00e9 um momento hist\u00f3rico no Regional NE2. \u201cPela primeira vez, num esfor\u00e7o coletivo, conseguimos pensar o marco referencial que vai nos orientar nestes pr\u00f3ximos quatro anos, a partir da nossa realidade regional. E, com isso, podemos perceber que temos crescido no esp\u00edrito de Rede\u201d, destacou.<\/p>\n<p>Ainda avaliando o primeiro m\u00f3dulo, Zanr\u00e9 reconhece, como destaque, das prioridades elencadas, a necessidade de aperfei\u00e7oamento da estrutura da Rede. \u201cTemos o desafio de melhorar nossa gest\u00e3o, tanto do Secretariado quanto a das entidades-membro e darmos, a partir da nossa incid\u00eancia p\u00fablica, maior visibilidade \u00e0s a\u00e7\u00f5es desenvolvidas na m\u00eddia, junto aos nossos financiadores e aos benefici\u00e1rios\u201d, considerou.<\/p>\n<p><a href=\"http:\/\/ne2.caritas.org.br.s174889.gridserver.com\/2016\/01\/25\/encontro-da-caritas-ne2-discute-plano-proximo-quadrienio\/ani0kvuhdzyeyae6mfxxbsty2ffaakjcif9qeljrp9cz\/\" rel=\"attachment wp-att-3076\"><img decoding=\"async\" loading=\"lazy\" class=\"size-medium wp-image-3076 alignright\" title=\"AnI0kvUhdzyEyAE6mfXXBstY2FFaakjCif9QeljRp9CZ\" src=\"http:\/\/ne2.caritas.org.br.s174889.gridserver.com\/wp-content\/uploads\/2016\/01\/AnI0kvUhdzyEyAE6mfXXBstY2FFaakjCif9QeljRp9CZ-300x225.jpg\" alt=\"\" width=\"300\" height=\"225\" \/><\/a>Na ocasi\u00e3o, a assessora da C\u00e1ritas Brasileira, Alessandra Miranda, participou do evento, dando contribui\u00e7\u00f5es para a constru\u00e7\u00e3o do Marco, a partir do documento de refer\u00eancia do ponto de vista nacional. O pr\u00f3ximo m\u00f3dulo do curso ser\u00e1 ministrado nos dias 11 e 12 de mar\u00e7o, quando ser\u00e3o definidas, a partir do Marco Referencial Estrat\u00e9gico, as a\u00e7\u00f5es do Planejamento Operacional Anual de 2016.<\/p>\n<p>Por Wagner Ces\u00e1rio | Assessoria de Comunica\u00e7\u00e3o da C\u00e1ritas NE2.<\/p>\n<ul class=\"ssb_list_wrapper\"><li class=\"fb2\" style=\"width:135px\"><iframe src=\"\/\/www.facebook.com\/plugins\/like.php?href=https%3A%2F%2Fwww.caritasne2.org.br%2Fsite%2Fencontro-da-caritas-ne2-discute-plano-proximo-quadrienio%2F&amp;layout=button_count&amp;action=like&amp;show_faces=false&amp;share=true&amp;width=135&amp;height=21&amp;appId=307091639398582\" scrolling=\"no\" frameborder=\"0\" style=\"border:none; overflow:hidden;  width:150px; height:21px;\" allowTransparency=\"true\"><\/iframe><\/li><li class=\"twtr\" style=\"width:90px\"><a href=\"https:\/\/twitter.com\/share\" class=\"twitter-share-button\" data-url=\"https:\/\/www.caritasne2.org.br\/site\/encontro-da-caritas-ne2-discute-plano-proximo-quadrienio\/\">&nbsp;<\/a><script>!function(d,s,id){var js,fjs=d.getElementsByTagName(s)[0],p=\/^http:\/.test(d.location)?'http':'https';if(!d.getElementById(id)){js=d.createElement(s);js.id=id;js.src=p+':\/\/platform.twitter.com\/widgets.js';fjs.parentNode.insertBefore(js,fjs);}}(document, 'script', 'twitter-wjs');<\/script><\/li><li class=\"gplus\" style=\"width:68px\"><div class=\"g-plusone\" data-size=\"medium\" data-href=\"https:\/\/www.caritasne2.org.br\/site\/encontro-da-caritas-ne2-discute-plano-proximo-quadrienio\/\"><\/div><\/li><li class=\"ssb_linkedin\" style=\"width:64px\"><script src=\"\/\/platform.linkedin.com\/in.js\" type=\"text\/javascript\">lang: en_US<\/script><script type=\"IN\/Share\" data-url=\"https:\/\/www.caritasne2.org.br\/site\/encontro-da-caritas-ne2-discute-plano-proximo-quadrienio\/\" data-counter=\"right\"><\/script><\/li><\/ul>","protected":false},"excerpt":{"rendered":"<p>A equipe do escrit\u00f3rio da C\u00e1ritas Regional NE2 e representantes de 11 entidades-membro participaram, nos dias 21, 22 e 23 deste m\u00eas, do 1\u00ba M\u00f3dulo do Curso de Capacita\u00e7\u00e3o em Planejamento, Monitoramento, Avalia\u00e7\u00e3o e Sistematiza\u00e7\u00e3o, que construiu, nesse primeiro momento, o Marco Referencial Estrat\u00e9gico para os pr\u00f3ximos quatro anos (2016-2019). O encontro foi ministrado pelo consultor Domingos Corcione, no Centro de Forma\u00e7\u00e3o e Lazer, no [&hellip;]<\/p>\n<ul class=\"ssb_list_wrapper\"><li class=\"fb2\" style=\"width:135px\"><iframe src=\"\/\/www.facebook.com\/plugins\/like.php?href=https%3A%2F%2Fwww.caritasne2.org.br%2Fsite%2Fencontro-da-caritas-ne2-discute-plano-proximo-quadrienio%2F&amp;layout=button_count&amp;action=like&amp;show_faces=false&amp;share=true&amp;width=135&amp;height=21&amp;appId=307091639398582\" scrolling=\"no\" frameborder=\"0\" style=\"border:none; overflow:hidden;  width:150px; height:21px;\" allowTransparency=\"true\"><\/iframe><\/li><li class=\"twtr\" style=\"width:90px\"><a href=\"https:\/\/twitter.com\/share\" class=\"twitter-share-button\" data-url=\"https:\/\/www.caritasne2.org.br\/site\/encontro-da-caritas-ne2-discute-plano-proximo-quadrienio\/\">&nbsp;<\/a><script>!function(d,s,id){var js,fjs=d.getElementsByTagName(s)[0],p=\/^http:\/.test(d.location)?'http':'https';if(!d.getElementById(id)){js=d.createElement(s);js.id=id;js.src=p+':\/\/platform.twitter.com\/widgets.js';fjs.parentNode.insertBefore(js,fjs);}}(document, 'script', 'twitter-wjs');<\/script><\/li><li class=\"gplus\" style=\"width:68px\"><div class=\"g-plusone\" data-size=\"medium\" data-href=\"https:\/\/www.caritasne2.org.br\/site\/encontro-da-caritas-ne2-discute-plano-proximo-quadrienio\/\"><\/div><\/li><li class=\"ssb_linkedin\" style=\"width:64px\"><script src=\"\/\/platform.linkedin.com\/in.js\" type=\"text\/javascript\">lang: en_US<\/script><script type=\"IN\/Share\" data-url=\"https:\/\/www.caritasne2.org.br\/site\/encontro-da-caritas-ne2-discute-plano-proximo-quadrienio\/\" data-counter=\"right\"><\/script><\/li><\/ul>","protected":false},"author":4,"featured_media":3075,"comment_status":"open","ping_status":"open","sticky":false,"template":"","format":"standard","meta":[],"categories":[20,679],"tags":[59,659,67,676,677,678,655,680,681,410],"_links":{"self":[{"href":"https:\/\/www.caritasne2.org.br\/site\/wp-json\/wp\/v2\/posts\/3073"}],"collection":[{"href":"https:\/\/www.caritasne2.org.br\/site\/wp-json\/wp\/v2\/posts"}],"about":[{"href":"https:\/\/www.caritasne2.org.br\/site\/wp-json\/wp\/v2\/types\/post"}],"author":[{"embeddable":true,"href":"https:\/\/www.caritasne2.org.br\/site\/wp-json\/wp\/v2\/users\/4"}],"replies":[{"embeddable":true,"href":"https:\/\/www.caritasne2.org.br\/site\/wp-json\/wp\/v2\/comments?post=3073"}],"version-history":[{"count":0,"href":"https:\/\/www.caritasne2.org.br\/site\/wp-json\/wp\/v2\/posts\/3073\/revisions"}],"wp:featuredmedia":[{"embeddable":true,"href":"https:\/\/www.caritasne2.org.br\/site\/wp-json\/"}],"wp:attachment":[{"href":"https:\/\/www.caritasne2.org.br\/site\/wp-json\/wp\/v2\/media?parent=3073"}],"wp:term":[{"taxonomy":"category","embeddable":true,"href":"https:\/\/www.caritasne2.org.br\/site\/wp-json\/wp\/v2\/categories?post=3073"},{"taxonomy":"post_tag","embeddable":true,"href":"https:\/\/www.caritasne2.org.br\/site\/wp-json\/wp\/v2\/tags?post=3073"}],"curies":[{"name":"wp","href":"https:\/\/api.w.org\/{rel}","templated":true}]}}