{"id":3056,"date":"2016-01-18T16:43:12","date_gmt":"2016-01-18T18:43:12","guid":{"rendered":"http:\/\/ne2.caritas.org.br.s174889.gridserver.com\/?p=3056"},"modified":"2017-07-11T15:18:22","modified_gmt":"2017-07-11T18:18:22","slug":"caritas-ne2-celebra-dia-mundial-migrante-refugiado","status":"publish","type":"post","link":"https:\/\/www.caritasne2.org.br\/site\/caritas-ne2-celebra-dia-mundial-migrante-refugiado\/","title":{"rendered":"C\u00e1ritas NE2 celebra dia mundial do migrante e refugiado"},"content":{"rendered":"<p>L\u00edderes e representantes de dez grupos religiosos conduziram, na \u00faltima quinta-feira (14), na cidade do Recife, a Celebra\u00e7\u00e3o Inter-religiosa pela Paz, evento que marcou, antecipadamente, o 102\u00ba Dia Mundial do Migrante e do Refugiado, no Regional Nordeste 2.<\/p>\n<p>Na ocasi\u00e3o, o p\u00fablico teve a oportunidade de escutar, a partir dos textos sagrados e das falas dos celebrantes, elementos, que h\u00e1 s\u00e9culos perpassam os diversos credos, relacionados ao acolhimento do estrangeiro e que se aplicam aos dias de hoje, quando h\u00e1 milh\u00f5es de pessoas no mundo em busca de um lugar protegido e livre da persegui\u00e7\u00e3o religiosa, entre outros motivos que levam \u00e0 procura de um ref\u00fagio.<a href=\"http:\/\/ne2.caritas.org.br.s174889.gridserver.com\/2016\/01\/18\/caritas-ne2-celebra-dia-mundial-migrante-refugiado\/celebracao-inter-religiosa-pela-paz-21\/\" rel=\"attachment wp-att-3057\"><img decoding=\"async\" loading=\"lazy\" class=\"alignright size-medium wp-image-3057\" title=\"Celebra\u00e7\u00e3o Inter-religiosa pela Paz (21)\" src=\"http:\/\/ne2.caritas.org.br.s174889.gridserver.com\/wp-content\/uploads\/2016\/01\/Celebra\u00e7\u00e3o-Inter-religiosa-pela-Paz-21-300x200.jpg\" alt=\"\" width=\"300\" height=\"200\" \/><\/a><\/p>\n<p>O arcebispo de Olinda e Recife, Dom Fernando Saburido, citou, durante sua fala, o cap\u00edtulo 25 do Evangelho de Mateus, no ponto que Jesus se coloca na condi\u00e7\u00e3o de peregrino, e lembrou mensagens do atual Sumo Pont\u00edfice que falam da postura dos crist\u00e3os cat\u00f3licos diante das realidades mais urgentes. \u201cNo in\u00edcio deste ano, o Papa Francisco, na sua mensagem do Dia Mundial da Paz, pede-nos que n\u00e3o sejamos indiferentes aos desafios que nos cercam. E acredito que esse esfor\u00e7o deve partir de n\u00f3s religiosos, que temos essa dimens\u00e3o de f\u00e9, superando as nossas diferen\u00e7as teol\u00f3gicas e nos unindo em torno das quest\u00f5es sociais que nos congregam\u201d, salientou o arcebispo, tamb\u00e9m presidente regional da CNBB NE2.<\/p>\n<p>Para a representante das religi\u00f5es de matriz africana, M\u00e3e Elza de Yemoja, a quest\u00e3o dos refugiados desperta a lembran\u00e7a dos antepassados que precisaram, de forma for\u00e7ada, atravessar o oceano para serem explorados no Brasil.<\/p>\n<p><img decoding=\"async\" loading=\"lazy\" class=\"alignleft size-medium wp-image-3058\" title=\"Celebra\u00e7\u00e3o Inter-religiosa pela Paz (52)\" src=\"http:\/\/ne2.caritas.org.br.s174889.gridserver.com\/wp-content\/uploads\/2016\/01\/Celebra\u00e7\u00e3o-Inter-religiosa-pela-Paz-52-300x200.jpg\" alt=\"\" width=\"300\" height=\"200\" \/><\/p>\n<p>\u201cFomos sequestrados e perdemos tudo. O direito de ter, de alimentar-se, de professar a nossa f\u00e9, de viver aquilo que somos, e assim acontece com tantos ainda hoje\u201d, disse a ialorix\u00e1.<\/p>\n<p>O professor J\u00e1der Tachlitsky, da comunidade judaica de Pernambuco, recordou o Patriarca Abra\u00e3o, que, em sua tenda, abrigava os que o procuravam, oferecendo, al\u00e9m de hospitalidade material, mas tamb\u00e9m acolhimento espiritual. \u201cO juda\u00edsmo trouxe a cren\u00e7a no Deus Uno, criador de todas as coisas, entre elas o homem, sua obra maior. E Deus espera do ser humano uma parceria, aperfei\u00e7oando aquilo que foi criado, por meio de suas atitudes\u201d, destacou. Tachlitsky ainda falou que, mesmo em meio a tantas persegui\u00e7\u00f5es sofridas pelo povo judeu, h\u00e1 ainda esperan\u00e7a de dias melhores. \u201cO pr\u00f3prio juda\u00edsmo tem uma vis\u00e3o otimista em rela\u00e7\u00e3o ao futuro da humanidade. A profecia de Isa\u00edas v\u00ea que, independente da condi\u00e7\u00e3o de cada ser, haver\u00e1 um dia que todos estar\u00e3o congregados\u201d, concluiu o professor.<a href=\"http:\/\/ne2.caritas.org.br.s174889.gridserver.com\/2016\/01\/18\/caritas-ne2-celebra-dia-mundial-migrante-refugiado\/celebracao-inter-religiosa-pela-paz-34\/\" rel=\"attachment wp-att-3060\"><img decoding=\"async\" loading=\"lazy\" class=\"alignright size-medium wp-image-3060\" title=\"Celebra\u00e7\u00e3o Inter-religiosa pela Paz (34)\" src=\"http:\/\/ne2.caritas.org.br.s174889.gridserver.com\/wp-content\/uploads\/2016\/01\/Celebra\u00e7\u00e3o-Inter-religiosa-pela-Paz-34-300x200.jpg\" alt=\"\" width=\"300\" height=\"200\" \/><\/a><\/p>\n<p>Com a iniciativa, a C\u00e1ritas Regional NE2, como organizadora do evento, quis facilitar o di\u00e1logo inter-religioso, estimulando outras iniciativas que combatam a xenofobia e a intoler\u00e2ncia religiosa, e a busca de solu\u00e7\u00f5es para a recep\u00e7\u00e3o e inser\u00e7\u00e3o, na vida local, dos refugiados. Para o secret\u00e1rio do Regional NE2, Angelo Zanr\u00e9, \u00e9 preciso reunir os setores da sociedade, discutir e encontrar formas para acolher. \u201cN\u00e3o se pode pensar em a\u00e7\u00f5es paliativas, um lugar para dormir uma ou duas noites, algumas refei\u00e7\u00f5es, um cafezinho. Mas \u00e9 necess\u00e1ria uma estrutura que seja suficientemente capaz de oferecer condi\u00e7\u00f5es para que esse refugiado seja recebido e integrado \u00e0 sociedade, com acesso b\u00e1sico aos servi\u00e7os sociais, emprego\u201d.<\/p>\n<p>Zanr\u00e9 ressaltou tamb\u00e9m que n\u00e3o se pode deixar levar por uma onda de pessimismo. \u201cNesses \u00faltimos tempos, fala-se muito a palavra \u2018crise\u2019. Quantas vezes ela \u00e9 repetida em um notici\u00e1rio. Mas n\u00e3o podemos nos prender a isso. Precisamos transformar 2016 em um ano de acolhimento, de solidariedade, de fraternidade.\u201d<\/p>\n<p>Participaram ainda outros l\u00edderes crist\u00e3os (ortodoxos, anglicanos e luteranos), isl\u00e2mico, budista e da doutrina esp\u00edrita e da F\u00e9 Bah\u00e1\u00b4\u00ed.<\/p>\n<p><strong>Lembran\u00e7as<\/strong><\/p>\n<p>Ao longo da celebra\u00e7\u00e3o, foram apresentadas, pelo coral Ensemble Vocal Cantamus, pe\u00e7as musicais cl\u00e1sssicas que remetiam \u00e0 paz. Al\u00e9m disso, tamb\u00e9m houve, na programa\u00e7\u00e3o do encontro, um minuto de sil\u00eancio pelos que j\u00e1 morreram ou sofrem nos dias de hoje com a intoler\u00e2ncia religiosa.<\/p>\n<p>Para retratar um pouco do que acontece, nesse sentido, a iraniana Farideh Zareh, seguidora da F\u00e9 Bah\u00e1\u00b4\u00ed, falou sobre a realidade de persegui\u00e7\u00e3o \u00e0 religi\u00e3o praticada por ela no seu pa\u00eds de origem e em outros dominados pelo extremismo isl\u00e2mico. \u201cDesde o in\u00edcio, no s\u00e9culo XIX, os Bah\u00e1\u00b4\u00ed foram perseguidos. Quando sai do Ir\u00e3, h\u00e1 37 anos, tinha diminu\u00eddo um pouco as pris\u00f5es e mortes. Mas dois anos ap\u00f3s minha vinda para o Brasil, com a mudan\u00e7a de regime pol\u00edtico, as persegui\u00e7\u00f5es passaram a ser mais frequentes. Consegui um visto para visitar meus pais no Ir\u00e3 mais de 25 anos depois de sair de l\u00e1 e, mesmo assim, fui e n\u00e3o pude, assim como meus familiares, manifestarmos a nossa f\u00e9\u201d.<a href=\"http:\/\/ne2.caritas.org.br.s174889.gridserver.com\/2016\/01\/18\/caritas-ne2-celebra-dia-mundial-migrante-refugiado\/celebracao-inter-religiosa-pela-paz-75\/\" rel=\"attachment wp-att-3059\"><img decoding=\"async\" loading=\"lazy\" class=\"alignright size-medium wp-image-3059\" title=\"Celebra\u00e7\u00e3o Inter-religiosa pela Paz (75)\" src=\"http:\/\/ne2.caritas.org.br.s174889.gridserver.com\/wp-content\/uploads\/2016\/01\/Celebra\u00e7\u00e3o-Inter-religiosa-pela-Paz-75-300x233.jpg\" alt=\"\" width=\"300\" height=\"233\" \/><\/a><\/p>\n<p>A mudan\u00e7a de regime que Zareh se refere diz respeito \u00e0 Revolu\u00e7\u00e3o Isl\u00e2mica, comandada pelo Aiatol\u00e1 Sayyid Ruhollah Musavi Khomeini. De l\u00e1 pra c\u00e1, com o dom\u00ednio, no regime de rep\u00fablica teocr\u00e1tica, a repress\u00e3o \u00e0 religi\u00e3o ficou mais agressiva, com restri\u00e7\u00f5es aos Bah\u00e1\u00b4\u00eds de ingressarem na universidade e como servidores p\u00fablicos, al\u00e9m de pris\u00f5es e execu\u00e7\u00f5es. A iraniana relatou que, na sua \u00faltima estadia no Ir\u00e3, quando estava na casa dos pais, tomou conhecimento da pris\u00e3o de 15 seguidores.<\/p>\n<p>As agress\u00f5es sofridas pelos Bah\u00e1\u00b4\u00eds foram objetos de discuss\u00e3o em organismos internacionais, como a Organiza\u00e7\u00e3o das Na\u00e7\u00f5es Unidas (ONU).<\/p>\n<p>Por Wagner Ces\u00e1rio | Assessoria de Comunica\u00e7\u00e3o da C\u00e1ritas NE2.<\/p>\n<p>&nbsp;<\/p>\n<ul class=\"ssb_list_wrapper\"><li class=\"fb2\" style=\"width:135px\"><iframe src=\"\/\/www.facebook.com\/plugins\/like.php?href=https%3A%2F%2Fwww.caritasne2.org.br%2Fsite%2Fcaritas-ne2-celebra-dia-mundial-migrante-refugiado%2F&amp;layout=button_count&amp;action=like&amp;show_faces=false&amp;share=true&amp;width=135&amp;height=21&amp;appId=307091639398582\" scrolling=\"no\" frameborder=\"0\" style=\"border:none; overflow:hidden;  width:150px; height:21px;\" allowTransparency=\"true\"><\/iframe><\/li><li class=\"twtr\" style=\"width:90px\"><a href=\"https:\/\/twitter.com\/share\" class=\"twitter-share-button\" data-url=\"https:\/\/www.caritasne2.org.br\/site\/caritas-ne2-celebra-dia-mundial-migrante-refugiado\/\">&nbsp;<\/a><script>!function(d,s,id){var js,fjs=d.getElementsByTagName(s)[0],p=\/^http:\/.test(d.location)?'http':'https';if(!d.getElementById(id)){js=d.createElement(s);js.id=id;js.src=p+':\/\/platform.twitter.com\/widgets.js';fjs.parentNode.insertBefore(js,fjs);}}(document, 'script', 'twitter-wjs');<\/script><\/li><li class=\"gplus\" style=\"width:68px\"><div class=\"g-plusone\" data-size=\"medium\" data-href=\"https:\/\/www.caritasne2.org.br\/site\/caritas-ne2-celebra-dia-mundial-migrante-refugiado\/\"><\/div><\/li><li class=\"ssb_linkedin\" style=\"width:64px\"><script src=\"\/\/platform.linkedin.com\/in.js\" type=\"text\/javascript\">lang: en_US<\/script><script type=\"IN\/Share\" data-url=\"https:\/\/www.caritasne2.org.br\/site\/caritas-ne2-celebra-dia-mundial-migrante-refugiado\/\" data-counter=\"right\"><\/script><\/li><\/ul>","protected":false},"excerpt":{"rendered":"<p>L\u00edderes e representantes de dez grupos religiosos conduziram, na \u00faltima quinta-feira (14), na cidade do Recife, a Celebra\u00e7\u00e3o Inter-religiosa pela Paz, evento que marcou, antecipadamente, o 102\u00ba Dia Mundial do Migrante e do Refugiado, no Regional Nordeste 2. Na ocasi\u00e3o, o p\u00fablico teve a oportunidade de escutar, a partir dos textos sagrados e das falas dos celebrantes, elementos, que h\u00e1 s\u00e9culos perpassam os diversos credos, [&hellip;]<\/p>\n<ul class=\"ssb_list_wrapper\"><li class=\"fb2\" style=\"width:135px\"><iframe src=\"\/\/www.facebook.com\/plugins\/like.php?href=https%3A%2F%2Fwww.caritasne2.org.br%2Fsite%2Fcaritas-ne2-celebra-dia-mundial-migrante-refugiado%2F&amp;layout=button_count&amp;action=like&amp;show_faces=false&amp;share=true&amp;width=135&amp;height=21&amp;appId=307091639398582\" scrolling=\"no\" frameborder=\"0\" style=\"border:none; overflow:hidden;  width:150px; height:21px;\" allowTransparency=\"true\"><\/iframe><\/li><li class=\"twtr\" style=\"width:90px\"><a href=\"https:\/\/twitter.com\/share\" class=\"twitter-share-button\" data-url=\"https:\/\/www.caritasne2.org.br\/site\/caritas-ne2-celebra-dia-mundial-migrante-refugiado\/\">&nbsp;<\/a><script>!function(d,s,id){var js,fjs=d.getElementsByTagName(s)[0],p=\/^http:\/.test(d.location)?'http':'https';if(!d.getElementById(id)){js=d.createElement(s);js.id=id;js.src=p+':\/\/platform.twitter.com\/widgets.js';fjs.parentNode.insertBefore(js,fjs);}}(document, 'script', 'twitter-wjs');<\/script><\/li><li class=\"gplus\" style=\"width:68px\"><div class=\"g-plusone\" data-size=\"medium\" data-href=\"https:\/\/www.caritasne2.org.br\/site\/caritas-ne2-celebra-dia-mundial-migrante-refugiado\/\"><\/div><\/li><li class=\"ssb_linkedin\" style=\"width:64px\"><script src=\"\/\/platform.linkedin.com\/in.js\" type=\"text\/javascript\">lang: en_US<\/script><script type=\"IN\/Share\" data-url=\"https:\/\/www.caritasne2.org.br\/site\/caritas-ne2-celebra-dia-mundial-migrante-refugiado\/\" data-counter=\"right\"><\/script><\/li><\/ul>","protected":false},"author":4,"featured_media":3061,"comment_status":"open","ping_status":"open","sticky":false,"template":"","format":"standard","meta":[],"categories":[20,671],"tags":[84,67,668,669,670,665,622,672],"_links":{"self":[{"href":"https:\/\/www.caritasne2.org.br\/site\/wp-json\/wp\/v2\/posts\/3056"}],"collection":[{"href":"https:\/\/www.caritasne2.org.br\/site\/wp-json\/wp\/v2\/posts"}],"about":[{"href":"https:\/\/www.caritasne2.org.br\/site\/wp-json\/wp\/v2\/types\/post"}],"author":[{"embeddable":true,"href":"https:\/\/www.caritasne2.org.br\/site\/wp-json\/wp\/v2\/users\/4"}],"replies":[{"embeddable":true,"href":"https:\/\/www.caritasne2.org.br\/site\/wp-json\/wp\/v2\/comments?post=3056"}],"version-history":[{"count":0,"href":"https:\/\/www.caritasne2.org.br\/site\/wp-json\/wp\/v2\/posts\/3056\/revisions"}],"wp:featuredmedia":[{"embeddable":true,"href":"https:\/\/www.caritasne2.org.br\/site\/wp-json\/"}],"wp:attachment":[{"href":"https:\/\/www.caritasne2.org.br\/site\/wp-json\/wp\/v2\/media?parent=3056"}],"wp:term":[{"taxonomy":"category","embeddable":true,"href":"https:\/\/www.caritasne2.org.br\/site\/wp-json\/wp\/v2\/categories?post=3056"},{"taxonomy":"post_tag","embeddable":true,"href":"https:\/\/www.caritasne2.org.br\/site\/wp-json\/wp\/v2\/tags?post=3056"}],"curies":[{"name":"wp","href":"https:\/\/api.w.org\/{rel}","templated":true}]}}