{"id":3038,"date":"2016-01-13T17:27:10","date_gmt":"2016-01-13T19:27:10","guid":{"rendered":"http:\/\/ne2.caritas.org.br.s174889.gridserver.com\/?p=3038"},"modified":"2017-07-11T15:18:22","modified_gmt":"2017-07-11T18:18:22","slug":"lideres-religiosos-se-unem-nesta-quinta-14-em-favor-da-paz","status":"publish","type":"post","link":"https:\/\/www.caritasne2.org.br\/site\/lideres-religiosos-se-unem-nesta-quinta-14-em-favor-da-paz\/","title":{"rendered":"L\u00edderes religiosos se unem nesta quinta (14) em favor da paz"},"content":{"rendered":"<p>Nesta quinta-feira (14), a C\u00e1ritas Brasileira \u2013 Regional NE 2 promove a Celebra\u00e7\u00e3o Inter-religiosa pela Paz, \u00e0s 10h, no audit\u00f3rio da Faculdade Frassinetti do Recife (Fafire). Esse momento celebrativo est\u00e1 diretamente ligado ao 102\u00ba Dia Mundial do Migrante e Refugiado que estimula a reflex\u00e3o de um assunto t\u00e3o urgente, sobretudo, nesses \u00faltimos tempos, quando milh\u00f5es de pessoas, pelas mais diversas raz\u00f5es, procuram um lugar seguro, como abrigo, e esperam reconstruir suas vidas.<\/p>\n<p>O tema do evento \u00e9 \u201cNum s\u00f3 cora\u00e7\u00e3o, uma s\u00f3 fam\u00edlia humana\u201d e, nesse sentido, a expectativa da organiza\u00e7\u00e3o \u00e9 fortalecer os la\u00e7os entre as lideran\u00e7as religiosas, estabelecendo um di\u00e1logo cont\u00ednuo, que favore\u00e7a a constru\u00e7\u00e3o de um mundo melhor a partir da toler\u00e2ncia, do rep\u00fadio \u00e0 xenofobia e do sentimento e atitude de acolhida em rela\u00e7\u00e3o ao pr\u00f3ximo.Para o secret\u00e1rio regional NE2 da C\u00e1ritas Brasileira, Angelo Zanr\u00e9, o objetivo principal \u00e9 sensibilizar a sociedade, como um todo, para a problem\u00e1tica grav\u00edssima das migra\u00e7\u00f5es em diversas partes do mundo. \u201cProcuramos, nessa celebra\u00e7\u00e3o, demonstrar nosso interesse por essa quest\u00e3o e entendemos que a melhor forma de acolher e de se solidarizar com o outro \u00e9 pela via da unidade, pela capacidade de conviver, de dialogar com o diferente\u201d, destaca.<\/p>\n<p>Est\u00e3o previstas as presen\u00e7as de l\u00edderes de diversos credos, entre eles, crist\u00e3os, judeus, isl\u00e2micos, budistas, espiritas, de religi\u00f5es de matriz africana e da f\u00e9 Bah\u00e1\u00b4\u00ed (origem iraniana). Na programa\u00e7\u00e3o, haver\u00e1 leituras e medita\u00e7\u00f5es sobre textos sagrados, dentro da tem\u00e1tica, depoimentos e apresenta\u00e7\u00e3o musical.<\/p>\n<p>A C\u00e1ritas Brasileira \u00e9 um organismo internacional que, no Brasil, est\u00e1 ligado a Confer\u00eancia Nacional dos Bispos do Brasil (CNBB). Entre tantas a\u00e7\u00f5es desenvolvidas, ao longo dos \u00faltimos 60 anos de exist\u00eancia no pa\u00eds, est\u00e1 acolhida a refugiados e migrantes, sobretudo, na Regi\u00e3o Sudeste. Por essa experi\u00eancia, a institui\u00e7\u00e3o integra o Comit\u00ea Nacional para os Refugiados (Conare), presidido pelo Minist\u00e9rio da Justi\u00e7a, que analisa os pedidos de ref\u00fagio de estrangeiros.<\/p>\n<p><strong>Refugiados no Brasil<\/strong><\/p>\n<p>O n\u00famero de pessoas que buscam ref\u00fagio no Brasil tem aumentado a cada dia. De acordo com o Conare, atualmente, o pa\u00eds conta com 5.208 refugiados de 80 nacionalidades. O n\u00famero de pedidos aumentou mais de 800% nos \u00faltimos anos, de 566, em 2010, saltou para 5.256 em 2013. O n\u00famero de pedidos aceitos tamb\u00e9m aumentou: de 126, em 2010, para 649, em 2013.<\/p>\n<p><strong>Servi\u00e7o:<\/strong><\/p>\n<p>Dia: 14 de janeiro de 2016<\/p>\n<p>Hor\u00e1rio: 10h<\/p>\n<p>Local: Faculdade Frassinetti do Recife (Fafire)<\/p>\n<p>Av. Conde da Boa Vista, 921, Boa Vista, Recife(PE)<\/p>\n<p>Informa\u00e7\u00f5es: (81) 3231-3435<\/p>\n<p><strong>Celebrantes:<\/strong><\/p>\n<p>Igreja Cat\u00f3lica Apost\u00f3lica Romana \u2013 Dom Ant\u00f4nio Fernando Saburido \u2013 Arcebispo de Olinda e Recife;<\/p>\n<p>Igreja Evang\u00e9lica de Confiss\u00e3o Luterana \u2013 Pastor Armindo Klumb<\/p>\n<p>Igreja Episcopal Anglicana do Brasil \u2013 Reverenda Lilian Lira<\/p>\n<p>Igreja S\u00edriana Ortodoxa da Antioquia \u2013 Padre Ronaldo Maia<\/p>\n<p>Centro Isl\u00e2mico do Recife \u2013 Alberto Bret<\/p>\n<p>Comunidade Judaica \u2013 J\u00e1der Tachlitsky<\/p>\n<p>Religi\u00f5es de Matriz Africana &#8211; M\u00e3e Elza de Yemoja<\/p>\n<p>Centro de Estudos Budistas Bodisatva \u2013 Floridalva Cavalcanti<\/p>\n<p>F\u00e9 Bah\u00e1\u00b4\u00ed \u2013 Maria Jos\u00e9 de Freitas Botelho<\/p>\n<p>Por Wagner Ces\u00e1rio | Assessoria de Comunica\u00e7\u00e3o da C\u00e1ritas Brasileira Regional NE2.<\/p>\n<p>&nbsp;<\/p>\n<ul class=\"ssb_list_wrapper\"><li class=\"fb2\" style=\"width:135px\"><iframe src=\"\/\/www.facebook.com\/plugins\/like.php?href=https%3A%2F%2Fwww.caritasne2.org.br%2Fsite%2Flideres-religiosos-se-unem-nesta-quinta-14-em-favor-da-paz%2F&amp;layout=button_count&amp;action=like&amp;show_faces=false&amp;share=true&amp;width=135&amp;height=21&amp;appId=307091639398582\" scrolling=\"no\" frameborder=\"0\" style=\"border:none; overflow:hidden;  width:150px; height:21px;\" allowTransparency=\"true\"><\/iframe><\/li><li class=\"twtr\" style=\"width:90px\"><a href=\"https:\/\/twitter.com\/share\" class=\"twitter-share-button\" data-url=\"https:\/\/www.caritasne2.org.br\/site\/lideres-religiosos-se-unem-nesta-quinta-14-em-favor-da-paz\/\">&nbsp;<\/a><script>!function(d,s,id){var js,fjs=d.getElementsByTagName(s)[0],p=\/^http:\/.test(d.location)?'http':'https';if(!d.getElementById(id)){js=d.createElement(s);js.id=id;js.src=p+':\/\/platform.twitter.com\/widgets.js';fjs.parentNode.insertBefore(js,fjs);}}(document, 'script', 'twitter-wjs');<\/script><\/li><li class=\"gplus\" style=\"width:68px\"><div class=\"g-plusone\" data-size=\"medium\" data-href=\"https:\/\/www.caritasne2.org.br\/site\/lideres-religiosos-se-unem-nesta-quinta-14-em-favor-da-paz\/\"><\/div><\/li><li class=\"ssb_linkedin\" style=\"width:64px\"><script src=\"\/\/platform.linkedin.com\/in.js\" type=\"text\/javascript\">lang: en_US<\/script><script type=\"IN\/Share\" data-url=\"https:\/\/www.caritasne2.org.br\/site\/lideres-religiosos-se-unem-nesta-quinta-14-em-favor-da-paz\/\" data-counter=\"right\"><\/script><\/li><\/ul>","protected":false},"excerpt":{"rendered":"<p>Nesta quinta-feira (14), a C\u00e1ritas Brasileira \u2013 Regional NE 2 promove a Celebra\u00e7\u00e3o Inter-religiosa pela Paz, \u00e0s 10h, no audit\u00f3rio da Faculdade Frassinetti do Recife (Fafire). Esse momento celebrativo est\u00e1 diretamente ligado ao 102\u00ba Dia Mundial do Migrante e Refugiado que estimula a reflex\u00e3o de um assunto t\u00e3o urgente, sobretudo, nesses \u00faltimos tempos, quando milh\u00f5es de pessoas, pelas mais diversas raz\u00f5es, procuram um lugar seguro, [&hellip;]<\/p>\n<ul class=\"ssb_list_wrapper\"><li class=\"fb2\" style=\"width:135px\"><iframe src=\"\/\/www.facebook.com\/plugins\/like.php?href=https%3A%2F%2Fwww.caritasne2.org.br%2Fsite%2Flideres-religiosos-se-unem-nesta-quinta-14-em-favor-da-paz%2F&amp;layout=button_count&amp;action=like&amp;show_faces=false&amp;share=true&amp;width=135&amp;height=21&amp;appId=307091639398582\" scrolling=\"no\" frameborder=\"0\" style=\"border:none; overflow:hidden;  width:150px; height:21px;\" allowTransparency=\"true\"><\/iframe><\/li><li class=\"twtr\" style=\"width:90px\"><a href=\"https:\/\/twitter.com\/share\" class=\"twitter-share-button\" data-url=\"https:\/\/www.caritasne2.org.br\/site\/lideres-religiosos-se-unem-nesta-quinta-14-em-favor-da-paz\/\">&nbsp;<\/a><script>!function(d,s,id){var js,fjs=d.getElementsByTagName(s)[0],p=\/^http:\/.test(d.location)?'http':'https';if(!d.getElementById(id)){js=d.createElement(s);js.id=id;js.src=p+':\/\/platform.twitter.com\/widgets.js';fjs.parentNode.insertBefore(js,fjs);}}(document, 'script', 'twitter-wjs');<\/script><\/li><li class=\"gplus\" style=\"width:68px\"><div class=\"g-plusone\" data-size=\"medium\" data-href=\"https:\/\/www.caritasne2.org.br\/site\/lideres-religiosos-se-unem-nesta-quinta-14-em-favor-da-paz\/\"><\/div><\/li><li class=\"ssb_linkedin\" style=\"width:64px\"><script src=\"\/\/platform.linkedin.com\/in.js\" type=\"text\/javascript\">lang: en_US<\/script><script type=\"IN\/Share\" data-url=\"https:\/\/www.caritasne2.org.br\/site\/lideres-religiosos-se-unem-nesta-quinta-14-em-favor-da-paz\/\" data-counter=\"right\"><\/script><\/li><\/ul>","protected":false},"author":4,"featured_media":3051,"comment_status":"open","ping_status":"open","sticky":false,"template":"","format":"standard","meta":[],"categories":[20,623],"tags":[660,67,662,663,664,665,622],"_links":{"self":[{"href":"https:\/\/www.caritasne2.org.br\/site\/wp-json\/wp\/v2\/posts\/3038"}],"collection":[{"href":"https:\/\/www.caritasne2.org.br\/site\/wp-json\/wp\/v2\/posts"}],"about":[{"href":"https:\/\/www.caritasne2.org.br\/site\/wp-json\/wp\/v2\/types\/post"}],"author":[{"embeddable":true,"href":"https:\/\/www.caritasne2.org.br\/site\/wp-json\/wp\/v2\/users\/4"}],"replies":[{"embeddable":true,"href":"https:\/\/www.caritasne2.org.br\/site\/wp-json\/wp\/v2\/comments?post=3038"}],"version-history":[{"count":0,"href":"https:\/\/www.caritasne2.org.br\/site\/wp-json\/wp\/v2\/posts\/3038\/revisions"}],"wp:featuredmedia":[{"embeddable":true,"href":"https:\/\/www.caritasne2.org.br\/site\/wp-json\/"}],"wp:attachment":[{"href":"https:\/\/www.caritasne2.org.br\/site\/wp-json\/wp\/v2\/media?parent=3038"}],"wp:term":[{"taxonomy":"category","embeddable":true,"href":"https:\/\/www.caritasne2.org.br\/site\/wp-json\/wp\/v2\/categories?post=3038"},{"taxonomy":"post_tag","embeddable":true,"href":"https:\/\/www.caritasne2.org.br\/site\/wp-json\/wp\/v2\/tags?post=3038"}],"curies":[{"name":"wp","href":"https:\/\/api.w.org\/{rel}","templated":true}]}}