{"id":3029,"date":"2016-01-11T16:05:53","date_gmt":"2016-01-11T18:05:53","guid":{"rendered":"http:\/\/ne2.caritas.org.br.s174889.gridserver.com\/?p=3029"},"modified":"2017-07-11T15:18:22","modified_gmt":"2017-07-11T18:18:22","slug":"3029","status":"publish","type":"post","link":"https:\/\/www.caritasne2.org.br\/site\/3029\/","title":{"rendered":"M\u00e3os que preservam sementes"},"content":{"rendered":"<p>No s\u00edtio Cabaceiras, localizado no munic\u00edpio de Canhotinho (PE), agricultores encontraram na organiza\u00e7\u00e3o comunit\u00e1ria uma forma de resgatar e preservar as sementes crioulas. A partir de muitas m\u00e3os, est\u00e1 em constru\u00e7\u00e3o um Banco de Sementes Comunit\u00e1rio.<\/p>\n<p><a href=\"http:\/\/ne2.caritas.org.br.s174889.gridserver.com\/2016\/01\/11\/3029\/dsc04544\/\" rel=\"attachment wp-att-3030\"><img decoding=\"async\" loading=\"lazy\" class=\"alignleft size-medium wp-image-3030\" title=\"DSC04544\" src=\"http:\/\/ne2.caritas.org.br.s174889.gridserver.com\/wp-content\/uploads\/2016\/01\/DSC04544-300x225.jpg\" alt=\"\" width=\"300\" height=\"225\" \/><\/a>O interesse surgiu em 2014 quando participaram de um interc\u00e2mbio interestadual do Programa Uma Terra e Duas \u00c1guas (P1+2). Na ocasi\u00e3o, eles tiveram a oportunidade de conhecer uma associa\u00e7\u00e3o comunit\u00e1ria que tamb\u00e9m \u00e9 guardi\u00e3 de diversas sementes.<\/p>\n<p><strong>O Banco de Sementes Crioulas<\/strong><\/p>\n<p>No in\u00edcio, a vontade de ter um local para armazenar as sementes era a \u00fanica coisa que os agricultores tinham. Isso foi o suficiente. Sem recurso para fazer a estrutura f\u00edsica do banco, optaram pela bioconstru\u00e7\u00e3o, t\u00e9cnica que tem por princ\u00edpio a preocupa\u00e7\u00e3o ecol\u00f3gica e diminui consideravelmente os gastos. O m\u00e9todo foi sugerido pelos t\u00e9cnicos do Servi\u00e7o de Tecnologia Alternativa (SERTA), parceiros da comunidade h\u00e1 algum tempo.<\/p>\n<p>Todo processo de concep\u00e7\u00e3o do banco contou com a participa\u00e7\u00e3o de todos e todas, desde a escolha da planta at\u00e9 o est\u00e1gio de constru\u00e7\u00e3o atual. Na ocasi\u00e3o, foram apresentados aos agricultores duas propostas de planta, que foram desenhadas no ch\u00e3o durante uma reuni\u00e3o do grupo e escolhida atrav\u00e9s de vota\u00e7\u00e3o. A arquitetura do banco possui a forma de um sinal de \u201cmais\u201d e as extremidades arredondadas, para facilitar a organiza\u00e7\u00e3o das bombonas. As paredes est\u00e3o sendo erguidas com tijolos produzidos pelo grupo, j\u00e1 os pneus velhos transformaram-se em janelas e garrafas de vidro nos cantos superiores das paredes permitir\u00e3o que a ilumina\u00e7\u00e3o natural entre no ambiente.<a href=\"http:\/\/ne2.caritas.org.br.s174889.gridserver.com\/2016\/01\/11\/3029\/dsc04568\/\" rel=\"attachment wp-att-3031\"><img decoding=\"async\" loading=\"lazy\" class=\"alignright size-medium wp-image-3031\" title=\"DSC04568\" src=\"http:\/\/ne2.caritas.org.br.s174889.gridserver.com\/wp-content\/uploads\/2016\/01\/DSC04568-300x225.jpg\" alt=\"\" width=\"300\" height=\"225\" \/><\/a><\/p>\n<p>O Banco de Sementes Comunit\u00e1rio do S\u00edtio Cabaceiras faz parte do Programa Sementes do Semi\u00e1rido, da Articula\u00e7\u00e3o no Semi\u00e1rido (ASA), atualmente executado pelo Centro Sabi\u00e1 em parceria com a C\u00e1ritas Brasileira Regional Nordeste 2, que contempla, al\u00e9m do munic\u00edpio de Canhotinho, Angelim, Cal\u00e7ado, Jupi e S\u00e3o Jo\u00e3o.<\/p>\n<p>De acordo com agricultor Jos\u00e9 Rufino Pereira, 28, um dos guardi\u00f5es das sementes, o banco comunit\u00e1rio j\u00e1 \u00e9 considerado uma conquista. \u201cT\u00ednhamos muitas esp\u00e9cies de sementes aqui na nossa regi\u00e3o, mas com o passar do tempo perdemos muitas. Pela nossa mobiliza\u00e7\u00e3o j\u00e1 conseguimos identificar o feij\u00e3o enxofre, que estava extinto por aqui. Guardar as sementes \u00e9 devolv\u00ea-las \u00e0s m\u00e3os dos agricultores e tamb\u00e9m uma forma de garantir vida saud\u00e1vel para as pr\u00f3ximas gera\u00e7\u00f5es\u201d, afirma.<\/p>\n<p><em>Por Lidiane Santos\/ Assessoria de Comunica\u00e7\u00e3o do Regional NE2<\/em><\/p>\n<p>&nbsp;<\/p>\n<ul class=\"ssb_list_wrapper\"><li class=\"fb2\" style=\"width:135px\"><iframe src=\"\/\/www.facebook.com\/plugins\/like.php?href=https%3A%2F%2Fwww.caritasne2.org.br%2Fsite%2F3029%2F&amp;layout=button_count&amp;action=like&amp;show_faces=false&amp;share=true&amp;width=135&amp;height=21&amp;appId=307091639398582\" scrolling=\"no\" frameborder=\"0\" style=\"border:none; overflow:hidden;  width:150px; height:21px;\" allowTransparency=\"true\"><\/iframe><\/li><li class=\"twtr\" style=\"width:90px\"><a href=\"https:\/\/twitter.com\/share\" class=\"twitter-share-button\" data-url=\"https:\/\/www.caritasne2.org.br\/site\/3029\/\">&nbsp;<\/a><script>!function(d,s,id){var js,fjs=d.getElementsByTagName(s)[0],p=\/^http:\/.test(d.location)?'http':'https';if(!d.getElementById(id)){js=d.createElement(s);js.id=id;js.src=p+':\/\/platform.twitter.com\/widgets.js';fjs.parentNode.insertBefore(js,fjs);}}(document, 'script', 'twitter-wjs');<\/script><\/li><li class=\"gplus\" style=\"width:68px\"><div class=\"g-plusone\" data-size=\"medium\" data-href=\"https:\/\/www.caritasne2.org.br\/site\/3029\/\"><\/div><\/li><li class=\"ssb_linkedin\" style=\"width:64px\"><script src=\"\/\/platform.linkedin.com\/in.js\" type=\"text\/javascript\">lang: en_US<\/script><script type=\"IN\/Share\" data-url=\"https:\/\/www.caritasne2.org.br\/site\/3029\/\" data-counter=\"right\"><\/script><\/li><\/ul>","protected":false},"excerpt":{"rendered":"<p>No s\u00edtio Cabaceiras, localizado no munic\u00edpio de Canhotinho (PE), agricultores encontraram na organiza\u00e7\u00e3o comunit\u00e1ria uma forma de resgatar e preservar as sementes crioulas. A partir de muitas m\u00e3os, est\u00e1 em constru\u00e7\u00e3o um Banco de Sementes Comunit\u00e1rio. O interesse surgiu em 2014 quando participaram de um interc\u00e2mbio interestadual do Programa Uma Terra e Duas \u00c1guas (P1+2). Na ocasi\u00e3o, eles tiveram a oportunidade de conhecer uma associa\u00e7\u00e3o [&hellip;]<\/p>\n<ul class=\"ssb_list_wrapper\"><li class=\"fb2\" style=\"width:135px\"><iframe src=\"\/\/www.facebook.com\/plugins\/like.php?href=https%3A%2F%2Fwww.caritasne2.org.br%2Fsite%2F3029%2F&amp;layout=button_count&amp;action=like&amp;show_faces=false&amp;share=true&amp;width=135&amp;height=21&amp;appId=307091639398582\" scrolling=\"no\" frameborder=\"0\" style=\"border:none; overflow:hidden;  width:150px; height:21px;\" allowTransparency=\"true\"><\/iframe><\/li><li class=\"twtr\" style=\"width:90px\"><a href=\"https:\/\/twitter.com\/share\" class=\"twitter-share-button\" data-url=\"https:\/\/www.caritasne2.org.br\/site\/3029\/\">&nbsp;<\/a><script>!function(d,s,id){var js,fjs=d.getElementsByTagName(s)[0],p=\/^http:\/.test(d.location)?'http':'https';if(!d.getElementById(id)){js=d.createElement(s);js.id=id;js.src=p+':\/\/platform.twitter.com\/widgets.js';fjs.parentNode.insertBefore(js,fjs);}}(document, 'script', 'twitter-wjs');<\/script><\/li><li class=\"gplus\" style=\"width:68px\"><div class=\"g-plusone\" data-size=\"medium\" data-href=\"https:\/\/www.caritasne2.org.br\/site\/3029\/\"><\/div><\/li><li class=\"ssb_linkedin\" style=\"width:64px\"><script src=\"\/\/platform.linkedin.com\/in.js\" type=\"text\/javascript\">lang: en_US<\/script><script type=\"IN\/Share\" data-url=\"https:\/\/www.caritasne2.org.br\/site\/3029\/\" data-counter=\"right\"><\/script><\/li><\/ul>","protected":false},"author":4,"featured_media":3032,"comment_status":"open","ping_status":"open","sticky":false,"template":"","format":"standard","meta":[],"categories":[72,20],"tags":[46,659,67,276],"_links":{"self":[{"href":"https:\/\/www.caritasne2.org.br\/site\/wp-json\/wp\/v2\/posts\/3029"}],"collection":[{"href":"https:\/\/www.caritasne2.org.br\/site\/wp-json\/wp\/v2\/posts"}],"about":[{"href":"https:\/\/www.caritasne2.org.br\/site\/wp-json\/wp\/v2\/types\/post"}],"author":[{"embeddable":true,"href":"https:\/\/www.caritasne2.org.br\/site\/wp-json\/wp\/v2\/users\/4"}],"replies":[{"embeddable":true,"href":"https:\/\/www.caritasne2.org.br\/site\/wp-json\/wp\/v2\/comments?post=3029"}],"version-history":[{"count":0,"href":"https:\/\/www.caritasne2.org.br\/site\/wp-json\/wp\/v2\/posts\/3029\/revisions"}],"wp:featuredmedia":[{"embeddable":true,"href":"https:\/\/www.caritasne2.org.br\/site\/wp-json\/"}],"wp:attachment":[{"href":"https:\/\/www.caritasne2.org.br\/site\/wp-json\/wp\/v2\/media?parent=3029"}],"wp:term":[{"taxonomy":"category","embeddable":true,"href":"https:\/\/www.caritasne2.org.br\/site\/wp-json\/wp\/v2\/categories?post=3029"},{"taxonomy":"post_tag","embeddable":true,"href":"https:\/\/www.caritasne2.org.br\/site\/wp-json\/wp\/v2\/tags?post=3029"}],"curies":[{"name":"wp","href":"https:\/\/api.w.org\/{rel}","templated":true}]}}