{"id":3023,"date":"2015-12-15T11:53:17","date_gmt":"2015-12-15T13:53:17","guid":{"rendered":"http:\/\/ne2.caritas.org.br.s174889.gridserver.com\/?p=3023"},"modified":"2017-07-11T15:18:23","modified_gmt":"2017-07-11T18:18:23","slug":"dirigentes-planejam-acao-da-pastoral-carceraria-para-2016","status":"publish","type":"post","link":"https:\/\/www.caritasne2.org.br\/site\/dirigentes-planejam-acao-da-pastoral-carceraria-para-2016\/","title":{"rendered":"Dirigentes planejam a\u00e7\u00e3o da Pastoral Carcer\u00e1ria para 2016"},"content":{"rendered":"<p>O bispo referencial das Pastorais Sociais da CNBB NE2, Dom Jos\u00e9 Salles, se reuniu com os membros da coordena\u00e7\u00e3o regional da Pastoral Carcer\u00e1ria, no dia 29 de novembro, para discutir a metodologia de trabalho e a necessidade de realizar forma\u00e7\u00f5es espec\u00edficas para a dissemina\u00e7\u00e3o e apropria\u00e7\u00e3o dos conhecimentos pelos agentes.<\/p>\n<p>Nesse contexto, foram propostas a\u00e7\u00f5es, como a melhoria da comunica\u00e7\u00e3o entre os componentes, a elabora\u00e7\u00e3o de propostas para a sustentabilidade da pastoral, a realiza\u00e7\u00e3o de um encontro regional com seminaristas, padres e religiosos\/as para apresentar a Pastoral Carcer\u00e1ria a esses segmentos, entre outras. Nessa oportunidade, tamb\u00e9m foi elaborada uma agenda de reuni\u00f5es e encontros para 2016.<\/p>\n<p><em>Com informa\u00e7\u00f5es de Marcos Bezerra (Setor Pastoral Social CNBB NE2)<\/em><\/p>\n<ul class=\"ssb_list_wrapper\"><li class=\"fb2\" style=\"width:135px\"><iframe src=\"\/\/www.facebook.com\/plugins\/like.php?href=https%3A%2F%2Fwww.caritasne2.org.br%2Fsite%2Fdirigentes-planejam-acao-da-pastoral-carceraria-para-2016%2F&amp;layout=button_count&amp;action=like&amp;show_faces=false&amp;share=true&amp;width=135&amp;height=21&amp;appId=307091639398582\" scrolling=\"no\" frameborder=\"0\" style=\"border:none; overflow:hidden;  width:150px; height:21px;\" allowTransparency=\"true\"><\/iframe><\/li><li class=\"twtr\" style=\"width:90px\"><a href=\"https:\/\/twitter.com\/share\" class=\"twitter-share-button\" data-url=\"https:\/\/www.caritasne2.org.br\/site\/dirigentes-planejam-acao-da-pastoral-carceraria-para-2016\/\">&nbsp;<\/a><script>!function(d,s,id){var js,fjs=d.getElementsByTagName(s)[0],p=\/^http:\/.test(d.location)?'http':'https';if(!d.getElementById(id)){js=d.createElement(s);js.id=id;js.src=p+':\/\/platform.twitter.com\/widgets.js';fjs.parentNode.insertBefore(js,fjs);}}(document, 'script', 'twitter-wjs');<\/script><\/li><li class=\"gplus\" style=\"width:68px\"><div class=\"g-plusone\" data-size=\"medium\" data-href=\"https:\/\/www.caritasne2.org.br\/site\/dirigentes-planejam-acao-da-pastoral-carceraria-para-2016\/\"><\/div><\/li><li class=\"ssb_linkedin\" style=\"width:64px\"><script src=\"\/\/platform.linkedin.com\/in.js\" type=\"text\/javascript\">lang: en_US<\/script><script type=\"IN\/Share\" data-url=\"https:\/\/www.caritasne2.org.br\/site\/dirigentes-planejam-acao-da-pastoral-carceraria-para-2016\/\" data-counter=\"right\"><\/script><\/li><\/ul>","protected":false},"excerpt":{"rendered":"<p>O bispo referencial das Pastorais Sociais da CNBB NE2, Dom Jos\u00e9 Salles, se reuniu com os membros da coordena\u00e7\u00e3o regional da Pastoral Carcer\u00e1ria, no dia 29 de novembro, para discutir a metodologia de trabalho e a necessidade de realizar forma\u00e7\u00f5es espec\u00edficas para a dissemina\u00e7\u00e3o e apropria\u00e7\u00e3o dos conhecimentos pelos agentes. Nesse contexto, foram propostas a\u00e7\u00f5es, como a melhoria da comunica\u00e7\u00e3o entre os componentes, a elabora\u00e7\u00e3o [&hellip;]<\/p>\n<ul class=\"ssb_list_wrapper\"><li class=\"fb2\" style=\"width:135px\"><iframe src=\"\/\/www.facebook.com\/plugins\/like.php?href=https%3A%2F%2Fwww.caritasne2.org.br%2Fsite%2Fdirigentes-planejam-acao-da-pastoral-carceraria-para-2016%2F&amp;layout=button_count&amp;action=like&amp;show_faces=false&amp;share=true&amp;width=135&amp;height=21&amp;appId=307091639398582\" scrolling=\"no\" frameborder=\"0\" style=\"border:none; overflow:hidden;  width:150px; height:21px;\" allowTransparency=\"true\"><\/iframe><\/li><li class=\"twtr\" style=\"width:90px\"><a href=\"https:\/\/twitter.com\/share\" class=\"twitter-share-button\" data-url=\"https:\/\/www.caritasne2.org.br\/site\/dirigentes-planejam-acao-da-pastoral-carceraria-para-2016\/\">&nbsp;<\/a><script>!function(d,s,id){var js,fjs=d.getElementsByTagName(s)[0],p=\/^http:\/.test(d.location)?'http':'https';if(!d.getElementById(id)){js=d.createElement(s);js.id=id;js.src=p+':\/\/platform.twitter.com\/widgets.js';fjs.parentNode.insertBefore(js,fjs);}}(document, 'script', 'twitter-wjs');<\/script><\/li><li class=\"gplus\" style=\"width:68px\"><div class=\"g-plusone\" data-size=\"medium\" data-href=\"https:\/\/www.caritasne2.org.br\/site\/dirigentes-planejam-acao-da-pastoral-carceraria-para-2016\/\"><\/div><\/li><li class=\"ssb_linkedin\" style=\"width:64px\"><script src=\"\/\/platform.linkedin.com\/in.js\" type=\"text\/javascript\">lang: en_US<\/script><script type=\"IN\/Share\" data-url=\"https:\/\/www.caritasne2.org.br\/site\/dirigentes-planejam-acao-da-pastoral-carceraria-para-2016\/\" data-counter=\"right\"><\/script><\/li><\/ul>","protected":false},"author":4,"featured_media":3025,"comment_status":"open","ping_status":"open","sticky":false,"template":"","format":"standard","meta":[],"categories":[20,382],"tags":[227,654,655],"_links":{"self":[{"href":"https:\/\/www.caritasne2.org.br\/site\/wp-json\/wp\/v2\/posts\/3023"}],"collection":[{"href":"https:\/\/www.caritasne2.org.br\/site\/wp-json\/wp\/v2\/posts"}],"about":[{"href":"https:\/\/www.caritasne2.org.br\/site\/wp-json\/wp\/v2\/types\/post"}],"author":[{"embeddable":true,"href":"https:\/\/www.caritasne2.org.br\/site\/wp-json\/wp\/v2\/users\/4"}],"replies":[{"embeddable":true,"href":"https:\/\/www.caritasne2.org.br\/site\/wp-json\/wp\/v2\/comments?post=3023"}],"version-history":[{"count":0,"href":"https:\/\/www.caritasne2.org.br\/site\/wp-json\/wp\/v2\/posts\/3023\/revisions"}],"wp:featuredmedia":[{"embeddable":true,"href":"https:\/\/www.caritasne2.org.br\/site\/wp-json\/"}],"wp:attachment":[{"href":"https:\/\/www.caritasne2.org.br\/site\/wp-json\/wp\/v2\/media?parent=3023"}],"wp:term":[{"taxonomy":"category","embeddable":true,"href":"https:\/\/www.caritasne2.org.br\/site\/wp-json\/wp\/v2\/categories?post=3023"},{"taxonomy":"post_tag","embeddable":true,"href":"https:\/\/www.caritasne2.org.br\/site\/wp-json\/wp\/v2\/tags?post=3023"}],"curies":[{"name":"wp","href":"https:\/\/api.w.org\/{rel}","templated":true}]}}