{"id":3016,"date":"2015-12-15T10:29:33","date_gmt":"2015-12-15T12:29:33","guid":{"rendered":"http:\/\/ne2.caritas.org.br.s174889.gridserver.com\/?p=3016"},"modified":"2017-07-11T15:18:23","modified_gmt":"2017-07-11T18:18:23","slug":"pastoral-social-ne2-promove-discussao-sobre-quilombolas","status":"publish","type":"post","link":"https:\/\/www.caritasne2.org.br\/site\/pastoral-social-ne2-promove-discussao-sobre-quilombolas\/","title":{"rendered":"Pastoral Social NE2 promove discuss\u00e3o sobre quilombolas"},"content":{"rendered":"<p>A cidade de Caruaru, no agreste pernambucano, sediou, nos dias 11 e 12 deste m\u00eas, o encontro, organizado pelo Setor Pastoral Social do Regional NE2, que estudou o Documento 105 \u201cA Igreja e as comunidades quilombolas\u201d, da Confer\u00eancia Nacional dos Bispos do Brasil (CNBB). Os trabalhos foram conduzidos pelo Padre Ari Reis, que assessora a Comiss\u00e3o Episcopal para o Servi\u00e7o da Caridade, Justi\u00e7a e Paz.<\/p>\n<p>A metodologia aplicada no encontro se baseou no documento em quest\u00e3o que, no ver, faz uma an\u00e1lise hist\u00f3rica da realidade s\u00f3cio-pol\u00edtica, econ\u00f4mica e cultural dos quilombos. No julgar, traz a resist\u00eancia e identidade do povo negro, seguida de uma ilumina\u00e7\u00e3o b\u00edblica teol\u00f3gica e documentos da igreja que lidam da quest\u00e3o. E, por fim, no agir, h\u00e1 a perspectiva da luta e da defesa pela terra e territ\u00f3rio, o protagonismo dos quilombolas e suas organiza\u00e7\u00f5es, politicas p\u00fablicas e pistas pastorais.<\/p>\n<p>Estiveram presentes participantes 8 dioceses dos quatro estados do regional (Caruaru, Ca\u00edc\u00f3, Patos, Guarabira, Palmares, Garanhuns, Pesqueira, Palmeira dos Indios) e representantes de quilombos e de entidades que realizam assessoria nesses territ\u00f3rios.<\/p>\n<p>Como resultado do encontro, foi formado um grupo de trabalho(GT) para dar continuidade aos estudos nos estados e para planejar a\u00e7\u00f5es ampliadas para o Nordeste 2, focando na articula\u00e7\u00e3o e organiza\u00e7\u00e3o das comunidades quilombolas, na forma\u00e7\u00e3o continuada e no acesso \u00e0s pol\u00edticas p\u00fablicas. O GT conta com a participa\u00e7\u00e3o de Jos\u00e9 Carlos e Eurenice (Castainho\/CPT Garanhuns); Marcos (Pesqueira), Kleber e Laercio (Caruaru), Rosemberg (Guarabira), Bruna e Jeiseane (Palmeira dos \u00cdndios), Anselmo (Patos) e Marcos (SPS NE 2).<\/p>\n<p><em>Com informa\u00e7\u00f5es de Marcos Bezerra (Setor Pastoral Social CNBB NE2)<\/em><\/p>\n<ul class=\"ssb_list_wrapper\"><li class=\"fb2\" style=\"width:135px\"><iframe src=\"\/\/www.facebook.com\/plugins\/like.php?href=https%3A%2F%2Fwww.caritasne2.org.br%2Fsite%2Fpastoral-social-ne2-promove-discussao-sobre-quilombolas%2F&amp;layout=button_count&amp;action=like&amp;show_faces=false&amp;share=true&amp;width=135&amp;height=21&amp;appId=307091639398582\" scrolling=\"no\" frameborder=\"0\" style=\"border:none; overflow:hidden;  width:150px; height:21px;\" allowTransparency=\"true\"><\/iframe><\/li><li class=\"twtr\" style=\"width:90px\"><a href=\"https:\/\/twitter.com\/share\" class=\"twitter-share-button\" data-url=\"https:\/\/www.caritasne2.org.br\/site\/pastoral-social-ne2-promove-discussao-sobre-quilombolas\/\">&nbsp;<\/a><script>!function(d,s,id){var js,fjs=d.getElementsByTagName(s)[0],p=\/^http:\/.test(d.location)?'http':'https';if(!d.getElementById(id)){js=d.createElement(s);js.id=id;js.src=p+':\/\/platform.twitter.com\/widgets.js';fjs.parentNode.insertBefore(js,fjs);}}(document, 'script', 'twitter-wjs');<\/script><\/li><li class=\"gplus\" style=\"width:68px\"><div class=\"g-plusone\" data-size=\"medium\" data-href=\"https:\/\/www.caritasne2.org.br\/site\/pastoral-social-ne2-promove-discussao-sobre-quilombolas\/\"><\/div><\/li><li class=\"ssb_linkedin\" style=\"width:64px\"><script src=\"\/\/platform.linkedin.com\/in.js\" type=\"text\/javascript\">lang: en_US<\/script><script type=\"IN\/Share\" data-url=\"https:\/\/www.caritasne2.org.br\/site\/pastoral-social-ne2-promove-discussao-sobre-quilombolas\/\" data-counter=\"right\"><\/script><\/li><\/ul>","protected":false},"excerpt":{"rendered":"<p>A cidade de Caruaru, no agreste pernambucano, sediou, nos dias 11 e 12 deste m\u00eas, o encontro, organizado pelo Setor Pastoral Social do Regional NE2, que estudou o Documento 105 \u201cA Igreja e as comunidades quilombolas\u201d, da Confer\u00eancia Nacional dos Bispos do Brasil (CNBB). Os trabalhos foram conduzidos pelo Padre Ari Reis, que assessora a Comiss\u00e3o Episcopal para o Servi\u00e7o da Caridade, Justi\u00e7a e Paz. [&hellip;]<\/p>\n<ul class=\"ssb_list_wrapper\"><li class=\"fb2\" style=\"width:135px\"><iframe src=\"\/\/www.facebook.com\/plugins\/like.php?href=https%3A%2F%2Fwww.caritasne2.org.br%2Fsite%2Fpastoral-social-ne2-promove-discussao-sobre-quilombolas%2F&amp;layout=button_count&amp;action=like&amp;show_faces=false&amp;share=true&amp;width=135&amp;height=21&amp;appId=307091639398582\" scrolling=\"no\" frameborder=\"0\" style=\"border:none; overflow:hidden;  width:150px; height:21px;\" allowTransparency=\"true\"><\/iframe><\/li><li class=\"twtr\" style=\"width:90px\"><a href=\"https:\/\/twitter.com\/share\" class=\"twitter-share-button\" data-url=\"https:\/\/www.caritasne2.org.br\/site\/pastoral-social-ne2-promove-discussao-sobre-quilombolas\/\">&nbsp;<\/a><script>!function(d,s,id){var js,fjs=d.getElementsByTagName(s)[0],p=\/^http:\/.test(d.location)?'http':'https';if(!d.getElementById(id)){js=d.createElement(s);js.id=id;js.src=p+':\/\/platform.twitter.com\/widgets.js';fjs.parentNode.insertBefore(js,fjs);}}(document, 'script', 'twitter-wjs');<\/script><\/li><li class=\"gplus\" style=\"width:68px\"><div class=\"g-plusone\" data-size=\"medium\" data-href=\"https:\/\/www.caritasne2.org.br\/site\/pastoral-social-ne2-promove-discussao-sobre-quilombolas\/\"><\/div><\/li><li class=\"ssb_linkedin\" style=\"width:64px\"><script src=\"\/\/platform.linkedin.com\/in.js\" type=\"text\/javascript\">lang: en_US<\/script><script type=\"IN\/Share\" data-url=\"https:\/\/www.caritasne2.org.br\/site\/pastoral-social-ne2-promove-discussao-sobre-quilombolas\/\" data-counter=\"right\"><\/script><\/li><\/ul>","protected":false},"author":4,"featured_media":3017,"comment_status":"open","ping_status":"open","sticky":false,"template":"","format":"standard","meta":[],"categories":[20,382],"tags":[48,67,150,651,381,652],"_links":{"self":[{"href":"https:\/\/www.caritasne2.org.br\/site\/wp-json\/wp\/v2\/posts\/3016"}],"collection":[{"href":"https:\/\/www.caritasne2.org.br\/site\/wp-json\/wp\/v2\/posts"}],"about":[{"href":"https:\/\/www.caritasne2.org.br\/site\/wp-json\/wp\/v2\/types\/post"}],"author":[{"embeddable":true,"href":"https:\/\/www.caritasne2.org.br\/site\/wp-json\/wp\/v2\/users\/4"}],"replies":[{"embeddable":true,"href":"https:\/\/www.caritasne2.org.br\/site\/wp-json\/wp\/v2\/comments?post=3016"}],"version-history":[{"count":0,"href":"https:\/\/www.caritasne2.org.br\/site\/wp-json\/wp\/v2\/posts\/3016\/revisions"}],"wp:featuredmedia":[{"embeddable":true,"href":"https:\/\/www.caritasne2.org.br\/site\/wp-json\/"}],"wp:attachment":[{"href":"https:\/\/www.caritasne2.org.br\/site\/wp-json\/wp\/v2\/media?parent=3016"}],"wp:term":[{"taxonomy":"category","embeddable":true,"href":"https:\/\/www.caritasne2.org.br\/site\/wp-json\/wp\/v2\/categories?post=3016"},{"taxonomy":"post_tag","embeddable":true,"href":"https:\/\/www.caritasne2.org.br\/site\/wp-json\/wp\/v2\/tags?post=3016"}],"curies":[{"name":"wp","href":"https:\/\/api.w.org\/{rel}","templated":true}]}}