{"id":2975,"date":"2015-12-04T18:37:29","date_gmt":"2015-12-04T20:37:29","guid":{"rendered":"http:\/\/ne2.caritas.org.br.s174889.gridserver.com\/?p=2975"},"modified":"2017-07-11T15:18:46","modified_gmt":"2017-07-11T18:18:46","slug":"caritas-ne2-avalia-acoes-de-2015-inicia-planejamento-dos-proximos-5-anos","status":"publish","type":"post","link":"https:\/\/www.caritasne2.org.br\/site\/caritas-ne2-avalia-acoes-de-2015-inicia-planejamento-dos-proximos-5-anos\/","title":{"rendered":"C\u00e1ritas NE2 avalia a\u00e7\u00f5es de 2015 e inicia planejamento dos pr\u00f3ximos 5 anos"},"content":{"rendered":"<p style=\"text-align: justify;\">Fortalecer a identidade de rede e avaliar as a\u00e7\u00f5es realizadas durante este ano pela C\u00e1ritas Brasileira Regional NE2. Esses foram os principais objetivos do Encontro de Avalia\u00e7\u00e3o do POA \u2013 Planejamento Operacional Anual. O evento, realizado entre os dias 27 e 28 de novembro, no Recife (PE), reuniu agentes do escrit\u00f3rio regional e de 14 entidades membro, al\u00e9m do assessor de forma\u00e7\u00e3o do secretariado nacional da C\u00e1ritas Brasileira, Marcelo Lemos.<\/p>\n<p style=\"text-align: justify;\">Na abertura, os agentes C\u00e1ritas foram motivados, na m\u00edstica, pelo cap\u00edtulo 13, da Primeira Carta B\u00edblica aos Cor\u00edntios, a refletir sobre o sentido do ser C\u00e1ritas e o exerc\u00edcio da \u201ccaridade\u201d, relembrando momentos importantes no desenvolvimento das a\u00e7\u00f5es da entidade em 2015.<\/p>\n<p style=\"text-align: justify;\">Em seguida, o consultor Domenico Corcione destacou os principais aspectos metodol\u00f3gicos que nortearam o encontro de avalia\u00e7\u00e3o. Segundo ele, foi utilizada uma metodologia de constru\u00e7\u00e3o coletiva de conhecimentos e saberes, baseada na experi\u00eancia e contribui\u00e7\u00e3o dos participantes, de acordo com o princ\u00edpio pedag\u00f3gico do \u201caprender fazendo\u201d.<\/p>\n<p style=\"text-align: justify;\">Dessa forma, a Avalia\u00e7\u00e3o foi dividida em dois momentos. Na primeira parte, as discuss\u00f5es giraram em torno das reflex\u00f5es cr\u00edticas sobre os trabalhos realizados e a gest\u00e3o vivenciada em 2015. No segundo momento, os participantes discutiram e elencaram os principais encaminhamentos e compromissos para o planejamento das atividades regionais em 2016.<\/p>\n<p style=\"text-align: justify;\">Vale ressaltar que todo processo de an\u00e1lise teve como base os temas trabalhados pela C\u00e1ritas regional, entre eles gest\u00e3o, comunica\u00e7\u00e3<\/p>\n<p style=\"text-align: justify;\">o, voluntariado, refugiados, juventude, economia popular solid\u00e1ria, conviv\u00eancia com o semi\u00e1rido, m\u00edstica e espiritualidade, entre outros.<\/p>\n<p style=\"text-align: justify;\">O encontro foi baseado no sistema de PMAS \u2013 Planejamento, Monitoramento, Avalia\u00e7\u00e3o e Sistematiza\u00e7\u00e3o, que \u00e9 uma ferramenta metodol\u00f3gica utilizada pela C\u00e1ritas Brasileira, h\u00e1 v\u00e1rios anos, e que contribui para o aprendizado coletivo e permite identificar e sistematizar os avan\u00e7os e os limites de sua a\u00e7\u00e3o transformadora.<\/p>\n<p style=\"text-align: justify;\"><strong>Encaminhamentos:<\/strong><\/p>\n<p style=\"text-align: justify;\">De acordo com o secret\u00e1rio regional, Angelo Zanr\u00e9, o resultado do encontro de avalia\u00e7\u00e3o foi muito positivo e a metodologia adotada facilitou a compreens\u00e3o dos representantes das entidades membro quanto ao processo de PMAS.<a href=\"http:\/\/ne2.caritas.org.br.s174889.gridserver.com\/2015\/12\/04\/caritas-ne2-avalia-acoes-de-2015-inicia-planejamento-dos-proximos-5-anos\/encontro-de-avaliacao-do-poa-015-7\/\" rel=\"attachment wp-att-2982\"><img decoding=\"async\" loading=\"lazy\" class=\"alignright size-medium wp-image-2982\" title=\"Encontro de Avalia\u00e7\u00e3o do POA 015 (7)\" src=\"http:\/\/ne2.caritas.org.br.s174889.gridserver.com\/wp-content\/uploads\/2015\/12\/Encontro-de-Avalia\u00e7\u00e3o-do-POA-015-7-300x168.jpg\" alt=\"\" width=\"300\" height=\"168\" \/><\/a><\/p>\n<p style=\"text-align: justify;\">Para Zanr\u00e9, esse melhor entendimento estimulou v\u00e1rios momentos de discuss\u00f5es, que resultaram em encaminhamentos relevantes para a rede C\u00e1ritas NE2. Ainda, segundo ele, durante a avalia\u00e7\u00e3o foi identificada a necessidade de constru\u00e7\u00e3o de um Planejamento Estrat\u00e9gico Regional, que estabelecer\u00e1 as a\u00e7\u00f5es do Nordeste 2 no pr\u00f3ximo quinqu\u00eanio (2016-2020).<\/p>\n<p style=\"text-align: justify;\">\u201cA proposta \u00e9 que o Planejamento Estrat\u00e9gico Regional dialogue diretamente com todas as etapas do Planejamento Operacional Anual (POA)\u201d, explicou o secret\u00e1rio.<\/p>\n<p style=\"text-align: justify;\">Assim, como encaminhamento para 2016, ficou agendada uma oficina regional para constru\u00e7\u00e3o do Planejamento Estrat\u00e9gico, que acontecer\u00e1 entre os dias 21 a 23 de janeiro do pr\u00f3ximo ano, com a participa\u00e7\u00e3o de representantes de todas as entidades membro do Regional NE2. Dando sequ\u00eancia a esse processo modular, nos dias 19 e 20 de fevereiro de 2016, as entidades se re\u00fanem novamente para o encontro do POA 2016.<\/p>\n<p>\u00a0Por Kilma Ferreira &#8211; Assessoria de Comunica\u00e7\u00e3o da C\u00e1ritas Regional NE2.<\/p>\n<p>&nbsp;<\/p>\n<ul class=\"ssb_list_wrapper\"><li class=\"fb2\" style=\"width:135px\"><iframe src=\"\/\/www.facebook.com\/plugins\/like.php?href=https%3A%2F%2Fwww.caritasne2.org.br%2Fsite%2Fcaritas-ne2-avalia-acoes-de-2015-inicia-planejamento-dos-proximos-5-anos%2F&amp;layout=button_count&amp;action=like&amp;show_faces=false&amp;share=true&amp;width=135&amp;height=21&amp;appId=307091639398582\" scrolling=\"no\" frameborder=\"0\" style=\"border:none; overflow:hidden;  width:150px; height:21px;\" allowTransparency=\"true\"><\/iframe><\/li><li class=\"twtr\" style=\"width:90px\"><a href=\"https:\/\/twitter.com\/share\" class=\"twitter-share-button\" data-url=\"https:\/\/www.caritasne2.org.br\/site\/caritas-ne2-avalia-acoes-de-2015-inicia-planejamento-dos-proximos-5-anos\/\">&nbsp;<\/a><script>!function(d,s,id){var js,fjs=d.getElementsByTagName(s)[0],p=\/^http:\/.test(d.location)?'http':'https';if(!d.getElementById(id)){js=d.createElement(s);js.id=id;js.src=p+':\/\/platform.twitter.com\/widgets.js';fjs.parentNode.insertBefore(js,fjs);}}(document, 'script', 'twitter-wjs');<\/script><\/li><li class=\"gplus\" style=\"width:68px\"><div class=\"g-plusone\" data-size=\"medium\" data-href=\"https:\/\/www.caritasne2.org.br\/site\/caritas-ne2-avalia-acoes-de-2015-inicia-planejamento-dos-proximos-5-anos\/\"><\/div><\/li><li class=\"ssb_linkedin\" style=\"width:64px\"><script src=\"\/\/platform.linkedin.com\/in.js\" type=\"text\/javascript\">lang: en_US<\/script><script type=\"IN\/Share\" data-url=\"https:\/\/www.caritasne2.org.br\/site\/caritas-ne2-avalia-acoes-de-2015-inicia-planejamento-dos-proximos-5-anos\/\" data-counter=\"right\"><\/script><\/li><\/ul>","protected":false},"excerpt":{"rendered":"<p>Fortalecer a identidade de rede e avaliar as a\u00e7\u00f5es realizadas durante este ano pela C\u00e1ritas Brasileira Regional NE2. Esses foram os principais objetivos do Encontro de Avalia\u00e7\u00e3o do POA \u2013 Planejamento Operacional Anual. O evento, realizado entre os dias 27 e 28 de novembro, no Recife (PE), reuniu agentes do escrit\u00f3rio regional e de 14 entidades membro, al\u00e9m do assessor de forma\u00e7\u00e3o do secretariado nacional [&hellip;]<\/p>\n<ul class=\"ssb_list_wrapper\"><li class=\"fb2\" style=\"width:135px\"><iframe src=\"\/\/www.facebook.com\/plugins\/like.php?href=https%3A%2F%2Fwww.caritasne2.org.br%2Fsite%2Fcaritas-ne2-avalia-acoes-de-2015-inicia-planejamento-dos-proximos-5-anos%2F&amp;layout=button_count&amp;action=like&amp;show_faces=false&amp;share=true&amp;width=135&amp;height=21&amp;appId=307091639398582\" scrolling=\"no\" frameborder=\"0\" style=\"border:none; overflow:hidden;  width:150px; height:21px;\" allowTransparency=\"true\"><\/iframe><\/li><li class=\"twtr\" style=\"width:90px\"><a href=\"https:\/\/twitter.com\/share\" class=\"twitter-share-button\" data-url=\"https:\/\/www.caritasne2.org.br\/site\/caritas-ne2-avalia-acoes-de-2015-inicia-planejamento-dos-proximos-5-anos\/\">&nbsp;<\/a><script>!function(d,s,id){var js,fjs=d.getElementsByTagName(s)[0],p=\/^http:\/.test(d.location)?'http':'https';if(!d.getElementById(id)){js=d.createElement(s);js.id=id;js.src=p+':\/\/platform.twitter.com\/widgets.js';fjs.parentNode.insertBefore(js,fjs);}}(document, 'script', 'twitter-wjs');<\/script><\/li><li class=\"gplus\" style=\"width:68px\"><div class=\"g-plusone\" data-size=\"medium\" data-href=\"https:\/\/www.caritasne2.org.br\/site\/caritas-ne2-avalia-acoes-de-2015-inicia-planejamento-dos-proximos-5-anos\/\"><\/div><\/li><li class=\"ssb_linkedin\" style=\"width:64px\"><script src=\"\/\/platform.linkedin.com\/in.js\" type=\"text\/javascript\">lang: en_US<\/script><script type=\"IN\/Share\" data-url=\"https:\/\/www.caritasne2.org.br\/site\/caritas-ne2-avalia-acoes-de-2015-inicia-planejamento-dos-proximos-5-anos\/\" data-counter=\"right\"><\/script><\/li><\/ul>","protected":false},"author":4,"featured_media":2981,"comment_status":"open","ping_status":"open","sticky":false,"template":"","format":"standard","meta":[],"categories":[20,466],"tags":[67,645,646,647],"_links":{"self":[{"href":"https:\/\/www.caritasne2.org.br\/site\/wp-json\/wp\/v2\/posts\/2975"}],"collection":[{"href":"https:\/\/www.caritasne2.org.br\/site\/wp-json\/wp\/v2\/posts"}],"about":[{"href":"https:\/\/www.caritasne2.org.br\/site\/wp-json\/wp\/v2\/types\/post"}],"author":[{"embeddable":true,"href":"https:\/\/www.caritasne2.org.br\/site\/wp-json\/wp\/v2\/users\/4"}],"replies":[{"embeddable":true,"href":"https:\/\/www.caritasne2.org.br\/site\/wp-json\/wp\/v2\/comments?post=2975"}],"version-history":[{"count":0,"href":"https:\/\/www.caritasne2.org.br\/site\/wp-json\/wp\/v2\/posts\/2975\/revisions"}],"wp:featuredmedia":[{"embeddable":true,"href":"https:\/\/www.caritasne2.org.br\/site\/wp-json\/"}],"wp:attachment":[{"href":"https:\/\/www.caritasne2.org.br\/site\/wp-json\/wp\/v2\/media?parent=2975"}],"wp:term":[{"taxonomy":"category","embeddable":true,"href":"https:\/\/www.caritasne2.org.br\/site\/wp-json\/wp\/v2\/categories?post=2975"},{"taxonomy":"post_tag","embeddable":true,"href":"https:\/\/www.caritasne2.org.br\/site\/wp-json\/wp\/v2\/tags?post=2975"}],"curies":[{"name":"wp","href":"https:\/\/api.w.org\/{rel}","templated":true}]}}