{"id":2966,"date":"2015-12-04T10:15:06","date_gmt":"2015-12-04T12:15:06","guid":{"rendered":"http:\/\/ne2.caritas.org.br.s174889.gridserver.com\/?p=2966"},"modified":"2017-07-11T15:18:46","modified_gmt":"2017-07-11T18:18:46","slug":"rendeiras-de-pe-pb-debatem-identidade-da-renascenca","status":"publish","type":"post","link":"https:\/\/www.caritasne2.org.br\/site\/rendeiras-de-pe-pb-debatem-identidade-da-renascenca\/","title":{"rendered":"Rendeiras de PE e PB debatem identidade da renascen\u00e7a"},"content":{"rendered":"<p>Mulheres rendeiras fortalecidas para a constru\u00e7\u00e3o do Territ\u00f3rio de Identidade da Renda Renascen\u00e7a. Este o tema da Feira de Conhecimentos realizada pela Associa\u00e7\u00e3o C\u00e1ritas Paroquial Cruzeiro de Po\u00e7\u00e3o, que ser\u00e1 realizada nesta sexta-feira (3) e s\u00e1bado (4) no Hotel Fazenda Po\u00e7o Encantado em Po\u00e7\u00e3o, no Agreste de Pernambuco. O encontro vai reunir mais de 50 rendeiras dos estados de Pernambuco e Para\u00edba, al\u00e9m de representantes de organiza\u00e7\u00f5es sociais e governamentais.<\/p>\n<p>A ideia da Feira \u00e9 iniciar o debate para construir o territ\u00f3rio de identidade da renda renascen\u00e7a envolvendo munic\u00edpios de Pernambuco e Para\u00edba, tendo como principais agentes de desenvolvimento, as mulheres rendeiras e demais atores sociais e pol\u00edticos do territ\u00f3rio.<\/p>\n<p>O intuito \u00e9 consolidar o territ\u00f3rio a partir da identidade cultural de uma arte secular, a renascen\u00e7a, dentro desse espa\u00e7o de integra\u00e7\u00e3o social e <a href=\"http:\/\/ne2.caritas.org.br.s174889.gridserver.com\/2015\/12\/04\/rendeiras-de-pe-pb-debatem-identidade-da-renascenca\/oficio-da-renda-renascenca-e-perpetuada-em-pocao-pe\/\" rel=\"attachment wp-att-2969\"><img decoding=\"async\" loading=\"lazy\" class=\"alignright size-medium wp-image-2969\" title=\"Of\u00edcio da Renda Renascen\u00e7a \u00e9 perpetuada em Po\u00e7\u00e3o  -PE\" src=\"http:\/\/ne2.caritas.org.br.s174889.gridserver.com\/wp-content\/uploads\/2015\/12\/Of\u00edcio-da-Renda-Renascen\u00e7a-\u00e9-perpetuada-em-Po\u00e7\u00e3o-PE-200x300.jpg\" alt=\"\" width=\"200\" height=\"300\" \/><\/a>canalizar pol\u00edticas p\u00fablicas que fortale\u00e7am os processos end\u00f3genos de organiza\u00e7\u00e3o e gest\u00e3o social e inclus\u00e3o produtiva e comercial das rendeiras, inclusive reafirmar a necessidade do registro de tombamento da renascen\u00e7a como patrim\u00f4nio cultural, que nasceu no munic\u00edpio de Po\u00e7\u00e3o em Pernambuco. Al\u00e9m destes elementos, ser\u00e1 refor\u00e7ado o papel da mulher no desenvolvimento rural sustent\u00e1vel, alicer\u00e7ado na abordagem territorial.<\/p>\n<p>Al\u00e9m de Po\u00e7\u00e3o e Pesqueira, a proposta \u00e9 envolver munic\u00edpios vizinhos da Para\u00edba, como S\u00e3o Jo\u00e3o do Tigre, Zabel\u00ea, S\u00e3o Sebasti\u00e3o do Umbuzeiro e Monteio, que tem tamb\u00e9m em sua hist\u00f3ria cultural e econ\u00f4mica a produ\u00e7\u00e3o da renascen\u00e7a.<\/p>\n<p>Um territ\u00f3rio de identidade cultural fortalece o perfil identit\u00e1rio dos sujeitos sociais locais, fundamentado nos princ\u00edpios b\u00e1sicos da democratiza\u00e7\u00e3o das pol\u00edticas p\u00fablicas como a descentraliza\u00e7\u00e3o das decis\u00f5es, a regionaliza\u00e7\u00e3o das a\u00e7\u00f5es e a co-responsabilidade na aplica\u00e7\u00e3o de recursos, bem como na execu\u00e7\u00e3o e avalia\u00e7\u00e3o de projetos pactuados pelos atores locais, refor\u00e7ando a gest\u00e3o social, a democracia participativa e a supera\u00e7\u00e3o da pobreza. Resulta de um processo s\u00f3cio-hist\u00f3rico de ocupa\u00e7\u00e3o da regi\u00e3o, das suas tecnologias produtivas, formas de sociabilidade, conv\u00edvio e produ\u00e7\u00e3o material e imaterial.<\/p>\n<p>\u201cA Feira de Conhecimento ser\u00e1 um marco importante para avan\u00e7ar na constru\u00e7\u00e3o de um debate coletivo sobre o territ\u00f3rio de identidade cultural da renda renascen\u00e7a. E assim, articular democraticamente pol\u00edticas p\u00fablicas que fortale\u00e7am as mulheres rendeiras dos munic\u00edpios que comp\u00f5em o territ\u00f3rio\u201d, enfatizou a presidenta da Associa\u00e7\u00e3o C\u00e1ritas Paroquial de Cruzeiro de Po\u00e7\u00e3o, Socorro Gemino.<\/p>\n<p>Durante a Feira de Conhecimento ser\u00e1 constru\u00eddo pelas participantes uma Carta Pol\u00edtica, como instrumento de expressar o desejo das rendeiras em criar o territ\u00f3rio de identidade cultural da renascen\u00e7a e chamar \u00e0 aten\u00e7\u00e3o para o apoio e articula\u00e7\u00e3o junto \u00e0s entidades da sociedade civil e organiza\u00e7\u00f5es governamentais.<\/p>\n<p>Na sexta-feira (4) \u00e0 noite, na Pra\u00e7a da Igreja Matriz de Po\u00e7\u00e3o, acontecer\u00e1 o lan\u00e7amento da Carta Pol\u00edtica. Al\u00e9m desse momento, ter\u00e1 exposi\u00e7\u00e3o e comercializa\u00e7\u00e3o de pe\u00e7as de renascen\u00e7a e atra\u00e7\u00f5es culturais. A Feira de Conhecimentos faz parte da proposta contemplada pela Associa\u00e7\u00e3o C\u00e1ritas Paroquial no Edital N\u00ba 02 \/2015 &#8211; Apoio a Propostas de Gest\u00e3o do Conhecimento em Zonas Semi\u00e1ridas do Nordeste do Brasil do Programa Semear \u2013 Gest\u00e3o do Conhecimento em Zonas Semi\u00e1ridas.<\/p>\n<p><strong>SURGIMENTO<\/strong> \u2013 A renda renascen\u00e7a chegou ao Brasil atrav\u00e9s dos portugueses e foi ensinada em Pernambuco nos conventos e col\u00e9gios internos de freiras. Surgiu no munic\u00edpio de Po\u00e7\u00e3o-PE na d\u00e9cada de 30, pelas m\u00e3os de uma senhora famosa na cidade, Maria Pastora. O munic\u00edpio \u00e9 um das maiores produtoras de Renda Renascen\u00e7a do pa\u00eds. Hoje, o pa\u00eds exporta renda para sete pa\u00edses da Am\u00e9rica, Europa e \u00c1sia. Cada ponto da renda recebe um nome especial, inspirado em sentimentos, elementos da natureza ou alimentos da regi\u00e3o. Entre os mais conhecidos e mais utilizados pelas rendeiras est\u00e3o: aranha, abacaxi, tra\u00e7a, cocada, xer\u00e9m, amor seguro, la\u00e7o, sianinha, malha, amarrado e o olho de pombo.<\/p>\n<p><em>Por Daniel Ferreira da Assessoria de Comunica\u00e7\u00e3o da\u00a0\u00a0Associa\u00e7\u00e3o C\u00e1ritas Paroquial Cruzeiro de Po\u00e7\u00e3o (Regional Nordeste 2)<\/em><\/p>\n<ul class=\"ssb_list_wrapper\"><li class=\"fb2\" style=\"width:135px\"><iframe src=\"\/\/www.facebook.com\/plugins\/like.php?href=https%3A%2F%2Fwww.caritasne2.org.br%2Fsite%2Frendeiras-de-pe-pb-debatem-identidade-da-renascenca%2F&amp;layout=button_count&amp;action=like&amp;show_faces=false&amp;share=true&amp;width=135&amp;height=21&amp;appId=307091639398582\" scrolling=\"no\" frameborder=\"0\" style=\"border:none; overflow:hidden;  width:150px; height:21px;\" allowTransparency=\"true\"><\/iframe><\/li><li class=\"twtr\" style=\"width:90px\"><a href=\"https:\/\/twitter.com\/share\" class=\"twitter-share-button\" data-url=\"https:\/\/www.caritasne2.org.br\/site\/rendeiras-de-pe-pb-debatem-identidade-da-renascenca\/\">&nbsp;<\/a><script>!function(d,s,id){var js,fjs=d.getElementsByTagName(s)[0],p=\/^http:\/.test(d.location)?'http':'https';if(!d.getElementById(id)){js=d.createElement(s);js.id=id;js.src=p+':\/\/platform.twitter.com\/widgets.js';fjs.parentNode.insertBefore(js,fjs);}}(document, 'script', 'twitter-wjs');<\/script><\/li><li class=\"gplus\" style=\"width:68px\"><div class=\"g-plusone\" data-size=\"medium\" data-href=\"https:\/\/www.caritasne2.org.br\/site\/rendeiras-de-pe-pb-debatem-identidade-da-renascenca\/\"><\/div><\/li><li class=\"ssb_linkedin\" style=\"width:64px\"><script src=\"\/\/platform.linkedin.com\/in.js\" type=\"text\/javascript\">lang: en_US<\/script><script type=\"IN\/Share\" data-url=\"https:\/\/www.caritasne2.org.br\/site\/rendeiras-de-pe-pb-debatem-identidade-da-renascenca\/\" data-counter=\"right\"><\/script><\/li><\/ul>","protected":false},"excerpt":{"rendered":"<p>Mulheres rendeiras fortalecidas para a constru\u00e7\u00e3o do Territ\u00f3rio de Identidade da Renda Renascen\u00e7a. Este o tema da Feira de Conhecimentos realizada pela Associa\u00e7\u00e3o C\u00e1ritas Paroquial Cruzeiro de Po\u00e7\u00e3o, que ser\u00e1 realizada nesta sexta-feira (3) e s\u00e1bado (4) no Hotel Fazenda Po\u00e7o Encantado em Po\u00e7\u00e3o, no Agreste de Pernambuco. O encontro vai reunir mais de 50 rendeiras dos estados de Pernambuco e Para\u00edba, al\u00e9m de representantes [&hellip;]<\/p>\n<ul class=\"ssb_list_wrapper\"><li class=\"fb2\" style=\"width:135px\"><iframe src=\"\/\/www.facebook.com\/plugins\/like.php?href=https%3A%2F%2Fwww.caritasne2.org.br%2Fsite%2Frendeiras-de-pe-pb-debatem-identidade-da-renascenca%2F&amp;layout=button_count&amp;action=like&amp;show_faces=false&amp;share=true&amp;width=135&amp;height=21&amp;appId=307091639398582\" scrolling=\"no\" frameborder=\"0\" style=\"border:none; overflow:hidden;  width:150px; height:21px;\" allowTransparency=\"true\"><\/iframe><\/li><li class=\"twtr\" style=\"width:90px\"><a href=\"https:\/\/twitter.com\/share\" class=\"twitter-share-button\" data-url=\"https:\/\/www.caritasne2.org.br\/site\/rendeiras-de-pe-pb-debatem-identidade-da-renascenca\/\">&nbsp;<\/a><script>!function(d,s,id){var js,fjs=d.getElementsByTagName(s)[0],p=\/^http:\/.test(d.location)?'http':'https';if(!d.getElementById(id)){js=d.createElement(s);js.id=id;js.src=p+':\/\/platform.twitter.com\/widgets.js';fjs.parentNode.insertBefore(js,fjs);}}(document, 'script', 'twitter-wjs');<\/script><\/li><li class=\"gplus\" style=\"width:68px\"><div class=\"g-plusone\" data-size=\"medium\" data-href=\"https:\/\/www.caritasne2.org.br\/site\/rendeiras-de-pe-pb-debatem-identidade-da-renascenca\/\"><\/div><\/li><li class=\"ssb_linkedin\" style=\"width:64px\"><script src=\"\/\/platform.linkedin.com\/in.js\" type=\"text\/javascript\">lang: en_US<\/script><script type=\"IN\/Share\" data-url=\"https:\/\/www.caritasne2.org.br\/site\/rendeiras-de-pe-pb-debatem-identidade-da-renascenca\/\" data-counter=\"right\"><\/script><\/li><\/ul>","protected":false},"author":4,"featured_media":2968,"comment_status":"open","ping_status":"open","sticky":false,"template":"","format":"standard","meta":[],"categories":[20,466],"tags":[67,639,640,146,641,642,643,644],"_links":{"self":[{"href":"https:\/\/www.caritasne2.org.br\/site\/wp-json\/wp\/v2\/posts\/2966"}],"collection":[{"href":"https:\/\/www.caritasne2.org.br\/site\/wp-json\/wp\/v2\/posts"}],"about":[{"href":"https:\/\/www.caritasne2.org.br\/site\/wp-json\/wp\/v2\/types\/post"}],"author":[{"embeddable":true,"href":"https:\/\/www.caritasne2.org.br\/site\/wp-json\/wp\/v2\/users\/4"}],"replies":[{"embeddable":true,"href":"https:\/\/www.caritasne2.org.br\/site\/wp-json\/wp\/v2\/comments?post=2966"}],"version-history":[{"count":0,"href":"https:\/\/www.caritasne2.org.br\/site\/wp-json\/wp\/v2\/posts\/2966\/revisions"}],"wp:featuredmedia":[{"embeddable":true,"href":"https:\/\/www.caritasne2.org.br\/site\/wp-json\/"}],"wp:attachment":[{"href":"https:\/\/www.caritasne2.org.br\/site\/wp-json\/wp\/v2\/media?parent=2966"}],"wp:term":[{"taxonomy":"category","embeddable":true,"href":"https:\/\/www.caritasne2.org.br\/site\/wp-json\/wp\/v2\/categories?post=2966"},{"taxonomy":"post_tag","embeddable":true,"href":"https:\/\/www.caritasne2.org.br\/site\/wp-json\/wp\/v2\/tags?post=2966"}],"curies":[{"name":"wp","href":"https:\/\/api.w.org\/{rel}","templated":true}]}}