{"id":2960,"date":"2015-11-30T12:50:55","date_gmt":"2015-11-30T14:50:55","guid":{"rendered":"http:\/\/ne2.caritas.org.br.s174889.gridserver.com\/?p=2960"},"modified":"2017-07-11T15:18:46","modified_gmt":"2017-07-11T18:18:46","slug":"caritas-participa-da-criacao-comite-das-aguas-de-inaja","status":"publish","type":"post","link":"https:\/\/www.caritasne2.org.br\/site\/caritas-participa-da-criacao-comite-das-aguas-de-inaja\/","title":{"rendered":"C\u00e1ritas participa da cria\u00e7\u00e3o do Comit\u00ea das \u00c1guas de Inaj\u00e1"},"content":{"rendered":"<p>A Associa\u00e7\u00e3o Provida, entidade ligada a C\u00e1ritas Diocesana de Floresta, realizou o \u201c1\u00ba Semin\u00e1rio de Conviv\u00eancia com o Semi\u00e1rido \u2013 Agricultura e \u00c1gua\u201d, na cidade de Inaj\u00e1, localizada no sert\u00e3o pernambucano, no \u00faltimo dia 18. Na abertura da atividade, o bispo de Floresta (PE), Dom Gabriel Marchesi, acolheu os representantes de diversas institui\u00e7\u00f5es do governo e da sociedade civil que abordaram a tem\u00e1tica, contemplando, sobretudo, os problemas que est\u00e3o sendo enfrentados na regi\u00e3o, com a falta de chuvas, a perfura\u00e7\u00e3o indiscriminada de po\u00e7os e o uso excessivo de \u00e1gua na regi\u00e3o.<\/p>\n<p>Na mesa principal, t\u00e9cnicos da Empresa Brasileira de Pesquisa Agropecu\u00e1ria, do Instituto Agron\u00f4mico de Pernambuco (IPA) e do Instituto Regional da Pequena Agricultura (IRPAA) falaram sobre o cen\u00e1rio h\u00eddrico atual da regi\u00e3o, apontando problemas e solu\u00e7\u00f5es. Tamb\u00e9m fez parte das discuss\u00f5es o secret\u00e1rio regional da C\u00e1ritas NE2, Angelo Zanr\u00e9, que apresentou a palestra \u201cCidadania e \u00e1gua na constru\u00e7\u00e3o de uma sociedade organizada\u201d.<\/p>\n<p>De acordo com Zanr\u00e9, o semin\u00e1rio foi uma importante iniciativa para o munic\u00edpio de Inaj\u00e1. Segundo ele, a Provida conseguiu articular e reunir setores da sociedade civil, do governo, e de organiza\u00e7\u00f5es que trabalham com quest\u00f5es ligadas ao semi\u00e1rido. \u201cA partir das representa\u00e7\u00f5es desses diversos setores, durante o evento, foi constitu\u00eddo um comit\u00ea, que ter\u00e1 o papel de refletir sobre a problem\u00e1tica da \u00e1gua, sobretudo no munic\u00edpio de Inaj\u00e1\u201d, destacou o secret\u00e1rio regional.<\/p>\n<p>Segundo o secret\u00e1rio, do semin\u00e1rio sa\u00edram algumas propostas concretas que foram encaminhadas ao comit\u00ea, formado por t\u00e9cnicos do governo e de entidades n\u00e3o governamentais. Dentre elas, est\u00e3o a necessidade de melhorar o manejo adequado da \u00e1gua; fazer um estudo local das condi\u00e7\u00f5es dessa \u00e1gua; e apostar em pr\u00e1ticas que incentivem o agricultor familiar a combater o uso de agrot\u00f3xicos.<\/p>\n<p>A C\u00e1ritas Diocesana de Floresta, por meio da Associa\u00e7\u00e3o Provida, \u00e9 uma das organiza\u00e7\u00f5es que integra o comit\u00ea. \u201c\u00c9 urgente e necess\u00e1rio discutir esses assuntos que envolvem essa quest\u00e3o da \u00e1gua, principalmente numa regi\u00e3o que enfrenta s\u00e9rios problemas com a seca. Por exemplo, em munic\u00edpios como Inaj\u00e1, que s\u00e3o t\u00e3o carentes de \u00e1gua, o desperd\u00edcio por conta pra pr\u00e1tica abusiva da perfura\u00e7\u00e3o de po\u00e7os artesianos, tem enfraquecido o len\u00e7ol fre\u00e1tico e, por isso, se faz necess\u00e1rio pensar em medidas concretas para evitar o desperd\u00edcio e o desgaste do meio ambiente\u201d, explicou Zanr\u00e9.<\/p>\n<p>O encontro, apoiado pelo Fundo Nacional de Solidariedade, foi realizado na Escola de Refer\u00eancia Municipal Ant\u00f4nio Guilherme Dias Lima, em Inaj\u00e1.<\/p>\n<p>RECONHECIMENTO<\/p>\n<p>Durante a XX Assembleia Nacional da C\u00e1ritas Brasileira, realizada de 12 a 15 de novembro deste ano, foi reconhecida a C\u00e1ritas Diocesana de Floresta que passa a ser a 17\u00aa entidade-membro do Regional NE2.<\/p>\n<p><em>Por Wagner Ferreira Cesario\/Assessoria de Comunica\u00e7\u00e3o Regional NE2<\/em><\/p>\n<ul class=\"ssb_list_wrapper\"><li class=\"fb2\" style=\"width:135px\"><iframe src=\"\/\/www.facebook.com\/plugins\/like.php?href=https%3A%2F%2Fwww.caritasne2.org.br%2Fsite%2Fcaritas-participa-da-criacao-comite-das-aguas-de-inaja%2F&amp;layout=button_count&amp;action=like&amp;show_faces=false&amp;share=true&amp;width=135&amp;height=21&amp;appId=307091639398582\" scrolling=\"no\" frameborder=\"0\" style=\"border:none; overflow:hidden;  width:150px; height:21px;\" allowTransparency=\"true\"><\/iframe><\/li><li class=\"twtr\" style=\"width:90px\"><a href=\"https:\/\/twitter.com\/share\" class=\"twitter-share-button\" data-url=\"https:\/\/www.caritasne2.org.br\/site\/caritas-participa-da-criacao-comite-das-aguas-de-inaja\/\">&nbsp;<\/a><script>!function(d,s,id){var js,fjs=d.getElementsByTagName(s)[0],p=\/^http:\/.test(d.location)?'http':'https';if(!d.getElementById(id)){js=d.createElement(s);js.id=id;js.src=p+':\/\/platform.twitter.com\/widgets.js';fjs.parentNode.insertBefore(js,fjs);}}(document, 'script', 'twitter-wjs');<\/script><\/li><li class=\"gplus\" style=\"width:68px\"><div class=\"g-plusone\" data-size=\"medium\" data-href=\"https:\/\/www.caritasne2.org.br\/site\/caritas-participa-da-criacao-comite-das-aguas-de-inaja\/\"><\/div><\/li><li class=\"ssb_linkedin\" style=\"width:64px\"><script src=\"\/\/platform.linkedin.com\/in.js\" type=\"text\/javascript\">lang: en_US<\/script><script type=\"IN\/Share\" data-url=\"https:\/\/www.caritasne2.org.br\/site\/caritas-participa-da-criacao-comite-das-aguas-de-inaja\/\" data-counter=\"right\"><\/script><\/li><\/ul>","protected":false},"excerpt":{"rendered":"<p>A Associa\u00e7\u00e3o Provida, entidade ligada a C\u00e1ritas Diocesana de Floresta, realizou o \u201c1\u00ba Semin\u00e1rio de Conviv\u00eancia com o Semi\u00e1rido \u2013 Agricultura e \u00c1gua\u201d, na cidade de Inaj\u00e1, localizada no sert\u00e3o pernambucano, no \u00faltimo dia 18. Na abertura da atividade, o bispo de Floresta (PE), Dom Gabriel Marchesi, acolheu os representantes de diversas institui\u00e7\u00f5es do governo e da sociedade civil que abordaram a tem\u00e1tica, contemplando, sobretudo, [&hellip;]<\/p>\n<ul class=\"ssb_list_wrapper\"><li class=\"fb2\" style=\"width:135px\"><iframe src=\"\/\/www.facebook.com\/plugins\/like.php?href=https%3A%2F%2Fwww.caritasne2.org.br%2Fsite%2Fcaritas-participa-da-criacao-comite-das-aguas-de-inaja%2F&amp;layout=button_count&amp;action=like&amp;show_faces=false&amp;share=true&amp;width=135&amp;height=21&amp;appId=307091639398582\" scrolling=\"no\" frameborder=\"0\" style=\"border:none; overflow:hidden;  width:150px; height:21px;\" allowTransparency=\"true\"><\/iframe><\/li><li class=\"twtr\" style=\"width:90px\"><a href=\"https:\/\/twitter.com\/share\" class=\"twitter-share-button\" data-url=\"https:\/\/www.caritasne2.org.br\/site\/caritas-participa-da-criacao-comite-das-aguas-de-inaja\/\">&nbsp;<\/a><script>!function(d,s,id){var js,fjs=d.getElementsByTagName(s)[0],p=\/^http:\/.test(d.location)?'http':'https';if(!d.getElementById(id)){js=d.createElement(s);js.id=id;js.src=p+':\/\/platform.twitter.com\/widgets.js';fjs.parentNode.insertBefore(js,fjs);}}(document, 'script', 'twitter-wjs');<\/script><\/li><li class=\"gplus\" style=\"width:68px\"><div class=\"g-plusone\" data-size=\"medium\" data-href=\"https:\/\/www.caritasne2.org.br\/site\/caritas-participa-da-criacao-comite-das-aguas-de-inaja\/\"><\/div><\/li><li class=\"ssb_linkedin\" style=\"width:64px\"><script src=\"\/\/platform.linkedin.com\/in.js\" type=\"text\/javascript\">lang: en_US<\/script><script type=\"IN\/Share\" data-url=\"https:\/\/www.caritasne2.org.br\/site\/caritas-participa-da-criacao-comite-das-aguas-de-inaja\/\" data-counter=\"right\"><\/script><\/li><\/ul>","protected":false},"author":4,"featured_media":2962,"comment_status":"open","ping_status":"open","sticky":false,"template":"","format":"standard","meta":[],"categories":[72,20],"tags":[59,132,637,624,625,638],"_links":{"self":[{"href":"https:\/\/www.caritasne2.org.br\/site\/wp-json\/wp\/v2\/posts\/2960"}],"collection":[{"href":"https:\/\/www.caritasne2.org.br\/site\/wp-json\/wp\/v2\/posts"}],"about":[{"href":"https:\/\/www.caritasne2.org.br\/site\/wp-json\/wp\/v2\/types\/post"}],"author":[{"embeddable":true,"href":"https:\/\/www.caritasne2.org.br\/site\/wp-json\/wp\/v2\/users\/4"}],"replies":[{"embeddable":true,"href":"https:\/\/www.caritasne2.org.br\/site\/wp-json\/wp\/v2\/comments?post=2960"}],"version-history":[{"count":0,"href":"https:\/\/www.caritasne2.org.br\/site\/wp-json\/wp\/v2\/posts\/2960\/revisions"}],"wp:featuredmedia":[{"embeddable":true,"href":"https:\/\/www.caritasne2.org.br\/site\/wp-json\/"}],"wp:attachment":[{"href":"https:\/\/www.caritasne2.org.br\/site\/wp-json\/wp\/v2\/media?parent=2960"}],"wp:term":[{"taxonomy":"category","embeddable":true,"href":"https:\/\/www.caritasne2.org.br\/site\/wp-json\/wp\/v2\/categories?post=2960"},{"taxonomy":"post_tag","embeddable":true,"href":"https:\/\/www.caritasne2.org.br\/site\/wp-json\/wp\/v2\/tags?post=2960"}],"curies":[{"name":"wp","href":"https:\/\/api.w.org\/{rel}","templated":true}]}}