{"id":2940,"date":"2015-11-24T14:28:07","date_gmt":"2015-11-24T16:28:07","guid":{"rendered":"http:\/\/ne2.caritas.org.br.s174889.gridserver.com\/?p=2940"},"modified":"2017-07-11T15:18:46","modified_gmt":"2017-07-11T18:18:46","slug":"familias-celebram-missa-de-acao-de-gracas-por-100-novas-cisternas","status":"publish","type":"post","link":"https:\/\/www.caritasne2.org.br\/site\/familias-celebram-missa-de-acao-de-gracas-por-100-novas-cisternas\/","title":{"rendered":"Fam\u00edlias celebram missa de a\u00e7\u00e3o de gra\u00e7as por 100 novas cisternas"},"content":{"rendered":"<p>Fieis de diversas regi\u00f5es do munic\u00edpio de Inhapi, no sert\u00e3o alagoano, reuniram-se, no \u00faltimo domingo (22), na comunidade de Cabeceiros, para elevar a Deus a\u00e7\u00e3o de gra\u00e7as, durante Missa, pelas novas 100 cisternas constru\u00eddas com recursos do Projeto Uma Terra e Duas \u00c1guas \u2013 P1+2, do Minist\u00e9rio do Desenvolvimento Social e Combate \u00e0 Fome. Esses reservat\u00f3rios, dos tipos cal\u00e7ad\u00e3o (50) e enxurrada (50), beneficiar\u00e3o mais de 500 pessoas e foram constru\u00eddos pela C\u00e1ritas Diocesana de Palmeira dos \u00cdndios, em parceria com a Articula\u00e7\u00e3o no Semi\u00e1rido Brasileiro (ASA).<\/p>\n<p>Durante a celebra\u00e7\u00e3o, o p\u00e1roco de Inhapi, Padre Cl\u00f3vis Rodrigues da Silva, dentro da liturgia da Solenidade de Nosso Senhor Jesus Cristo, Rei do Universo, abordou aspectos importantes sobre o Reino simples e verdadeiro de Jesus que se coloca a servi\u00e7o dos que mais precisam. O p\u00e1roco ainda ressaltou a import\u00e2ncia do trabalho da C\u00e1ritas que vem desenvolvendo, no semi\u00e1rido, o programa de cisternas t\u00e3o necess\u00e1rio para as fam\u00edlias que residem na regi\u00e3o. Crian\u00e7as, jovens e mulheres entoaram c\u00e2nticos e ajudaram em outros momentos da celebra\u00e7\u00e3o.<\/p>\n<p>Na ocasi\u00e3o, a assessora da C\u00e1ritas Brasileira NE2, Maria Mafra, destacou que, por meio dessa a\u00e7\u00e3o da C\u00e1ritas, a Igreja Cat\u00f3lica cumpre a miss\u00e3o junto ao povo que mais precisa. Mafra ainda agradeceu os esfor\u00e7os de todos os colaboradores para que o projeto fosse executado, rendendo frutos colhidos e celebrados no dia.<a href=\"http:\/\/ne2.caritas.org.br.s174889.gridserver.com\/2015\/11\/24\/familias-celebram-missa-de-acao-de-gracas-por-100-novas-cisternas\/dsc01392\/\" rel=\"attachment wp-att-2943\"><img decoding=\"async\" loading=\"lazy\" class=\"alignright size-medium wp-image-2943\" title=\"DSC01392\" src=\"http:\/\/ne2.caritas.org.br.s174889.gridserver.com\/wp-content\/uploads\/2015\/11\/DSC01392-300x225.jpg\" alt=\"\" width=\"300\" height=\"225\" \/><\/a><\/p>\n<p>Ap\u00f3s a Missa, a cisterna da comunidade de Cabeceiro recebeu a b\u00ean\u00e7\u00e3o do padre e as mais de 300 pessoas presentes se confraternizaram com a partilha de lanches trazidos por elas mesmas.<\/p>\n<p><strong>Cisternas e biodigestores<\/strong><\/p>\n<p>O munic\u00edpio de Inhapi fica localizado no sert\u00e3o alagoano, dentro do territ\u00f3rio de atua\u00e7\u00e3o da C\u00e1ritas Diocesana de Palmeira dos \u00cdndios. Al\u00e9m de Cabeceiro, foram beneficiadas, nessa cidade, as comunidades rurais de Retiro, Olho D\u2019\u00e1gua Seco, Baixa do Galo, Vaca Branca, Pedra Branca, Lages do N\u00f3ia, Lagoa do Algod\u00e3o, Pedra Redonda, Serrote das Lages, e Goiabal.<\/p>\n<p>O coordenador da a\u00e7\u00e3o, Manoel Euclides, reconheceu a import\u00e2ncia desses novos reservat\u00f3rios para a conviv\u00eancia com o semi\u00e1rido e adiantou que h\u00e1 um projeto em an\u00e1lise, pela C\u00e1ritas Su\u00ed\u00e7a, que poder\u00e1 financiar e trazer benef\u00edcios, dessa vez, com a constru\u00e7\u00e3o de biodigestores em diversas cidades da regi\u00e3o, inclusive em Inhapi.<\/p>\n<p><em>Com informa\u00e7\u00f5es da C\u00e1ritas Diocesana de Palmeira dos \u00cdndios\/Maria Mafra<\/em><\/p>\n<ul class=\"ssb_list_wrapper\"><li class=\"fb2\" style=\"width:135px\"><iframe src=\"\/\/www.facebook.com\/plugins\/like.php?href=https%3A%2F%2Fwww.caritasne2.org.br%2Fsite%2Ffamilias-celebram-missa-de-acao-de-gracas-por-100-novas-cisternas%2F&amp;layout=button_count&amp;action=like&amp;show_faces=false&amp;share=true&amp;width=135&amp;height=21&amp;appId=307091639398582\" scrolling=\"no\" frameborder=\"0\" style=\"border:none; overflow:hidden;  width:150px; height:21px;\" allowTransparency=\"true\"><\/iframe><\/li><li class=\"twtr\" style=\"width:90px\"><a href=\"https:\/\/twitter.com\/share\" class=\"twitter-share-button\" data-url=\"https:\/\/www.caritasne2.org.br\/site\/familias-celebram-missa-de-acao-de-gracas-por-100-novas-cisternas\/\">&nbsp;<\/a><script>!function(d,s,id){var js,fjs=d.getElementsByTagName(s)[0],p=\/^http:\/.test(d.location)?'http':'https';if(!d.getElementById(id)){js=d.createElement(s);js.id=id;js.src=p+':\/\/platform.twitter.com\/widgets.js';fjs.parentNode.insertBefore(js,fjs);}}(document, 'script', 'twitter-wjs');<\/script><\/li><li class=\"gplus\" style=\"width:68px\"><div class=\"g-plusone\" data-size=\"medium\" data-href=\"https:\/\/www.caritasne2.org.br\/site\/familias-celebram-missa-de-acao-de-gracas-por-100-novas-cisternas\/\"><\/div><\/li><li class=\"ssb_linkedin\" style=\"width:64px\"><script src=\"\/\/platform.linkedin.com\/in.js\" type=\"text\/javascript\">lang: en_US<\/script><script type=\"IN\/Share\" data-url=\"https:\/\/www.caritasne2.org.br\/site\/familias-celebram-missa-de-acao-de-gracas-por-100-novas-cisternas\/\" data-counter=\"right\"><\/script><\/li><\/ul>","protected":false},"excerpt":{"rendered":"<p>Fieis de diversas regi\u00f5es do munic\u00edpio de Inhapi, no sert\u00e3o alagoano, reuniram-se, no \u00faltimo domingo (22), na comunidade de Cabeceiros, para elevar a Deus a\u00e7\u00e3o de gra\u00e7as, durante Missa, pelas novas 100 cisternas constru\u00eddas com recursos do Projeto Uma Terra e Duas \u00c1guas \u2013 P1+2, do Minist\u00e9rio do Desenvolvimento Social e Combate \u00e0 Fome. Esses reservat\u00f3rios, dos tipos cal\u00e7ad\u00e3o (50) e enxurrada (50), beneficiar\u00e3o mais [&hellip;]<\/p>\n<ul class=\"ssb_list_wrapper\"><li class=\"fb2\" style=\"width:135px\"><iframe src=\"\/\/www.facebook.com\/plugins\/like.php?href=https%3A%2F%2Fwww.caritasne2.org.br%2Fsite%2Ffamilias-celebram-missa-de-acao-de-gracas-por-100-novas-cisternas%2F&amp;layout=button_count&amp;action=like&amp;show_faces=false&amp;share=true&amp;width=135&amp;height=21&amp;appId=307091639398582\" scrolling=\"no\" frameborder=\"0\" style=\"border:none; overflow:hidden;  width:150px; height:21px;\" allowTransparency=\"true\"><\/iframe><\/li><li class=\"twtr\" style=\"width:90px\"><a href=\"https:\/\/twitter.com\/share\" class=\"twitter-share-button\" data-url=\"https:\/\/www.caritasne2.org.br\/site\/familias-celebram-missa-de-acao-de-gracas-por-100-novas-cisternas\/\">&nbsp;<\/a><script>!function(d,s,id){var js,fjs=d.getElementsByTagName(s)[0],p=\/^http:\/.test(d.location)?'http':'https';if(!d.getElementById(id)){js=d.createElement(s);js.id=id;js.src=p+':\/\/platform.twitter.com\/widgets.js';fjs.parentNode.insertBefore(js,fjs);}}(document, 'script', 'twitter-wjs');<\/script><\/li><li class=\"gplus\" style=\"width:68px\"><div class=\"g-plusone\" data-size=\"medium\" data-href=\"https:\/\/www.caritasne2.org.br\/site\/familias-celebram-missa-de-acao-de-gracas-por-100-novas-cisternas\/\"><\/div><\/li><li class=\"ssb_linkedin\" style=\"width:64px\"><script src=\"\/\/platform.linkedin.com\/in.js\" type=\"text\/javascript\">lang: en_US<\/script><script type=\"IN\/Share\" data-url=\"https:\/\/www.caritasne2.org.br\/site\/familias-celebram-missa-de-acao-de-gracas-por-100-novas-cisternas\/\" data-counter=\"right\"><\/script><\/li><\/ul>","protected":false},"author":4,"featured_media":2942,"comment_status":"open","ping_status":"open","sticky":false,"template":"","format":"standard","meta":[],"categories":[20,224],"tags":[59,222,67,631,632,74],"_links":{"self":[{"href":"https:\/\/www.caritasne2.org.br\/site\/wp-json\/wp\/v2\/posts\/2940"}],"collection":[{"href":"https:\/\/www.caritasne2.org.br\/site\/wp-json\/wp\/v2\/posts"}],"about":[{"href":"https:\/\/www.caritasne2.org.br\/site\/wp-json\/wp\/v2\/types\/post"}],"author":[{"embeddable":true,"href":"https:\/\/www.caritasne2.org.br\/site\/wp-json\/wp\/v2\/users\/4"}],"replies":[{"embeddable":true,"href":"https:\/\/www.caritasne2.org.br\/site\/wp-json\/wp\/v2\/comments?post=2940"}],"version-history":[{"count":0,"href":"https:\/\/www.caritasne2.org.br\/site\/wp-json\/wp\/v2\/posts\/2940\/revisions"}],"wp:featuredmedia":[{"embeddable":true,"href":"https:\/\/www.caritasne2.org.br\/site\/wp-json\/"}],"wp:attachment":[{"href":"https:\/\/www.caritasne2.org.br\/site\/wp-json\/wp\/v2\/media?parent=2940"}],"wp:term":[{"taxonomy":"category","embeddable":true,"href":"https:\/\/www.caritasne2.org.br\/site\/wp-json\/wp\/v2\/categories?post=2940"},{"taxonomy":"post_tag","embeddable":true,"href":"https:\/\/www.caritasne2.org.br\/site\/wp-json\/wp\/v2\/tags?post=2940"}],"curies":[{"name":"wp","href":"https:\/\/api.w.org\/{rel}","templated":true}]}}