{"id":2927,"date":"2015-11-24T14:01:20","date_gmt":"2015-11-24T16:01:20","guid":{"rendered":"http:\/\/ne2.caritas.org.br.s174889.gridserver.com\/?p=2927"},"modified":"2017-07-11T15:18:46","modified_gmt":"2017-07-11T18:18:46","slug":"dia-da-consciencia-negra-e-celebrado-interior-de-pe","status":"publish","type":"post","link":"https:\/\/www.caritasne2.org.br\/site\/dia-da-consciencia-negra-e-celebrado-interior-de-pe\/","title":{"rendered":"Dia da Consci\u00eancia Negra \u00e9 celebrado no interior de PE"},"content":{"rendered":"<p>A C\u00e1ritas Paroquial Santana de Bu\u00edque, do munic\u00edpio de Bu\u00edque (PE), promoveu, na \u00faltima sexta-feira (20), atividades na regi\u00e3o para a reflex\u00e3o sobre o Dia da Consci\u00eancia Negra. O munic\u00edpio de Bu\u00edque fica a 280 km da capital pernambucana e integra o territ\u00f3rio da Diocese de Pesqueira.<\/p>\n<p><a href=\"http:\/\/ne2.caritas.org.br.s174889.gridserver.com\/2015\/11\/24\/dia-da-consciencia-negra-e-celebrado-interior-de-pe\/caritas-paroquial-santana-de-buique-006\/\" rel=\"attachment wp-att-2930\"><img decoding=\"async\" loading=\"lazy\" class=\"alignleft size-medium wp-image-2930\" title=\"C\u00e1ritas Paroquial Santana de Bu\u00edque 006\" src=\"http:\/\/ne2.caritas.org.br.s174889.gridserver.com\/wp-content\/uploads\/2015\/11\/C\u00e1ritas-Paroquial-Santana-de-Bu\u00edque-006-300x260.jpg\" alt=\"\" width=\"300\" height=\"260\" \/><\/a>A primeira a\u00e7\u00e3o ocorreu no sal\u00e3o paroquial da Igreja Matriz de S\u00e3o F\u00e9lix de Cantalice, no centro da cidade. L\u00e1 os moradores da regi\u00e3o tiveram a oportunidade de estudar os direitos humanos, enfatizando o tema do dia, e homenagear os que lutam pela igualdade e combatem a discrimina\u00e7\u00e3o.<\/p>\n<p>Ainda, na perspectiva de valorizar a cultura afro-brasileira, houve a apresenta\u00e7\u00e3o, na Escola Estadual Vig\u00e1rio Jo\u00e3o In\u00e1cio, de capoeira e samba de coco do grupo Mundo Novo, formado por 24 fam\u00edlias descendentes de escravos. Essa segunda atividade foi articulada pela professora Lucicleide Barbosa, tamb\u00e9m integrante da diretoria da C\u00e1ritas Paroquial.<\/p>\n<p>O Dia Nacional da Consci\u00eancia Negra foi institu\u00eddo em 2003, por meio de uma lei, fazendo refer\u00eancia ao dia da morte, em 1965, de Zumbi dos Palmares, homem que se tornou s\u00edmbolo da resist\u00eancia \u00e0 escravid\u00e3o no Brasil. Segundo o articulador da C\u00e1ritas Diocesana de Pesqueira, Risaldo Gomes, esses momentos s\u00e3o importantes para que sejam relembrados fatos da hist\u00f3ria brasileira e para que tamb\u00e9m as situa\u00e7\u00f5es de explora\u00e7\u00e3o e preconceito de ontem e de hoje n\u00e3o passem despercebidas. \u201cS\u00e9culos se passaram desde o exterm\u00ednio de Zumbi e a declara\u00e7\u00e3o de que o Brasil n\u00e3o \u00e9 um pa\u00eds racista continua uma fal\u00e1cia\u201d, destaca Gomes.<\/p>\n<p><em>\u00a0Com informa\u00e7\u00f5es da C\u00e1ritas Diocesana de Pesqueira<\/em><\/p>\n<ul class=\"ssb_list_wrapper\"><li class=\"fb2\" style=\"width:135px\"><iframe src=\"\/\/www.facebook.com\/plugins\/like.php?href=https%3A%2F%2Fwww.caritasne2.org.br%2Fsite%2Fdia-da-consciencia-negra-e-celebrado-interior-de-pe%2F&amp;layout=button_count&amp;action=like&amp;show_faces=false&amp;share=true&amp;width=135&amp;height=21&amp;appId=307091639398582\" scrolling=\"no\" frameborder=\"0\" style=\"border:none; overflow:hidden;  width:150px; height:21px;\" allowTransparency=\"true\"><\/iframe><\/li><li class=\"twtr\" style=\"width:90px\"><a href=\"https:\/\/twitter.com\/share\" class=\"twitter-share-button\" data-url=\"https:\/\/www.caritasne2.org.br\/site\/dia-da-consciencia-negra-e-celebrado-interior-de-pe\/\">&nbsp;<\/a><script>!function(d,s,id){var js,fjs=d.getElementsByTagName(s)[0],p=\/^http:\/.test(d.location)?'http':'https';if(!d.getElementById(id)){js=d.createElement(s);js.id=id;js.src=p+':\/\/platform.twitter.com\/widgets.js';fjs.parentNode.insertBefore(js,fjs);}}(document, 'script', 'twitter-wjs');<\/script><\/li><li class=\"gplus\" style=\"width:68px\"><div class=\"g-plusone\" data-size=\"medium\" data-href=\"https:\/\/www.caritasne2.org.br\/site\/dia-da-consciencia-negra-e-celebrado-interior-de-pe\/\"><\/div><\/li><li class=\"ssb_linkedin\" style=\"width:64px\"><script src=\"\/\/platform.linkedin.com\/in.js\" type=\"text\/javascript\">lang: en_US<\/script><script type=\"IN\/Share\" data-url=\"https:\/\/www.caritasne2.org.br\/site\/dia-da-consciencia-negra-e-celebrado-interior-de-pe\/\" data-counter=\"right\"><\/script><\/li><\/ul>","protected":false},"excerpt":{"rendered":"<p>A C\u00e1ritas Paroquial Santana de Bu\u00edque, do munic\u00edpio de Bu\u00edque (PE), promoveu, na \u00faltima sexta-feira (20), atividades na regi\u00e3o para a reflex\u00e3o sobre o Dia da Consci\u00eancia Negra. O munic\u00edpio de Bu\u00edque fica a 280 km da capital pernambucana e integra o territ\u00f3rio da Diocese de Pesqueira. A primeira a\u00e7\u00e3o ocorreu no sal\u00e3o paroquial da Igreja Matriz de S\u00e3o F\u00e9lix de Cantalice, no centro da [&hellip;]<\/p>\n<ul class=\"ssb_list_wrapper\"><li class=\"fb2\" style=\"width:135px\"><iframe src=\"\/\/www.facebook.com\/plugins\/like.php?href=https%3A%2F%2Fwww.caritasne2.org.br%2Fsite%2Fdia-da-consciencia-negra-e-celebrado-interior-de-pe%2F&amp;layout=button_count&amp;action=like&amp;show_faces=false&amp;share=true&amp;width=135&amp;height=21&amp;appId=307091639398582\" scrolling=\"no\" frameborder=\"0\" style=\"border:none; overflow:hidden;  width:150px; height:21px;\" allowTransparency=\"true\"><\/iframe><\/li><li class=\"twtr\" style=\"width:90px\"><a href=\"https:\/\/twitter.com\/share\" class=\"twitter-share-button\" data-url=\"https:\/\/www.caritasne2.org.br\/site\/dia-da-consciencia-negra-e-celebrado-interior-de-pe\/\">&nbsp;<\/a><script>!function(d,s,id){var js,fjs=d.getElementsByTagName(s)[0],p=\/^http:\/.test(d.location)?'http':'https';if(!d.getElementById(id)){js=d.createElement(s);js.id=id;js.src=p+':\/\/platform.twitter.com\/widgets.js';fjs.parentNode.insertBefore(js,fjs);}}(document, 'script', 'twitter-wjs');<\/script><\/li><li class=\"gplus\" style=\"width:68px\"><div class=\"g-plusone\" data-size=\"medium\" data-href=\"https:\/\/www.caritasne2.org.br\/site\/dia-da-consciencia-negra-e-celebrado-interior-de-pe\/\"><\/div><\/li><li class=\"ssb_linkedin\" style=\"width:64px\"><script src=\"\/\/platform.linkedin.com\/in.js\" type=\"text\/javascript\">lang: en_US<\/script><script type=\"IN\/Share\" data-url=\"https:\/\/www.caritasne2.org.br\/site\/dia-da-consciencia-negra-e-celebrado-interior-de-pe\/\" data-counter=\"right\"><\/script><\/li><\/ul>","protected":false},"author":4,"featured_media":2931,"comment_status":"open","ping_status":"open","sticky":false,"template":"","format":"standard","meta":[],"categories":[629,20],"tags":[628,59,630,67,147],"_links":{"self":[{"href":"https:\/\/www.caritasne2.org.br\/site\/wp-json\/wp\/v2\/posts\/2927"}],"collection":[{"href":"https:\/\/www.caritasne2.org.br\/site\/wp-json\/wp\/v2\/posts"}],"about":[{"href":"https:\/\/www.caritasne2.org.br\/site\/wp-json\/wp\/v2\/types\/post"}],"author":[{"embeddable":true,"href":"https:\/\/www.caritasne2.org.br\/site\/wp-json\/wp\/v2\/users\/4"}],"replies":[{"embeddable":true,"href":"https:\/\/www.caritasne2.org.br\/site\/wp-json\/wp\/v2\/comments?post=2927"}],"version-history":[{"count":0,"href":"https:\/\/www.caritasne2.org.br\/site\/wp-json\/wp\/v2\/posts\/2927\/revisions"}],"wp:featuredmedia":[{"embeddable":true,"href":"https:\/\/www.caritasne2.org.br\/site\/wp-json\/"}],"wp:attachment":[{"href":"https:\/\/www.caritasne2.org.br\/site\/wp-json\/wp\/v2\/media?parent=2927"}],"wp:term":[{"taxonomy":"category","embeddable":true,"href":"https:\/\/www.caritasne2.org.br\/site\/wp-json\/wp\/v2\/categories?post=2927"},{"taxonomy":"post_tag","embeddable":true,"href":"https:\/\/www.caritasne2.org.br\/site\/wp-json\/wp\/v2\/tags?post=2927"}],"curies":[{"name":"wp","href":"https:\/\/api.w.org\/{rel}","templated":true}]}}