{"id":2915,"date":"2015-11-23T15:00:07","date_gmt":"2015-11-23T17:00:07","guid":{"rendered":"http:\/\/ne2.caritas.org.br.s174889.gridserver.com\/?p=2915"},"modified":"2017-07-11T15:18:46","modified_gmt":"2017-07-11T18:18:46","slug":"migracao-refugio-e-tema-de-audiencia-publica-em-pe","status":"publish","type":"post","link":"https:\/\/www.caritasne2.org.br\/site\/migracao-refugio-e-tema-de-audiencia-publica-em-pe\/","title":{"rendered":"Audi\u00eancia p\u00fablica discute pol\u00edticas de apoio a migrantes e refugiados em PE"},"content":{"rendered":"<p style=\"text-align: justify;\">A Comiss\u00e3o de Assuntos Internacionais da Assembleia Legislativa de Pernambuco promoveu, na \u00faltima quarta-feira (18), a audi\u00eancia p\u00fablica \u201cMigra\u00e7\u00e3o e Ref\u00fagio: Desenvolvimento de Pol\u00edticas P\u00fablicas para Inser\u00e7\u00e3o Social e Econ\u00f4mica no Estado de Pernambuco\u201d. O evento, realizado na capital pernambucana, reuniu parlamentares, representantes da Prefeitura do Recife e de organiza\u00e7\u00f5es da sociedade civil, migrantes, refugiados e estudiosos do tema.<\/p>\n<p style=\"text-align: justify;\">A a\u00e7\u00e3o foi uma oportunidade para partilhar informa\u00e7\u00f5es sobre o tema e discutir a\u00e7\u00f5es concretas que podem ser desenvolvidas para acolher e integrar os refugiados no Estado de Pernambuco. Na oportunidade, a C\u00e1ritas Regional NE2 foi representada pelo comunicador Wagner Ferreira. \u201cFizemos quest\u00e3o, nessa audi\u00eancia, de mostrar que a C\u00e1ritas tem total interesse de participar desses f\u00f3runs de discuss\u00e3o e, junto com a experi\u00eancia que temos em outras situa\u00e7\u00f5es de emerg\u00eancia, construir pol\u00edticas p\u00fablicas que permitam a recep\u00e7\u00e3o e integra\u00e7\u00e3o desses que buscam ref\u00fagio\u201d, disse.<\/p>\n<p style=\"text-align: justify;\">Foram sugeridos pelos participantes v\u00e1rios encaminhamentos, como a cria\u00e7\u00e3o de uma rede de institui\u00e7\u00f5es que possam dar assist\u00eancia aos estrangeiros, a articula\u00e7\u00e3o, junto aos governos, para a constru\u00e7\u00e3o de espa\u00e7os f\u00edsicos para abrig\u00e1-los adequadamente, a cria\u00e7\u00e3o, por meio de uma lei estadual, de um dia oficial, a cada ano, para a discuss\u00e3o e conscientiza\u00e7\u00e3o, combatendo, nesse sentido a pr\u00e1tica de xenofobia.<\/p>\n<p style=\"text-align: justify;\">A audi\u00eancia foi solicitada pelo Escrit\u00f3rio de Assist\u00eancia \u00e0 Cidadania Africana em Pernambuco, que atua no acolhimento de migrantes e refugiados oriundos do continente africano.<\/p>\n<p style=\"text-align: justify;\">Por Wagner Cesario | Assessoria de Comunica\u00e7\u00e3o C\u00e1ritas NE2<\/p>\n<p>&nbsp;<\/p>\n<ul class=\"ssb_list_wrapper\"><li class=\"fb2\" style=\"width:135px\"><iframe src=\"\/\/www.facebook.com\/plugins\/like.php?href=https%3A%2F%2Fwww.caritasne2.org.br%2Fsite%2Fmigracao-refugio-e-tema-de-audiencia-publica-em-pe%2F&amp;layout=button_count&amp;action=like&amp;show_faces=false&amp;share=true&amp;width=135&amp;height=21&amp;appId=307091639398582\" scrolling=\"no\" frameborder=\"0\" style=\"border:none; overflow:hidden;  width:150px; height:21px;\" allowTransparency=\"true\"><\/iframe><\/li><li class=\"twtr\" style=\"width:90px\"><a href=\"https:\/\/twitter.com\/share\" class=\"twitter-share-button\" data-url=\"https:\/\/www.caritasne2.org.br\/site\/migracao-refugio-e-tema-de-audiencia-publica-em-pe\/\">&nbsp;<\/a><script>!function(d,s,id){var js,fjs=d.getElementsByTagName(s)[0],p=\/^http:\/.test(d.location)?'http':'https';if(!d.getElementById(id)){js=d.createElement(s);js.id=id;js.src=p+':\/\/platform.twitter.com\/widgets.js';fjs.parentNode.insertBefore(js,fjs);}}(document, 'script', 'twitter-wjs');<\/script><\/li><li class=\"gplus\" style=\"width:68px\"><div class=\"g-plusone\" data-size=\"medium\" data-href=\"https:\/\/www.caritasne2.org.br\/site\/migracao-refugio-e-tema-de-audiencia-publica-em-pe\/\"><\/div><\/li><li class=\"ssb_linkedin\" style=\"width:64px\"><script src=\"\/\/platform.linkedin.com\/in.js\" type=\"text\/javascript\">lang: en_US<\/script><script type=\"IN\/Share\" data-url=\"https:\/\/www.caritasne2.org.br\/site\/migracao-refugio-e-tema-de-audiencia-publica-em-pe\/\" data-counter=\"right\"><\/script><\/li><\/ul>","protected":false},"excerpt":{"rendered":"<p>A Comiss\u00e3o de Assuntos Internacionais da Assembleia Legislativa de Pernambuco promoveu, na \u00faltima quarta-feira (18), a audi\u00eancia p\u00fablica \u201cMigra\u00e7\u00e3o e Ref\u00fagio: Desenvolvimento de Pol\u00edticas P\u00fablicas para Inser\u00e7\u00e3o Social e Econ\u00f4mica no Estado de Pernambuco\u201d. O evento, realizado na capital pernambucana, reuniu parlamentares, representantes da Prefeitura do Recife e de organiza\u00e7\u00f5es da sociedade civil, migrantes, refugiados e estudiosos do tema. A a\u00e7\u00e3o foi uma oportunidade para [&hellip;]<\/p>\n<ul class=\"ssb_list_wrapper\"><li class=\"fb2\" style=\"width:135px\"><iframe src=\"\/\/www.facebook.com\/plugins\/like.php?href=https%3A%2F%2Fwww.caritasne2.org.br%2Fsite%2Fmigracao-refugio-e-tema-de-audiencia-publica-em-pe%2F&amp;layout=button_count&amp;action=like&amp;show_faces=false&amp;share=true&amp;width=135&amp;height=21&amp;appId=307091639398582\" scrolling=\"no\" frameborder=\"0\" style=\"border:none; overflow:hidden;  width:150px; height:21px;\" allowTransparency=\"true\"><\/iframe><\/li><li class=\"twtr\" style=\"width:90px\"><a href=\"https:\/\/twitter.com\/share\" class=\"twitter-share-button\" data-url=\"https:\/\/www.caritasne2.org.br\/site\/migracao-refugio-e-tema-de-audiencia-publica-em-pe\/\">&nbsp;<\/a><script>!function(d,s,id){var js,fjs=d.getElementsByTagName(s)[0],p=\/^http:\/.test(d.location)?'http':'https';if(!d.getElementById(id)){js=d.createElement(s);js.id=id;js.src=p+':\/\/platform.twitter.com\/widgets.js';fjs.parentNode.insertBefore(js,fjs);}}(document, 'script', 'twitter-wjs');<\/script><\/li><li class=\"gplus\" style=\"width:68px\"><div class=\"g-plusone\" data-size=\"medium\" data-href=\"https:\/\/www.caritasne2.org.br\/site\/migracao-refugio-e-tema-de-audiencia-publica-em-pe\/\"><\/div><\/li><li class=\"ssb_linkedin\" style=\"width:64px\"><script src=\"\/\/platform.linkedin.com\/in.js\" type=\"text\/javascript\">lang: en_US<\/script><script type=\"IN\/Share\" data-url=\"https:\/\/www.caritasne2.org.br\/site\/migracao-refugio-e-tema-de-audiencia-publica-em-pe\/\" data-counter=\"right\"><\/script><\/li><\/ul>","protected":false},"author":4,"featured_media":2916,"comment_status":"open","ping_status":"open","sticky":false,"template":"","format":"standard","meta":[],"categories":[20,623],"tags":[362,67,626,151,622,627],"_links":{"self":[{"href":"https:\/\/www.caritasne2.org.br\/site\/wp-json\/wp\/v2\/posts\/2915"}],"collection":[{"href":"https:\/\/www.caritasne2.org.br\/site\/wp-json\/wp\/v2\/posts"}],"about":[{"href":"https:\/\/www.caritasne2.org.br\/site\/wp-json\/wp\/v2\/types\/post"}],"author":[{"embeddable":true,"href":"https:\/\/www.caritasne2.org.br\/site\/wp-json\/wp\/v2\/users\/4"}],"replies":[{"embeddable":true,"href":"https:\/\/www.caritasne2.org.br\/site\/wp-json\/wp\/v2\/comments?post=2915"}],"version-history":[{"count":0,"href":"https:\/\/www.caritasne2.org.br\/site\/wp-json\/wp\/v2\/posts\/2915\/revisions"}],"wp:featuredmedia":[{"embeddable":true,"href":"https:\/\/www.caritasne2.org.br\/site\/wp-json\/"}],"wp:attachment":[{"href":"https:\/\/www.caritasne2.org.br\/site\/wp-json\/wp\/v2\/media?parent=2915"}],"wp:term":[{"taxonomy":"category","embeddable":true,"href":"https:\/\/www.caritasne2.org.br\/site\/wp-json\/wp\/v2\/categories?post=2915"},{"taxonomy":"post_tag","embeddable":true,"href":"https:\/\/www.caritasne2.org.br\/site\/wp-json\/wp\/v2\/tags?post=2915"}],"curies":[{"name":"wp","href":"https:\/\/api.w.org\/{rel}","templated":true}]}}