{"id":2891,"date":"2015-11-18T12:12:16","date_gmt":"2015-11-18T14:12:16","guid":{"rendered":"http:\/\/ne2.caritas.org.br.s174889.gridserver.com\/?p=2891"},"modified":"2017-07-11T15:18:46","modified_gmt":"2017-07-11T18:18:46","slug":"seminario-debate-convivencia-semiarido-sertao-de-pe","status":"publish","type":"post","link":"https:\/\/www.caritasne2.org.br\/site\/seminario-debate-convivencia-semiarido-sertao-de-pe\/","title":{"rendered":"Semin\u00e1rio debate conviv\u00eancia com semi\u00e1rido no sert\u00e3o de PE"},"content":{"rendered":"<p style=\"text-align: justify;\">A Associa\u00e7\u00e3o Provida promove, nesta quinta-feira (19), o \u201c1\u00ba Semin\u00e1rio de Conviv\u00eancia com o Semi\u00e1rido \u2013 Agricultura e \u00c1gua\u201d, na cidade de Inaj\u00e1, no sert\u00e3o pernambucano. Os organizadores esperam 200 participantes, entre eles, agricultores, t\u00e9cnicos e especialistas de entidades ligadas ao tema.<\/p>\n<p style=\"text-align: justify;\">No centro da discuss\u00e3o, est\u00e1 o uso dos len\u00e7\u00f3is fre\u00e1ticos da regi\u00e3o que v\u00eam sofrendo, segundo os organizadores, grande explora\u00e7\u00e3o nos \u00faltimos anos. Para o padre Luciano Aguiar, presidente da Provida, a constru\u00e7\u00e3o de po\u00e7os e o uso abusivo da \u00e1gua, sobretudo pela ind\u00fastria, t\u00eam provocado um impacto na agricultura e a expectativa, a partir das discuss\u00f5es do evento, \u00e9 conscientizar as comunidades sobre o consumo sustent\u00e1vel.<\/p>\n<p style=\"text-align: justify;\">Na mesa de debates, o secret\u00e1rio regional da C\u00e1ritas NE2, Angelo Zanr\u00e9, abordar\u00e1 o tema \u201cCidadania e \u00e1gua na constru\u00e7\u00e3o de uma sociedade organizada\u201d. O encontro, apoiado pelo Fundo Nacional de Solidariedade, come\u00e7a \u00e0s 8h e encerra \u00e0s 13h, na Escola de Refer\u00eancia Municipal Ant\u00f4nio Guilherme Dias Lima, em Inaj\u00e1.<\/p>\n<p style=\"text-align: justify;\">por Assessoria de Comunica\u00e7\u00e3o C\u00e1ritas Brasileira Regional NE2<\/p>\n<p style=\"text-align: justify;\">Foto: arquivo\u00a0<em>C\u00e1ritas Diocesana de Crate\u00fas<\/em><\/p>\n<p style=\"text-align: justify;\">\n<ul class=\"ssb_list_wrapper\"><li class=\"fb2\" style=\"width:135px\"><iframe src=\"\/\/www.facebook.com\/plugins\/like.php?href=https%3A%2F%2Fwww.caritasne2.org.br%2Fsite%2Fseminario-debate-convivencia-semiarido-sertao-de-pe%2F&amp;layout=button_count&amp;action=like&amp;show_faces=false&amp;share=true&amp;width=135&amp;height=21&amp;appId=307091639398582\" scrolling=\"no\" frameborder=\"0\" style=\"border:none; overflow:hidden;  width:150px; height:21px;\" allowTransparency=\"true\"><\/iframe><\/li><li class=\"twtr\" style=\"width:90px\"><a href=\"https:\/\/twitter.com\/share\" class=\"twitter-share-button\" data-url=\"https:\/\/www.caritasne2.org.br\/site\/seminario-debate-convivencia-semiarido-sertao-de-pe\/\">&nbsp;<\/a><script>!function(d,s,id){var js,fjs=d.getElementsByTagName(s)[0],p=\/^http:\/.test(d.location)?'http':'https';if(!d.getElementById(id)){js=d.createElement(s);js.id=id;js.src=p+':\/\/platform.twitter.com\/widgets.js';fjs.parentNode.insertBefore(js,fjs);}}(document, 'script', 'twitter-wjs');<\/script><\/li><li class=\"gplus\" style=\"width:68px\"><div class=\"g-plusone\" data-size=\"medium\" data-href=\"https:\/\/www.caritasne2.org.br\/site\/seminario-debate-convivencia-semiarido-sertao-de-pe\/\"><\/div><\/li><li class=\"ssb_linkedin\" style=\"width:64px\"><script src=\"\/\/platform.linkedin.com\/in.js\" type=\"text\/javascript\">lang: en_US<\/script><script type=\"IN\/Share\" data-url=\"https:\/\/www.caritasne2.org.br\/site\/seminario-debate-convivencia-semiarido-sertao-de-pe\/\" data-counter=\"right\"><\/script><\/li><\/ul>","protected":false},"excerpt":{"rendered":"<p>A Associa\u00e7\u00e3o Provida promove, nesta quinta-feira (19), o \u201c1\u00ba Semin\u00e1rio de Conviv\u00eancia com o Semi\u00e1rido \u2013 Agricultura e \u00c1gua\u201d, na cidade de Inaj\u00e1, no sert\u00e3o pernambucano. Os organizadores esperam 200 participantes, entre eles, agricultores, t\u00e9cnicos e especialistas de entidades ligadas ao tema. No centro da discuss\u00e3o, est\u00e1 o uso dos len\u00e7\u00f3is fre\u00e1ticos da regi\u00e3o que v\u00eam sofrendo, segundo os organizadores, grande explora\u00e7\u00e3o nos \u00faltimos anos. [&hellip;]<\/p>\n<ul class=\"ssb_list_wrapper\"><li class=\"fb2\" style=\"width:135px\"><iframe src=\"\/\/www.facebook.com\/plugins\/like.php?href=https%3A%2F%2Fwww.caritasne2.org.br%2Fsite%2Fseminario-debate-convivencia-semiarido-sertao-de-pe%2F&amp;layout=button_count&amp;action=like&amp;show_faces=false&amp;share=true&amp;width=135&amp;height=21&amp;appId=307091639398582\" scrolling=\"no\" frameborder=\"0\" style=\"border:none; overflow:hidden;  width:150px; height:21px;\" allowTransparency=\"true\"><\/iframe><\/li><li class=\"twtr\" style=\"width:90px\"><a href=\"https:\/\/twitter.com\/share\" class=\"twitter-share-button\" data-url=\"https:\/\/www.caritasne2.org.br\/site\/seminario-debate-convivencia-semiarido-sertao-de-pe\/\">&nbsp;<\/a><script>!function(d,s,id){var js,fjs=d.getElementsByTagName(s)[0],p=\/^http:\/.test(d.location)?'http':'https';if(!d.getElementById(id)){js=d.createElement(s);js.id=id;js.src=p+':\/\/platform.twitter.com\/widgets.js';fjs.parentNode.insertBefore(js,fjs);}}(document, 'script', 'twitter-wjs');<\/script><\/li><li class=\"gplus\" style=\"width:68px\"><div class=\"g-plusone\" data-size=\"medium\" data-href=\"https:\/\/www.caritasne2.org.br\/site\/seminario-debate-convivencia-semiarido-sertao-de-pe\/\"><\/div><\/li><li class=\"ssb_linkedin\" style=\"width:64px\"><script src=\"\/\/platform.linkedin.com\/in.js\" type=\"text\/javascript\">lang: en_US<\/script><script type=\"IN\/Share\" data-url=\"https:\/\/www.caritasne2.org.br\/site\/seminario-debate-convivencia-semiarido-sertao-de-pe\/\" data-counter=\"right\"><\/script><\/li><\/ul>","protected":false},"author":4,"featured_media":2908,"comment_status":"open","ping_status":"open","sticky":false,"template":"","format":"standard","meta":[],"categories":[72,20],"tags":[90,59,132,67,624,625],"_links":{"self":[{"href":"https:\/\/www.caritasne2.org.br\/site\/wp-json\/wp\/v2\/posts\/2891"}],"collection":[{"href":"https:\/\/www.caritasne2.org.br\/site\/wp-json\/wp\/v2\/posts"}],"about":[{"href":"https:\/\/www.caritasne2.org.br\/site\/wp-json\/wp\/v2\/types\/post"}],"author":[{"embeddable":true,"href":"https:\/\/www.caritasne2.org.br\/site\/wp-json\/wp\/v2\/users\/4"}],"replies":[{"embeddable":true,"href":"https:\/\/www.caritasne2.org.br\/site\/wp-json\/wp\/v2\/comments?post=2891"}],"version-history":[{"count":0,"href":"https:\/\/www.caritasne2.org.br\/site\/wp-json\/wp\/v2\/posts\/2891\/revisions"}],"wp:featuredmedia":[{"embeddable":true,"href":"https:\/\/www.caritasne2.org.br\/site\/wp-json\/"}],"wp:attachment":[{"href":"https:\/\/www.caritasne2.org.br\/site\/wp-json\/wp\/v2\/media?parent=2891"}],"wp:term":[{"taxonomy":"category","embeddable":true,"href":"https:\/\/www.caritasne2.org.br\/site\/wp-json\/wp\/v2\/categories?post=2891"},{"taxonomy":"post_tag","embeddable":true,"href":"https:\/\/www.caritasne2.org.br\/site\/wp-json\/wp\/v2\/tags?post=2891"}],"curies":[{"name":"wp","href":"https:\/\/api.w.org\/{rel}","templated":true}]}}