{"id":2881,"date":"2015-11-17T19:56:04","date_gmt":"2015-11-17T21:56:04","guid":{"rendered":"http:\/\/ne2.caritas.org.br.s174889.gridserver.com\/?p=2881"},"modified":"2017-07-11T15:18:46","modified_gmt":"2017-07-11T18:18:46","slug":"caritas-ne2-participa-de-evento-sobre-refugiados-recife","status":"publish","type":"post","link":"https:\/\/www.caritasne2.org.br\/site\/caritas-ne2-participa-de-evento-sobre-refugiados-recife\/","title":{"rendered":"C\u00e1ritas participa de evento sobre refugiados no Recife"},"content":{"rendered":"<p style=\"text-align: justify;\">Na noite da \u00faltima sexta-feira (13), as organiza\u00e7\u00f5es da sociedade civil com experi\u00eancia no atendimento aos refugiados foram as convidadas do encontro \u201cRefugiados \u2013 uma barreira sem fronteiras\u201d, da Faculdade Est\u00e1cio, no Recife. Na ocasi\u00e3o, o comunicador do Regional NE2, Wagner Ferreira, falou em nome da C\u00e1ritas Brasileira e dividiu a mesa de debates com o gestor do Escrit\u00f3rio de Assist\u00eancia \u00e0 Cidadania Africana em Pernambuco, Altino Mulungu, e a representante da Cl\u00ednica de Direitos Humanos da Faculdade Damas, Maeli Farias.<\/p>\n<p style=\"text-align: justify;\">O evento teve como objetivo apresentar ao p\u00fablico as iniciativas que v\u00eam sendo realizadas pelas entidades em fun\u00e7\u00e3o, sobretudo, dessa crise humanit\u00e1ria que atinge a S\u00edria. Em rela\u00e7\u00e3o \u00e0 C\u00e1ritas, foi abordada a hist\u00f3ria da institui\u00e7\u00e3o em rela\u00e7\u00e3o ao tema, bem como a a\u00e7\u00e3o desenvolvida nas C\u00e1ritas Arquidiocesanas de S\u00e3o Paulo e do Rio de Janeiro, que tem servido de refer\u00eancia para as demais entidades-membros do pa\u00eds. \u201c\u00c9 importante destacar que o tema do evento \u00e9 muito significativo para a C\u00e1ritas, porque tem como enfoque principal a vida, a vida de pessoas que est\u00e3o deixando suas casas, seus pa\u00edses, em busca de uma vida melhor\u201d, disse Ferreira.<\/p>\n<p style=\"text-align: justify;\">Ainda, durante as apresenta\u00e7\u00f5es, foram apresentados desafios e propostas para o acolhimento e integra\u00e7\u00e3o desses refugiados em Pernambuco. \u201cN\u00e3o podemos abrir m\u00e3o de, junto com as outras institui\u00e7\u00f5es, formarmos uma rede que favore\u00e7a a coopera\u00e7\u00e3o nesse trabalho que tende a aumentar cada vez mais na nossa regi\u00e3o\u201d, destacou o comunicador.<\/p>\n<p style=\"text-align: justify;\">Nos dias anteriores, houve a participa\u00e7\u00e3o, nas mesas de discuss\u00e3o, de especialistas em Direitos Humanos, de refugiados, de professores e estudantes de Rela\u00e7\u00f5es Internacionais.<\/p>\n<p style=\"text-align: justify;\"><strong>\u00a0Audi\u00eancia P\u00fablica<\/strong><\/p>\n<p style=\"text-align: justify;\">Na pr\u00f3xima quarta-feira (18), a convite da Comiss\u00e3o de Assuntos Internacionais da Assembleia Legislativa de Pernambuco (Alepe), ser\u00e1 realizada uma audi\u00eancia p\u00fablica com o tema \u201cMigra\u00e7\u00e3o e Ref\u00fagio: Desenvolvimento de Pol\u00edticas P\u00fablicas para Inser\u00e7\u00e3o Social e Econ\u00f4mica no Estado de Pernambuco\u201d. O evento come\u00e7a \u00e0s 16h, no audit\u00f3rio da Alepe e est\u00e3o previstas as presen\u00e7as de representantes do governo estadual de organiza\u00e7\u00f5es da sociedade civil, refugiados e estudiosos do tema.<\/p>\n<p style=\"text-align: justify;\">Assessoria de Comunica\u00e7\u00e3o C\u00e1ritas Brasileira Regional NE2<\/p>\n<p>&nbsp;<\/p>\n<ul class=\"ssb_list_wrapper\"><li class=\"fb2\" style=\"width:135px\"><iframe src=\"\/\/www.facebook.com\/plugins\/like.php?href=https%3A%2F%2Fwww.caritasne2.org.br%2Fsite%2Fcaritas-ne2-participa-de-evento-sobre-refugiados-recife%2F&amp;layout=button_count&amp;action=like&amp;show_faces=false&amp;share=true&amp;width=135&amp;height=21&amp;appId=307091639398582\" scrolling=\"no\" frameborder=\"0\" style=\"border:none; overflow:hidden;  width:150px; height:21px;\" allowTransparency=\"true\"><\/iframe><\/li><li class=\"twtr\" style=\"width:90px\"><a href=\"https:\/\/twitter.com\/share\" class=\"twitter-share-button\" data-url=\"https:\/\/www.caritasne2.org.br\/site\/caritas-ne2-participa-de-evento-sobre-refugiados-recife\/\">&nbsp;<\/a><script>!function(d,s,id){var js,fjs=d.getElementsByTagName(s)[0],p=\/^http:\/.test(d.location)?'http':'https';if(!d.getElementById(id)){js=d.createElement(s);js.id=id;js.src=p+':\/\/platform.twitter.com\/widgets.js';fjs.parentNode.insertBefore(js,fjs);}}(document, 'script', 'twitter-wjs');<\/script><\/li><li class=\"gplus\" style=\"width:68px\"><div class=\"g-plusone\" data-size=\"medium\" data-href=\"https:\/\/www.caritasne2.org.br\/site\/caritas-ne2-participa-de-evento-sobre-refugiados-recife\/\"><\/div><\/li><li class=\"ssb_linkedin\" style=\"width:64px\"><script src=\"\/\/platform.linkedin.com\/in.js\" type=\"text\/javascript\">lang: en_US<\/script><script type=\"IN\/Share\" data-url=\"https:\/\/www.caritasne2.org.br\/site\/caritas-ne2-participa-de-evento-sobre-refugiados-recife\/\" data-counter=\"right\"><\/script><\/li><\/ul>","protected":false},"excerpt":{"rendered":"<p>Na noite da \u00faltima sexta-feira (13), as organiza\u00e7\u00f5es da sociedade civil com experi\u00eancia no atendimento aos refugiados foram as convidadas do encontro \u201cRefugiados \u2013 uma barreira sem fronteiras\u201d, da Faculdade Est\u00e1cio, no Recife. Na ocasi\u00e3o, o comunicador do Regional NE2, Wagner Ferreira, falou em nome da C\u00e1ritas Brasileira e dividiu a mesa de debates com o gestor do Escrit\u00f3rio de Assist\u00eancia \u00e0 Cidadania Africana em [&hellip;]<\/p>\n<ul class=\"ssb_list_wrapper\"><li class=\"fb2\" style=\"width:135px\"><iframe src=\"\/\/www.facebook.com\/plugins\/like.php?href=https%3A%2F%2Fwww.caritasne2.org.br%2Fsite%2Fcaritas-ne2-participa-de-evento-sobre-refugiados-recife%2F&amp;layout=button_count&amp;action=like&amp;show_faces=false&amp;share=true&amp;width=135&amp;height=21&amp;appId=307091639398582\" scrolling=\"no\" frameborder=\"0\" style=\"border:none; overflow:hidden;  width:150px; height:21px;\" allowTransparency=\"true\"><\/iframe><\/li><li class=\"twtr\" style=\"width:90px\"><a href=\"https:\/\/twitter.com\/share\" class=\"twitter-share-button\" data-url=\"https:\/\/www.caritasne2.org.br\/site\/caritas-ne2-participa-de-evento-sobre-refugiados-recife\/\">&nbsp;<\/a><script>!function(d,s,id){var js,fjs=d.getElementsByTagName(s)[0],p=\/^http:\/.test(d.location)?'http':'https';if(!d.getElementById(id)){js=d.createElement(s);js.id=id;js.src=p+':\/\/platform.twitter.com\/widgets.js';fjs.parentNode.insertBefore(js,fjs);}}(document, 'script', 'twitter-wjs');<\/script><\/li><li class=\"gplus\" style=\"width:68px\"><div class=\"g-plusone\" data-size=\"medium\" data-href=\"https:\/\/www.caritasne2.org.br\/site\/caritas-ne2-participa-de-evento-sobre-refugiados-recife\/\"><\/div><\/li><li class=\"ssb_linkedin\" style=\"width:64px\"><script src=\"\/\/platform.linkedin.com\/in.js\" type=\"text\/javascript\">lang: en_US<\/script><script type=\"IN\/Share\" data-url=\"https:\/\/www.caritasne2.org.br\/site\/caritas-ne2-participa-de-evento-sobre-refugiados-recife\/\" data-counter=\"right\"><\/script><\/li><\/ul>","protected":false},"author":4,"featured_media":2882,"comment_status":"open","ping_status":"open","sticky":false,"template":"","format":"standard","meta":[],"categories":[20,623],"tags":[67,621,622],"_links":{"self":[{"href":"https:\/\/www.caritasne2.org.br\/site\/wp-json\/wp\/v2\/posts\/2881"}],"collection":[{"href":"https:\/\/www.caritasne2.org.br\/site\/wp-json\/wp\/v2\/posts"}],"about":[{"href":"https:\/\/www.caritasne2.org.br\/site\/wp-json\/wp\/v2\/types\/post"}],"author":[{"embeddable":true,"href":"https:\/\/www.caritasne2.org.br\/site\/wp-json\/wp\/v2\/users\/4"}],"replies":[{"embeddable":true,"href":"https:\/\/www.caritasne2.org.br\/site\/wp-json\/wp\/v2\/comments?post=2881"}],"version-history":[{"count":0,"href":"https:\/\/www.caritasne2.org.br\/site\/wp-json\/wp\/v2\/posts\/2881\/revisions"}],"wp:featuredmedia":[{"embeddable":true,"href":"https:\/\/www.caritasne2.org.br\/site\/wp-json\/"}],"wp:attachment":[{"href":"https:\/\/www.caritasne2.org.br\/site\/wp-json\/wp\/v2\/media?parent=2881"}],"wp:term":[{"taxonomy":"category","embeddable":true,"href":"https:\/\/www.caritasne2.org.br\/site\/wp-json\/wp\/v2\/categories?post=2881"},{"taxonomy":"post_tag","embeddable":true,"href":"https:\/\/www.caritasne2.org.br\/site\/wp-json\/wp\/v2\/tags?post=2881"}],"curies":[{"name":"wp","href":"https:\/\/api.w.org\/{rel}","templated":true}]}}