{"id":2866,"date":"2015-11-17T15:44:10","date_gmt":"2015-11-17T17:44:10","guid":{"rendered":"http:\/\/ne2.caritas.org.br.s174889.gridserver.com\/?p=2866"},"modified":"2017-07-11T15:18:46","modified_gmt":"2017-07-11T18:18:46","slug":"capacitacao-aborda-educacao-contextualizada-para-convivencia-semiarido","status":"publish","type":"post","link":"https:\/\/www.caritasne2.org.br\/site\/capacitacao-aborda-educacao-contextualizada-para-convivencia-semiarido\/","title":{"rendered":"Capacita\u00e7\u00e3o aborda educa\u00e7\u00e3o contextualizada para conviv\u00eancia com o semi\u00e1rido"},"content":{"rendered":"<p style=\"text-align: justify;\">A C\u00e1ritas Diocesana de Palmeira dos \u00cdndios concluiu, nos dias 12 e 13 deste m\u00eas, com a participa\u00e7\u00e3o de 30 professores, o 3\u00ba m\u00f3dulo da Oficina de Educa\u00e7\u00e3o Contextualizada para a Conviv\u00eancia com o Semi\u00e1rido, em Monteir\u00f3polis (AL).<\/p>\n<p style=\"text-align: justify;\">A iniciativa faz parte do Projeto Cisternas nas Escolas e pretende estimular uma vis\u00e3o mais ampla dos educadores a respeito do tema, mostrando o quanto eles podem fazer mudan\u00e7as, a partir de uma forma\u00e7\u00e3o diferenciada, sobretudo nas 18 escolas rurais nos munic\u00edpios de Monteir\u00f3polis e P\u00e3o de A\u00e7\u00facar, onde eles atuam.<\/p>\n<p style=\"text-align: justify;\">Na capacita\u00e7\u00e3o, o professor Marco Gomes abordou a &#8220;Constru\u00e7\u00e3o do Projeto Pol\u00edtico Pedag\u00f3gico (PPP) nas escolas campo com suas especificidades\u201d, refletindo sobre o perfil das comunidades rurais produzido pelos professores e professoras a partir dos trabalhos realizados nas oficinas anteriores e, sobretudo, para a necessidade de manter-se um di\u00e1logo permanente com a comunidade escolar para execu\u00e7\u00e3o do PPP.<\/p>\n<p style=\"text-align: justify;\">J\u00e1 a representante do setor de educa\u00e7\u00e3o do Movimento dos Trabalhadores Rurais Sem Terra (MST) de Alagoas, Luana Pom\u00e9, fez uma breve an\u00e1lise de conjuntura e um relato das experi\u00eancias e trabalhos desenvolvidos nas escolas de assentamentos pelo setor que ela faz parte no movimento no estado de Alagoas. Al\u00e9m de inspirar e provocar uma reflex\u00e3o sobre a participa\u00e7\u00e3o e import\u00e2ncia dos professores nesse processo de transforma\u00e7\u00e3o, a representante do MST destacou que os movimentos de luta e resist\u00eancia dos educadores s\u00e3o indispens\u00e1veis para ampliar as possibilidades e apressar as mudan\u00e7as que se fazem necess\u00e1rias dentro e fora dos muros das escolas.<\/p>\n<p style=\"text-align: justify;\">O p\u00e1roco de Monteir\u00f3polis, padre Bruno de Oliveira, falou sobre a Enc\u00edclica Papal Laudato Si \u2013 sobre o cuidado da casa comum. No final, a articuladora da C\u00e1ritas Regional NE2, Maria Aparecida Mafra, tratou do papel dos professores na mudan\u00e7a das pr\u00e1ticas a partir dos conhecimentos adquiridos com a forma\u00e7\u00e3o.<\/p>\n<p style=\"text-align: justify;\"><a href=\"http:\/\/ne2.caritas.org.br.s174889.gridserver.com\/2015\/11\/17\/capacitacao-aborda-educacao-contextualizada-para-convivencia-semiarido\/seminario-educacao-contextualizada-2-2\/\" rel=\"attachment wp-att-2870\"><img decoding=\"async\" loading=\"lazy\" class=\"aligncenter size-medium wp-image-2870\" title=\"Semin\u00e1rio Educa\u00e7\u00e3o Contextualizada 2\" src=\"http:\/\/ne2.caritas.org.br.s174889.gridserver.com\/wp-content\/uploads\/2015\/11\/Semin\u00e1rio-Educa\u00e7\u00e3o-Contextualizada-21-300x192.jpg\" alt=\"\" width=\"300\" height=\"192\" \/><\/a><\/p>\n<p style=\"text-align: justify;\">Por Wagner Cesario | Assessoria de Comunica\u00e7\u00e3o da C\u00e1ritas Brasileira NE2.<\/p>\n<p style=\"text-align: justify;\">Fotos: arquivo C\u00e1ritas Diocesana de Palmeira dos \u00cdndios<\/p>\n<ul class=\"ssb_list_wrapper\"><li class=\"fb2\" style=\"width:135px\"><iframe src=\"\/\/www.facebook.com\/plugins\/like.php?href=https%3A%2F%2Fwww.caritasne2.org.br%2Fsite%2Fcapacitacao-aborda-educacao-contextualizada-para-convivencia-semiarido%2F&amp;layout=button_count&amp;action=like&amp;show_faces=false&amp;share=true&amp;width=135&amp;height=21&amp;appId=307091639398582\" scrolling=\"no\" frameborder=\"0\" style=\"border:none; overflow:hidden;  width:150px; height:21px;\" allowTransparency=\"true\"><\/iframe><\/li><li class=\"twtr\" style=\"width:90px\"><a href=\"https:\/\/twitter.com\/share\" class=\"twitter-share-button\" data-url=\"https:\/\/www.caritasne2.org.br\/site\/capacitacao-aborda-educacao-contextualizada-para-convivencia-semiarido\/\">&nbsp;<\/a><script>!function(d,s,id){var js,fjs=d.getElementsByTagName(s)[0],p=\/^http:\/.test(d.location)?'http':'https';if(!d.getElementById(id)){js=d.createElement(s);js.id=id;js.src=p+':\/\/platform.twitter.com\/widgets.js';fjs.parentNode.insertBefore(js,fjs);}}(document, 'script', 'twitter-wjs');<\/script><\/li><li class=\"gplus\" style=\"width:68px\"><div class=\"g-plusone\" data-size=\"medium\" data-href=\"https:\/\/www.caritasne2.org.br\/site\/capacitacao-aborda-educacao-contextualizada-para-convivencia-semiarido\/\"><\/div><\/li><li class=\"ssb_linkedin\" style=\"width:64px\"><script src=\"\/\/platform.linkedin.com\/in.js\" type=\"text\/javascript\">lang: en_US<\/script><script type=\"IN\/Share\" data-url=\"https:\/\/www.caritasne2.org.br\/site\/capacitacao-aborda-educacao-contextualizada-para-convivencia-semiarido\/\" data-counter=\"right\"><\/script><\/li><\/ul>","protected":false},"excerpt":{"rendered":"<p>A C\u00e1ritas Diocesana de Palmeira dos \u00cdndios concluiu, nos dias 12 e 13 deste m\u00eas, com a participa\u00e7\u00e3o de 30 professores, o 3\u00ba m\u00f3dulo da Oficina de Educa\u00e7\u00e3o Contextualizada para a Conviv\u00eancia com o Semi\u00e1rido, em Monteir\u00f3polis (AL). A iniciativa faz parte do Projeto Cisternas nas Escolas e pretende estimular uma vis\u00e3o mais ampla dos educadores a respeito do tema, mostrando o quanto eles podem [&hellip;]<\/p>\n<ul class=\"ssb_list_wrapper\"><li class=\"fb2\" style=\"width:135px\"><iframe src=\"\/\/www.facebook.com\/plugins\/like.php?href=https%3A%2F%2Fwww.caritasne2.org.br%2Fsite%2Fcapacitacao-aborda-educacao-contextualizada-para-convivencia-semiarido%2F&amp;layout=button_count&amp;action=like&amp;show_faces=false&amp;share=true&amp;width=135&amp;height=21&amp;appId=307091639398582\" scrolling=\"no\" frameborder=\"0\" style=\"border:none; overflow:hidden;  width:150px; height:21px;\" allowTransparency=\"true\"><\/iframe><\/li><li class=\"twtr\" style=\"width:90px\"><a href=\"https:\/\/twitter.com\/share\" class=\"twitter-share-button\" data-url=\"https:\/\/www.caritasne2.org.br\/site\/capacitacao-aborda-educacao-contextualizada-para-convivencia-semiarido\/\">&nbsp;<\/a><script>!function(d,s,id){var js,fjs=d.getElementsByTagName(s)[0],p=\/^http:\/.test(d.location)?'http':'https';if(!d.getElementById(id)){js=d.createElement(s);js.id=id;js.src=p+':\/\/platform.twitter.com\/widgets.js';fjs.parentNode.insertBefore(js,fjs);}}(document, 'script', 'twitter-wjs');<\/script><\/li><li class=\"gplus\" style=\"width:68px\"><div class=\"g-plusone\" data-size=\"medium\" data-href=\"https:\/\/www.caritasne2.org.br\/site\/capacitacao-aborda-educacao-contextualizada-para-convivencia-semiarido\/\"><\/div><\/li><li class=\"ssb_linkedin\" style=\"width:64px\"><script src=\"\/\/platform.linkedin.com\/in.js\" type=\"text\/javascript\">lang: en_US<\/script><script type=\"IN\/Share\" data-url=\"https:\/\/www.caritasne2.org.br\/site\/capacitacao-aborda-educacao-contextualizada-para-convivencia-semiarido\/\" data-counter=\"right\"><\/script><\/li><\/ul>","protected":false},"author":4,"featured_media":2868,"comment_status":"open","ping_status":"open","sticky":false,"template":"","format":"standard","meta":[],"categories":[20,466],"tags":[619,620,352,67,521,100],"_links":{"self":[{"href":"https:\/\/www.caritasne2.org.br\/site\/wp-json\/wp\/v2\/posts\/2866"}],"collection":[{"href":"https:\/\/www.caritasne2.org.br\/site\/wp-json\/wp\/v2\/posts"}],"about":[{"href":"https:\/\/www.caritasne2.org.br\/site\/wp-json\/wp\/v2\/types\/post"}],"author":[{"embeddable":true,"href":"https:\/\/www.caritasne2.org.br\/site\/wp-json\/wp\/v2\/users\/4"}],"replies":[{"embeddable":true,"href":"https:\/\/www.caritasne2.org.br\/site\/wp-json\/wp\/v2\/comments?post=2866"}],"version-history":[{"count":0,"href":"https:\/\/www.caritasne2.org.br\/site\/wp-json\/wp\/v2\/posts\/2866\/revisions"}],"wp:featuredmedia":[{"embeddable":true,"href":"https:\/\/www.caritasne2.org.br\/site\/wp-json\/"}],"wp:attachment":[{"href":"https:\/\/www.caritasne2.org.br\/site\/wp-json\/wp\/v2\/media?parent=2866"}],"wp:term":[{"taxonomy":"category","embeddable":true,"href":"https:\/\/www.caritasne2.org.br\/site\/wp-json\/wp\/v2\/categories?post=2866"},{"taxonomy":"post_tag","embeddable":true,"href":"https:\/\/www.caritasne2.org.br\/site\/wp-json\/wp\/v2\/tags?post=2866"}],"curies":[{"name":"wp","href":"https:\/\/api.w.org\/{rel}","templated":true}]}}