{"id":2864,"date":"2015-11-17T18:31:41","date_gmt":"2015-11-17T20:31:41","guid":{"rendered":"http:\/\/ne2.caritas.org.br.s174889.gridserver.com\/?p=2864"},"modified":"2017-07-11T15:18:46","modified_gmt":"2017-07-11T18:18:46","slug":"escola-fe-politica-realiza-encontro-em-arapiraca","status":"publish","type":"post","link":"https:\/\/www.caritasne2.org.br\/site\/escola-fe-politica-realiza-encontro-em-arapiraca\/","title":{"rendered":"Escola F\u00e9 e Pol\u00edtica realiza encontro em Arapiraca"},"content":{"rendered":"<p>Cerca de 30 alunos da Escola F\u00e9 e Pol\u00edtica Regional Padre Humberto Plummen participaram do 5\u00ba m\u00f3dulo da forma\u00e7\u00e3o, na cidade de Arapiraca. Os participantes se reuniram no Espaco Ecol\u00f3gico Agroalimentar e trataram do tema \u201cDesenvolvimento Sustent\u00e1vel \u2013 Projeto Popular para o Brasil\u201d.<\/p>\n<p>Nesse m\u00f3dulo, o articulador da C\u00e1ritas Regional NE2, Marcos Bezerra, foi o respons\u00e1vel pela facilita\u00e7\u00e3o. Os alunos da Escola Regional s\u00e3o oriundos das escolas diocesanas que realizam a forma\u00e7\u00e3o no n\u00edvel local. A cidade fica situada na diocese de Penedo, no interior alagoano.<\/p>\n<p><em>\u00a0Por Wagner Ces\u00e1rio | Assessoria de Comunica\u00e7\u00e3o da C\u00e1ritas Brasileira NE2<\/em><\/p>\n<ul class=\"ssb_list_wrapper\"><li class=\"fb2\" style=\"width:135px\"><iframe src=\"\/\/www.facebook.com\/plugins\/like.php?href=https%3A%2F%2Fwww.caritasne2.org.br%2Fsite%2Fescola-fe-politica-realiza-encontro-em-arapiraca%2F&amp;layout=button_count&amp;action=like&amp;show_faces=false&amp;share=true&amp;width=135&amp;height=21&amp;appId=307091639398582\" scrolling=\"no\" frameborder=\"0\" style=\"border:none; overflow:hidden;  width:150px; height:21px;\" allowTransparency=\"true\"><\/iframe><\/li><li class=\"twtr\" style=\"width:90px\"><a href=\"https:\/\/twitter.com\/share\" class=\"twitter-share-button\" data-url=\"https:\/\/www.caritasne2.org.br\/site\/escola-fe-politica-realiza-encontro-em-arapiraca\/\">&nbsp;<\/a><script>!function(d,s,id){var js,fjs=d.getElementsByTagName(s)[0],p=\/^http:\/.test(d.location)?'http':'https';if(!d.getElementById(id)){js=d.createElement(s);js.id=id;js.src=p+':\/\/platform.twitter.com\/widgets.js';fjs.parentNode.insertBefore(js,fjs);}}(document, 'script', 'twitter-wjs');<\/script><\/li><li class=\"gplus\" style=\"width:68px\"><div class=\"g-plusone\" data-size=\"medium\" data-href=\"https:\/\/www.caritasne2.org.br\/site\/escola-fe-politica-realiza-encontro-em-arapiraca\/\"><\/div><\/li><li class=\"ssb_linkedin\" style=\"width:64px\"><script src=\"\/\/platform.linkedin.com\/in.js\" type=\"text\/javascript\">lang: en_US<\/script><script type=\"IN\/Share\" data-url=\"https:\/\/www.caritasne2.org.br\/site\/escola-fe-politica-realiza-encontro-em-arapiraca\/\" data-counter=\"right\"><\/script><\/li><\/ul>","protected":false},"excerpt":{"rendered":"<p>Cerca de 30 alunos da Escola F\u00e9 e Pol\u00edtica Regional Padre Humberto Plummen participaram do 5\u00ba m\u00f3dulo da forma\u00e7\u00e3o, na cidade de Arapiraca. Os participantes se reuniram no Espaco Ecol\u00f3gico Agroalimentar e trataram do tema \u201cDesenvolvimento Sustent\u00e1vel \u2013 Projeto Popular para o Brasil\u201d. Nesse m\u00f3dulo, o articulador da C\u00e1ritas Regional NE2, Marcos Bezerra, foi o respons\u00e1vel pela facilita\u00e7\u00e3o. Os alunos da Escola Regional s\u00e3o oriundos [&hellip;]<\/p>\n<ul class=\"ssb_list_wrapper\"><li class=\"fb2\" style=\"width:135px\"><iframe src=\"\/\/www.facebook.com\/plugins\/like.php?href=https%3A%2F%2Fwww.caritasne2.org.br%2Fsite%2Fescola-fe-politica-realiza-encontro-em-arapiraca%2F&amp;layout=button_count&amp;action=like&amp;show_faces=false&amp;share=true&amp;width=135&amp;height=21&amp;appId=307091639398582\" scrolling=\"no\" frameborder=\"0\" style=\"border:none; overflow:hidden;  width:150px; height:21px;\" allowTransparency=\"true\"><\/iframe><\/li><li class=\"twtr\" style=\"width:90px\"><a href=\"https:\/\/twitter.com\/share\" class=\"twitter-share-button\" data-url=\"https:\/\/www.caritasne2.org.br\/site\/escola-fe-politica-realiza-encontro-em-arapiraca\/\">&nbsp;<\/a><script>!function(d,s,id){var js,fjs=d.getElementsByTagName(s)[0],p=\/^http:\/.test(d.location)?'http':'https';if(!d.getElementById(id)){js=d.createElement(s);js.id=id;js.src=p+':\/\/platform.twitter.com\/widgets.js';fjs.parentNode.insertBefore(js,fjs);}}(document, 'script', 'twitter-wjs');<\/script><\/li><li class=\"gplus\" style=\"width:68px\"><div class=\"g-plusone\" data-size=\"medium\" data-href=\"https:\/\/www.caritasne2.org.br\/site\/escola-fe-politica-realiza-encontro-em-arapiraca\/\"><\/div><\/li><li class=\"ssb_linkedin\" style=\"width:64px\"><script src=\"\/\/platform.linkedin.com\/in.js\" type=\"text\/javascript\">lang: en_US<\/script><script type=\"IN\/Share\" data-url=\"https:\/\/www.caritasne2.org.br\/site\/escola-fe-politica-realiza-encontro-em-arapiraca\/\" data-counter=\"right\"><\/script><\/li><\/ul>","protected":false},"author":4,"featured_media":2878,"comment_status":"open","ping_status":"open","sticky":false,"template":"","format":"standard","meta":[],"categories":[482,20],"tags":[385],"_links":{"self":[{"href":"https:\/\/www.caritasne2.org.br\/site\/wp-json\/wp\/v2\/posts\/2864"}],"collection":[{"href":"https:\/\/www.caritasne2.org.br\/site\/wp-json\/wp\/v2\/posts"}],"about":[{"href":"https:\/\/www.caritasne2.org.br\/site\/wp-json\/wp\/v2\/types\/post"}],"author":[{"embeddable":true,"href":"https:\/\/www.caritasne2.org.br\/site\/wp-json\/wp\/v2\/users\/4"}],"replies":[{"embeddable":true,"href":"https:\/\/www.caritasne2.org.br\/site\/wp-json\/wp\/v2\/comments?post=2864"}],"version-history":[{"count":0,"href":"https:\/\/www.caritasne2.org.br\/site\/wp-json\/wp\/v2\/posts\/2864\/revisions"}],"wp:featuredmedia":[{"embeddable":true,"href":"https:\/\/www.caritasne2.org.br\/site\/wp-json\/"}],"wp:attachment":[{"href":"https:\/\/www.caritasne2.org.br\/site\/wp-json\/wp\/v2\/media?parent=2864"}],"wp:term":[{"taxonomy":"category","embeddable":true,"href":"https:\/\/www.caritasne2.org.br\/site\/wp-json\/wp\/v2\/categories?post=2864"},{"taxonomy":"post_tag","embeddable":true,"href":"https:\/\/www.caritasne2.org.br\/site\/wp-json\/wp\/v2\/tags?post=2864"}],"curies":[{"name":"wp","href":"https:\/\/api.w.org\/{rel}","templated":true}]}}