{"id":2860,"date":"2015-11-16T13:14:46","date_gmt":"2015-11-16T15:14:46","guid":{"rendered":"http:\/\/ne2.caritas.org.br.s174889.gridserver.com\/?p=2860"},"modified":"2017-07-11T15:18:47","modified_gmt":"2017-07-11T18:18:47","slug":"rede-caritas-aprova-mocao-de-solidariedade-as-vitimas-na-regiao-de-marianamg","status":"publish","type":"post","link":"https:\/\/www.caritasne2.org.br\/site\/rede-caritas-aprova-mocao-de-solidariedade-as-vitimas-na-regiao-de-marianamg\/","title":{"rendered":"Rede C\u00e1ritas aprova mo\u00e7\u00e3o de solidariedade \u00e0s v\u00edtimas na regi\u00e3o de Mariana\/MG"},"content":{"rendered":"<p>A Rede C\u00e1ritas Brasileira aprovou uma mo\u00e7\u00e3o de apoio e solidariedade \u00e0s fam\u00edlias atingidas pelo desastre nas barragens de rejeitos localizadas no munic\u00edpio de Mariana, Minas Gerais. A elabora\u00e7\u00e3o do documento foi proposta durante a XX Assembleia Nacional da C\u00e1ritas Brasileira, que se encerrou neste domingo (15).<\/p>\n<p>O rompimento das barragens Santar\u00e9m e Fund\u00e3o, no Distrito de Bento Rodrigues, a 23 quil\u00f4metros da sede municipal de Mariana, ocorreu no \u00faltimo dia 5 de novembro. O distrito e, principalmente, o Rio Doce foram inundados com lama, rejeitos s\u00f3lidos e \u00e1gua usada no processo de minera\u00e7\u00e3o, afetando todo o percurso do rio at\u00e9 o mar.<\/p>\n<p>As barragens eram de responsabilidade da empresa mineradora Samarco, controlada pelas companhias Vale e BHP Billiton (esta, uma empresa australiana). O desastre j\u00e1 comprometeu o abastecimento de \u00e1gua de 17 munic\u00edpios da regi\u00e3o, atingindo cerca de 800 mil pessoas, e vem sendo considerado o pior em termos ambientais ocorrido at\u00e9 hoje no Brasil.<\/p>\n<p>Leia abaixo o texto da mo\u00e7\u00e3o na \u00edntegra:<\/p>\n<p>Mo\u00e7\u00e3o de apoio e solidariedade \u00e0s fam\u00edlias atingidas pelo desastre criminoso no rompimento das barragens de rejeito em Mariana\/MG<\/p>\n<p>A Rede C\u00e1ritas Brasileira, composta por 192 entidades-membros, reunidas na XX Assembleia Nacional, em Bras\u00edlia\/DF, entre os dias 12 e 15 de novembro de 2015, vem manifestar seu apoio e solidariedade \u00e0s fam\u00edlias e comunidades atingidas pela cat\u00e1strofe causada pelo rompimento das barragens Santar\u00e9m e Fund\u00e3o, no mun\u00edcipio de Mariana \u2013 Minas Gerais, ocorrido no dia 5 de novembro deste ano, que j\u00e1 comprometeu o abastecimento de \u00e1gua de 17 munic\u00edpios, atingindo 800 mil pessoas. E reivindicar e exigir, junto \u00e0s empresas envolvidas e aos poderes p\u00fablicos, que garantam e assegurem os direitos das fam\u00edlias atingidas por esta cat\u00e1strofe, com dilig\u00eancia e justi\u00e7a.<\/p>\n<p>Ao mesmo tempo, repudia e denuncia a irresponsabilidade e a neglig\u00eancia das companhias Vale e BHP Billiton (controladoras da mineradora Samarco), bem como das institui\u00e7\u00f5es p\u00fablicas de controle, diante desta trag\u00e9dia anunciada. Tal situa\u00e7\u00e3o \u00e9 fruto de um modelo de desenvolvimento que n\u00e3o privilegia as comunidades locais, constituindo-se em uma pol\u00edtica de apropria\u00e7\u00e3o dos nossos territ\u00f3rios, de bens naturais, culturais e recursos h\u00eddricos por grandes grupos econ\u00f4micos.<\/p>\n<p>Este modelo, que tem como um de seus pilares a minera\u00e7\u00e3o, n\u00e3o est\u00e1 presente apenas em Mariana, mas sim em boa parte do territ\u00f3rio brasileiro, e vem provocando impactos violentos no cotidiano de povos, comunidades e territ\u00f3rios, gerando dor, tristeza e desola\u00e7\u00e3o. Entre estes impactos, est\u00e3o as remo\u00e7\u00f5es for\u00e7adas de fam\u00edlias e comunidades, a polui\u00e7\u00e3o das nascentes, dos rios, do ar, a polui\u00e7\u00e3o sonora, o desmatamento, acidentes de trabalho, de tr\u00e2nsito, falsas promessas de prosperidade, concentra\u00e7\u00e3o privada da riqueza e distribui\u00e7\u00e3o p\u00fablica dos preju\u00edzos, criminaliza\u00e7\u00e3o dos movimentos sociais, descaracteriza\u00e7\u00e3o e desagrega\u00e7\u00e3o sociocultural.<\/p>\n<p>Por isso, nesta nossa XX Assembleia Nacional, denunciamos este desastre criminoso causado pelas companhias Vale e BHP Billiton (Samarco) e exigimos que o direito das fam\u00edlias atingidas por esta cat\u00e1strofe sejam garantidos.<\/p>\n<p>Convocamos todos e todas a darem sua contribui\u00e7\u00e3o para a Campanha \u201cSOS Mariana\u201d, que est\u00e1 sendo lan\u00e7ada pela Confer\u00eancia Nacional dos Bispos do Brasil \u2013 CNBB e C\u00e1ritas Brasileira, para que possamos, junto com a Igreja e os movimentos sociais da regi\u00e3o, diminuir o sofrimento das fam\u00edlias e lutar pela garantia dos direitos dos atingidos e atingidas por este desastre criminoso.<\/p>\n<p>\u201c\u00c9 necess\u00e1rio unir o cord\u00e3o, por isso vem (\u2026)\u201d<\/p>\n<p>Bras\u00edlia\/DF, 15 de novembro de 2015<\/p>\n<p>Rede C\u00e1ritas Brasileira, em sua XX Assembleia Nacional<\/p>\n<p>Foto: Ant\u00f4nio Cruz\/EBC<\/p>\n<ul class=\"ssb_list_wrapper\"><li class=\"fb2\" style=\"width:135px\"><iframe src=\"\/\/www.facebook.com\/plugins\/like.php?href=https%3A%2F%2Fwww.caritasne2.org.br%2Fsite%2Frede-caritas-aprova-mocao-de-solidariedade-as-vitimas-na-regiao-de-marianamg%2F&amp;layout=button_count&amp;action=like&amp;show_faces=false&amp;share=true&amp;width=135&amp;height=21&amp;appId=307091639398582\" scrolling=\"no\" frameborder=\"0\" style=\"border:none; overflow:hidden;  width:150px; height:21px;\" allowTransparency=\"true\"><\/iframe><\/li><li class=\"twtr\" style=\"width:90px\"><a href=\"https:\/\/twitter.com\/share\" class=\"twitter-share-button\" data-url=\"https:\/\/www.caritasne2.org.br\/site\/rede-caritas-aprova-mocao-de-solidariedade-as-vitimas-na-regiao-de-marianamg\/\">&nbsp;<\/a><script>!function(d,s,id){var js,fjs=d.getElementsByTagName(s)[0],p=\/^http:\/.test(d.location)?'http':'https';if(!d.getElementById(id)){js=d.createElement(s);js.id=id;js.src=p+':\/\/platform.twitter.com\/widgets.js';fjs.parentNode.insertBefore(js,fjs);}}(document, 'script', 'twitter-wjs');<\/script><\/li><li class=\"gplus\" style=\"width:68px\"><div class=\"g-plusone\" data-size=\"medium\" data-href=\"https:\/\/www.caritasne2.org.br\/site\/rede-caritas-aprova-mocao-de-solidariedade-as-vitimas-na-regiao-de-marianamg\/\"><\/div><\/li><li class=\"ssb_linkedin\" style=\"width:64px\"><script src=\"\/\/platform.linkedin.com\/in.js\" type=\"text\/javascript\">lang: en_US<\/script><script type=\"IN\/Share\" data-url=\"https:\/\/www.caritasne2.org.br\/site\/rede-caritas-aprova-mocao-de-solidariedade-as-vitimas-na-regiao-de-marianamg\/\" data-counter=\"right\"><\/script><\/li><\/ul>","protected":false},"excerpt":{"rendered":"<p>A Rede C\u00e1ritas Brasileira aprovou uma mo\u00e7\u00e3o de apoio e solidariedade \u00e0s fam\u00edlias atingidas pelo desastre nas barragens de rejeitos localizadas no munic\u00edpio de Mariana, Minas Gerais. A elabora\u00e7\u00e3o do documento foi proposta durante a XX Assembleia Nacional da C\u00e1ritas Brasileira, que se encerrou neste domingo (15). O rompimento das barragens Santar\u00e9m e Fund\u00e3o, no Distrito de Bento Rodrigues, a 23 quil\u00f4metros da sede municipal [&hellip;]<\/p>\n<ul class=\"ssb_list_wrapper\"><li class=\"fb2\" style=\"width:135px\"><iframe src=\"\/\/www.facebook.com\/plugins\/like.php?href=https%3A%2F%2Fwww.caritasne2.org.br%2Fsite%2Frede-caritas-aprova-mocao-de-solidariedade-as-vitimas-na-regiao-de-marianamg%2F&amp;layout=button_count&amp;action=like&amp;show_faces=false&amp;share=true&amp;width=135&amp;height=21&amp;appId=307091639398582\" scrolling=\"no\" frameborder=\"0\" style=\"border:none; overflow:hidden;  width:150px; height:21px;\" allowTransparency=\"true\"><\/iframe><\/li><li class=\"twtr\" style=\"width:90px\"><a href=\"https:\/\/twitter.com\/share\" class=\"twitter-share-button\" data-url=\"https:\/\/www.caritasne2.org.br\/site\/rede-caritas-aprova-mocao-de-solidariedade-as-vitimas-na-regiao-de-marianamg\/\">&nbsp;<\/a><script>!function(d,s,id){var js,fjs=d.getElementsByTagName(s)[0],p=\/^http:\/.test(d.location)?'http':'https';if(!d.getElementById(id)){js=d.createElement(s);js.id=id;js.src=p+':\/\/platform.twitter.com\/widgets.js';fjs.parentNode.insertBefore(js,fjs);}}(document, 'script', 'twitter-wjs');<\/script><\/li><li class=\"gplus\" style=\"width:68px\"><div class=\"g-plusone\" data-size=\"medium\" data-href=\"https:\/\/www.caritasne2.org.br\/site\/rede-caritas-aprova-mocao-de-solidariedade-as-vitimas-na-regiao-de-marianamg\/\"><\/div><\/li><li class=\"ssb_linkedin\" style=\"width:64px\"><script src=\"\/\/platform.linkedin.com\/in.js\" type=\"text\/javascript\">lang: en_US<\/script><script type=\"IN\/Share\" data-url=\"https:\/\/www.caritasne2.org.br\/site\/rede-caritas-aprova-mocao-de-solidariedade-as-vitimas-na-regiao-de-marianamg\/\" data-counter=\"right\"><\/script><\/li><\/ul>","protected":false},"author":4,"featured_media":2861,"comment_status":"open","ping_status":"open","sticky":false,"template":"","format":"standard","meta":[],"categories":[472,20],"tags":[59,614,67,615,616,617],"_links":{"self":[{"href":"https:\/\/www.caritasne2.org.br\/site\/wp-json\/wp\/v2\/posts\/2860"}],"collection":[{"href":"https:\/\/www.caritasne2.org.br\/site\/wp-json\/wp\/v2\/posts"}],"about":[{"href":"https:\/\/www.caritasne2.org.br\/site\/wp-json\/wp\/v2\/types\/post"}],"author":[{"embeddable":true,"href":"https:\/\/www.caritasne2.org.br\/site\/wp-json\/wp\/v2\/users\/4"}],"replies":[{"embeddable":true,"href":"https:\/\/www.caritasne2.org.br\/site\/wp-json\/wp\/v2\/comments?post=2860"}],"version-history":[{"count":0,"href":"https:\/\/www.caritasne2.org.br\/site\/wp-json\/wp\/v2\/posts\/2860\/revisions"}],"wp:featuredmedia":[{"embeddable":true,"href":"https:\/\/www.caritasne2.org.br\/site\/wp-json\/"}],"wp:attachment":[{"href":"https:\/\/www.caritasne2.org.br\/site\/wp-json\/wp\/v2\/media?parent=2860"}],"wp:term":[{"taxonomy":"category","embeddable":true,"href":"https:\/\/www.caritasne2.org.br\/site\/wp-json\/wp\/v2\/categories?post=2860"},{"taxonomy":"post_tag","embeddable":true,"href":"https:\/\/www.caritasne2.org.br\/site\/wp-json\/wp\/v2\/tags?post=2860"}],"curies":[{"name":"wp","href":"https:\/\/api.w.org\/{rel}","templated":true}]}}