{"id":2830,"date":"2015-11-10T10:26:56","date_gmt":"2015-11-10T12:26:56","guid":{"rendered":"http:\/\/ne2.caritas.org.br.s174889.gridserver.com\/?p=2830"},"modified":"2017-07-11T15:18:47","modified_gmt":"2017-07-11T18:18:47","slug":"caritas-dos-paises-lusofonos-discutem-objetivos-de-desenvolvimento-milenio","status":"publish","type":"post","link":"https:\/\/www.caritasne2.org.br\/site\/caritas-dos-paises-lusofonos-discutem-objetivos-de-desenvolvimento-milenio\/","title":{"rendered":"C\u00e1ritas dos pa\u00edses lus\u00f3fonos discutem Objetivos de Desenvolvimento do Mil\u00eanio"},"content":{"rendered":"<p>C\u00e1ritas nacionais dos oito pa\u00edses de l\u00edngua oficial portuguesa, reunidas em Bras\u00edlia\/DF, entre os dias 9 e 11 de novembro no Semin\u00e1rio Fome e Desigualdades nos Pa\u00edses Lus\u00f3fonos, discutiram, na tarde de ontem, sobre os Novos Objetivos do Mil\u00eanio e as Diretrizes Volunt\u00e1rias \u2013 Metas atingidas, Desafios e Perspectivas. O respons\u00e1vel pelo tema foi Alan Bojanic, da Organiza\u00e7\u00e3o das Na\u00e7\u00f5es Unidas para Alimenta\u00e7\u00e3o e Agricultura (FAO).<\/p>\n<p>Al\u00e9m de apresentar os Objetivos de Desenvolvimento do Mil\u00eanio, o representante da FAO comentou a sa\u00edda do Brasil do Mapa da Pobreza. Para ele, este fato significa que \u201co problema deixou de ser end\u00eamico\u201d. Alan afirma que a perspectiva das Na\u00e7\u00f5es Unidas para acabar a fome \u00e9 positiva e diz que \u201c\u00e9 poss\u00edvel erradic\u00e1-la at\u00e9 2030\u201d.<\/p>\n<p>Entretanto, Alan Bojanic defende que para atingir esses objetivos s\u00e3o necess\u00e1rias metas como acabar com todas as formas de desnutri\u00e7\u00e3o e dobrar a produtividade agr\u00edcola e a renda de pequenos produtores de alimentos.<\/p>\n<p>O representante da FAO diz, ainda, que \u00e9 fundamental a mudan\u00e7a da matriz energ\u00e9tica do mundo inteiro. Na sua opini\u00e3o, a redu\u00e7\u00e3o da emiss\u00e3o de gases que agravam o efeito estufa no planeta \u00e9 de responsabilidade de todos os pa\u00edses.<\/p>\n<p>Realizado pela C\u00e1ritas Brasileira, o Semin\u00e1rio Fome e Desigualdades nos Pa\u00edses Lus\u00f3fonos acontece no Centro Cultural de Bras\u00edlia (CCB).<\/p>\n<p>Saiba mais sobre os Objetivos de Desenvolvimento do Mil\u00eanio <a href=\"http:\/\/www.unmultimedia.org\/radio\/portuguese\/conheca-os-novos-objetivos-de-desenvolvimento-sustentavel\/\">aqui.<\/a><\/p>\n<p>Por Doroty Amaral:: Assessora de Comunica\u00e7\u00e3o da C\u00e1ritas Brasileira<\/p>\n<ul class=\"ssb_list_wrapper\"><li class=\"fb2\" style=\"width:135px\"><iframe src=\"\/\/www.facebook.com\/plugins\/like.php?href=https%3A%2F%2Fwww.caritasne2.org.br%2Fsite%2Fcaritas-dos-paises-lusofonos-discutem-objetivos-de-desenvolvimento-milenio%2F&amp;layout=button_count&amp;action=like&amp;show_faces=false&amp;share=true&amp;width=135&amp;height=21&amp;appId=307091639398582\" scrolling=\"no\" frameborder=\"0\" style=\"border:none; overflow:hidden;  width:150px; height:21px;\" allowTransparency=\"true\"><\/iframe><\/li><li class=\"twtr\" style=\"width:90px\"><a href=\"https:\/\/twitter.com\/share\" class=\"twitter-share-button\" data-url=\"https:\/\/www.caritasne2.org.br\/site\/caritas-dos-paises-lusofonos-discutem-objetivos-de-desenvolvimento-milenio\/\">&nbsp;<\/a><script>!function(d,s,id){var js,fjs=d.getElementsByTagName(s)[0],p=\/^http:\/.test(d.location)?'http':'https';if(!d.getElementById(id)){js=d.createElement(s);js.id=id;js.src=p+':\/\/platform.twitter.com\/widgets.js';fjs.parentNode.insertBefore(js,fjs);}}(document, 'script', 'twitter-wjs');<\/script><\/li><li class=\"gplus\" style=\"width:68px\"><div class=\"g-plusone\" data-size=\"medium\" data-href=\"https:\/\/www.caritasne2.org.br\/site\/caritas-dos-paises-lusofonos-discutem-objetivos-de-desenvolvimento-milenio\/\"><\/div><\/li><li class=\"ssb_linkedin\" style=\"width:64px\"><script src=\"\/\/platform.linkedin.com\/in.js\" type=\"text\/javascript\">lang: en_US<\/script><script type=\"IN\/Share\" data-url=\"https:\/\/www.caritasne2.org.br\/site\/caritas-dos-paises-lusofonos-discutem-objetivos-de-desenvolvimento-milenio\/\" data-counter=\"right\"><\/script><\/li><\/ul>","protected":false},"excerpt":{"rendered":"<p>C\u00e1ritas nacionais dos oito pa\u00edses de l\u00edngua oficial portuguesa, reunidas em Bras\u00edlia\/DF, entre os dias 9 e 11 de novembro no Semin\u00e1rio Fome e Desigualdades nos Pa\u00edses Lus\u00f3fonos, discutiram, na tarde de ontem, sobre os Novos Objetivos do Mil\u00eanio e as Diretrizes Volunt\u00e1rias \u2013 Metas atingidas, Desafios e Perspectivas. O respons\u00e1vel pelo tema foi Alan Bojanic, da Organiza\u00e7\u00e3o das Na\u00e7\u00f5es Unidas para Alimenta\u00e7\u00e3o e Agricultura [&hellip;]<\/p>\n<ul class=\"ssb_list_wrapper\"><li class=\"fb2\" style=\"width:135px\"><iframe src=\"\/\/www.facebook.com\/plugins\/like.php?href=https%3A%2F%2Fwww.caritasne2.org.br%2Fsite%2Fcaritas-dos-paises-lusofonos-discutem-objetivos-de-desenvolvimento-milenio%2F&amp;layout=button_count&amp;action=like&amp;show_faces=false&amp;share=true&amp;width=135&amp;height=21&amp;appId=307091639398582\" scrolling=\"no\" frameborder=\"0\" style=\"border:none; overflow:hidden;  width:150px; height:21px;\" allowTransparency=\"true\"><\/iframe><\/li><li class=\"twtr\" style=\"width:90px\"><a href=\"https:\/\/twitter.com\/share\" class=\"twitter-share-button\" data-url=\"https:\/\/www.caritasne2.org.br\/site\/caritas-dos-paises-lusofonos-discutem-objetivos-de-desenvolvimento-milenio\/\">&nbsp;<\/a><script>!function(d,s,id){var js,fjs=d.getElementsByTagName(s)[0],p=\/^http:\/.test(d.location)?'http':'https';if(!d.getElementById(id)){js=d.createElement(s);js.id=id;js.src=p+':\/\/platform.twitter.com\/widgets.js';fjs.parentNode.insertBefore(js,fjs);}}(document, 'script', 'twitter-wjs');<\/script><\/li><li class=\"gplus\" style=\"width:68px\"><div class=\"g-plusone\" data-size=\"medium\" data-href=\"https:\/\/www.caritasne2.org.br\/site\/caritas-dos-paises-lusofonos-discutem-objetivos-de-desenvolvimento-milenio\/\"><\/div><\/li><li class=\"ssb_linkedin\" style=\"width:64px\"><script src=\"\/\/platform.linkedin.com\/in.js\" type=\"text\/javascript\">lang: en_US<\/script><script type=\"IN\/Share\" data-url=\"https:\/\/www.caritasne2.org.br\/site\/caritas-dos-paises-lusofonos-discutem-objetivos-de-desenvolvimento-milenio\/\" data-counter=\"right\"><\/script><\/li><\/ul>","protected":false},"author":4,"featured_media":2831,"comment_status":"open","ping_status":"open","sticky":false,"template":"","format":"standard","meta":[],"categories":[604,20],"tags":[67,603,605,606],"_links":{"self":[{"href":"https:\/\/www.caritasne2.org.br\/site\/wp-json\/wp\/v2\/posts\/2830"}],"collection":[{"href":"https:\/\/www.caritasne2.org.br\/site\/wp-json\/wp\/v2\/posts"}],"about":[{"href":"https:\/\/www.caritasne2.org.br\/site\/wp-json\/wp\/v2\/types\/post"}],"author":[{"embeddable":true,"href":"https:\/\/www.caritasne2.org.br\/site\/wp-json\/wp\/v2\/users\/4"}],"replies":[{"embeddable":true,"href":"https:\/\/www.caritasne2.org.br\/site\/wp-json\/wp\/v2\/comments?post=2830"}],"version-history":[{"count":0,"href":"https:\/\/www.caritasne2.org.br\/site\/wp-json\/wp\/v2\/posts\/2830\/revisions"}],"wp:featuredmedia":[{"embeddable":true,"href":"https:\/\/www.caritasne2.org.br\/site\/wp-json\/"}],"wp:attachment":[{"href":"https:\/\/www.caritasne2.org.br\/site\/wp-json\/wp\/v2\/media?parent=2830"}],"wp:term":[{"taxonomy":"category","embeddable":true,"href":"https:\/\/www.caritasne2.org.br\/site\/wp-json\/wp\/v2\/categories?post=2830"},{"taxonomy":"post_tag","embeddable":true,"href":"https:\/\/www.caritasne2.org.br\/site\/wp-json\/wp\/v2\/tags?post=2830"}],"curies":[{"name":"wp","href":"https:\/\/api.w.org\/{rel}","templated":true}]}}