{"id":2821,"date":"2015-11-10T08:20:20","date_gmt":"2015-11-10T10:20:20","guid":{"rendered":"http:\/\/ne2.caritas.org.br.s174889.gridserver.com\/?p=2821"},"modified":"2017-07-11T15:18:47","modified_gmt":"2017-07-11T18:18:47","slug":"evento-celebra-semana-da-solidariedade-em-palmeira-dos-indios","status":"publish","type":"post","link":"https:\/\/www.caritasne2.org.br\/site\/evento-celebra-semana-da-solidariedade-em-palmeira-dos-indios\/","title":{"rendered":"Evento celebra Semana da Solidariedade em Palmeira dos \u00cdndios"},"content":{"rendered":"<p style=\"text-align: justify;\">Nesta ter\u00e7a-feira (10), a C\u00e1ritas Diocesana de Palmeira dos \u00cdndios (AL) comemora a Semana da Solidariedade, com uma celebra\u00e7\u00e3o festiva, \u00e0s 19h, na Casa da Divina Miseric\u00f3rdia, na zona rural da pr\u00f3pria cidade alagoana. No local, s\u00e3o acolhidos e tratados 30 reeducandos que lutam contra a depend\u00eancia qu\u00edmica.<\/p>\n<p style=\"text-align: justify;\">A celebra\u00e7\u00e3o \u00e9 um ato contra a viol\u00eancia e a guerra e em favor da paz e da justi\u00e7a social e, junto com a Pastoral da Sobriedade, respons\u00e1vel pelo trabalho de cuidado aos reeducandos, a C\u00e1ritas tem como objetivo dar visibilidade \u00e0s a\u00e7\u00f5es solid\u00e1rias, animadas pela m\u00edstica e espiritualidade presente no ato de congregar os valores humanos acima de qualquer viol\u00eancia.<\/p>\n<p style=\"text-align: justify;\">Participam, desse momento celebrativo, as equipes da C\u00e1ritas Diocesana, da C\u00e1ritas Paroquial de S\u00e3o Sebasti\u00e3o, da Pastoral da Sobriedade, os cuidadores e os pr\u00f3prios reeducandos.<\/p>\n<p style=\"text-align: justify;\"><strong>SEMANA DE SOLIDARIEDADE<\/strong><\/p>\n<p style=\"text-align: justify;\">A C\u00e1ritas Brasileira, organismo da Confer\u00eancia Nacional dos Bispos do Brasil (CNBB), promove todos os anos a Semana da Solidariedade. S\u00e3o dias de celebra\u00e7\u00e3o pelo anivers\u00e1rio da organiza\u00e7\u00e3o, em que a rede, por meio de seus\/suas agentes por todo o pa\u00eds, empenha-se em dar visibilidade \u00e0s m\u00faltiplas a\u00e7\u00f5es realizadas na garantia dos direitos das pessoas.<\/p>\n<p style=\"text-align: justify;\">Em 2015, quando a C\u00e1ritas Brasileira completa 59 anos, a Semana da Solidariedade acontece de 08 a 12 de novembro. Este per\u00edodo tem o objetivo de apresentar \u00e0 sociedade den\u00fancias de viola\u00e7\u00e3o dos direitos da juventude, fortalecendo e pautando o debate social e pol\u00edtico em torno das viol\u00eancias e das possibilidades de supera\u00e7\u00e3o dessa realidade.<\/p>\n<p style=\"text-align: justify;\">A mobiliza\u00e7\u00e3o para as den\u00fancias das viol\u00eancias sofridas pelas juventudes deve apresentar os elementos fundamentais da vida amea\u00e7ada e exterminada.<\/p>\n<p style=\"text-align: justify;\">Os \u00edndices de viol\u00eancia contra as juventudes crescem e, com isto, cresce o sentimento alimentado pela ideologia do terrorismo, apresentando a outra pessoa como inimiga para o seu local de moradia, o pa\u00eds, fam\u00edlia, grupo ou etnia a que pertence.<\/p>\n<p style=\"text-align: justify;\">Assim como, desde o bairro ou a periferia em que vive ou, ent\u00e3o, desde os grupos dos quais participam as juventudes precisam ser conhecidas como sujeitos de direitos, e restituem nesse seu tempo, as responsabilidades coletivas que assumem como sujeitos importantes para um povo.<\/p>\n<p style=\"text-align: justify;\">Por Wagner Ces\u00e1rio | Assessoria de Comunica\u00e7\u00e3o da C\u00e1ritas NE2<\/p>\n<ul class=\"ssb_list_wrapper\"><li class=\"fb2\" style=\"width:135px\"><iframe src=\"\/\/www.facebook.com\/plugins\/like.php?href=https%3A%2F%2Fwww.caritasne2.org.br%2Fsite%2Fevento-celebra-semana-da-solidariedade-em-palmeira-dos-indios%2F&amp;layout=button_count&amp;action=like&amp;show_faces=false&amp;share=true&amp;width=135&amp;height=21&amp;appId=307091639398582\" scrolling=\"no\" frameborder=\"0\" style=\"border:none; overflow:hidden;  width:150px; height:21px;\" allowTransparency=\"true\"><\/iframe><\/li><li class=\"twtr\" style=\"width:90px\"><a href=\"https:\/\/twitter.com\/share\" class=\"twitter-share-button\" data-url=\"https:\/\/www.caritasne2.org.br\/site\/evento-celebra-semana-da-solidariedade-em-palmeira-dos-indios\/\">&nbsp;<\/a><script>!function(d,s,id){var js,fjs=d.getElementsByTagName(s)[0],p=\/^http:\/.test(d.location)?'http':'https';if(!d.getElementById(id)){js=d.createElement(s);js.id=id;js.src=p+':\/\/platform.twitter.com\/widgets.js';fjs.parentNode.insertBefore(js,fjs);}}(document, 'script', 'twitter-wjs');<\/script><\/li><li class=\"gplus\" style=\"width:68px\"><div class=\"g-plusone\" data-size=\"medium\" data-href=\"https:\/\/www.caritasne2.org.br\/site\/evento-celebra-semana-da-solidariedade-em-palmeira-dos-indios\/\"><\/div><\/li><li class=\"ssb_linkedin\" style=\"width:64px\"><script src=\"\/\/platform.linkedin.com\/in.js\" type=\"text\/javascript\">lang: en_US<\/script><script type=\"IN\/Share\" data-url=\"https:\/\/www.caritasne2.org.br\/site\/evento-celebra-semana-da-solidariedade-em-palmeira-dos-indios\/\" data-counter=\"right\"><\/script><\/li><\/ul>","protected":false},"excerpt":{"rendered":"<p>Nesta ter\u00e7a-feira (10), a C\u00e1ritas Diocesana de Palmeira dos \u00cdndios (AL) comemora a Semana da Solidariedade, com uma celebra\u00e7\u00e3o festiva, \u00e0s 19h, na Casa da Divina Miseric\u00f3rdia, na zona rural da pr\u00f3pria cidade alagoana. No local, s\u00e3o acolhidos e tratados 30 reeducandos que lutam contra a depend\u00eancia qu\u00edmica. A celebra\u00e7\u00e3o \u00e9 um ato contra a viol\u00eancia e a guerra e em favor da paz e [&hellip;]<\/p>\n<ul class=\"ssb_list_wrapper\"><li class=\"fb2\" style=\"width:135px\"><iframe src=\"\/\/www.facebook.com\/plugins\/like.php?href=https%3A%2F%2Fwww.caritasne2.org.br%2Fsite%2Fevento-celebra-semana-da-solidariedade-em-palmeira-dos-indios%2F&amp;layout=button_count&amp;action=like&amp;show_faces=false&amp;share=true&amp;width=135&amp;height=21&amp;appId=307091639398582\" scrolling=\"no\" frameborder=\"0\" style=\"border:none; overflow:hidden;  width:150px; height:21px;\" allowTransparency=\"true\"><\/iframe><\/li><li class=\"twtr\" style=\"width:90px\"><a href=\"https:\/\/twitter.com\/share\" class=\"twitter-share-button\" data-url=\"https:\/\/www.caritasne2.org.br\/site\/evento-celebra-semana-da-solidariedade-em-palmeira-dos-indios\/\">&nbsp;<\/a><script>!function(d,s,id){var js,fjs=d.getElementsByTagName(s)[0],p=\/^http:\/.test(d.location)?'http':'https';if(!d.getElementById(id)){js=d.createElement(s);js.id=id;js.src=p+':\/\/platform.twitter.com\/widgets.js';fjs.parentNode.insertBefore(js,fjs);}}(document, 'script', 'twitter-wjs');<\/script><\/li><li class=\"gplus\" style=\"width:68px\"><div class=\"g-plusone\" data-size=\"medium\" data-href=\"https:\/\/www.caritasne2.org.br\/site\/evento-celebra-semana-da-solidariedade-em-palmeira-dos-indios\/\"><\/div><\/li><li class=\"ssb_linkedin\" style=\"width:64px\"><script src=\"\/\/platform.linkedin.com\/in.js\" type=\"text\/javascript\">lang: en_US<\/script><script type=\"IN\/Share\" data-url=\"https:\/\/www.caritasne2.org.br\/site\/evento-celebra-semana-da-solidariedade-em-palmeira-dos-indios\/\" data-counter=\"right\"><\/script><\/li><\/ul>","protected":false},"author":4,"featured_media":2835,"comment_status":"open","ping_status":"open","sticky":false,"template":"","format":"standard","meta":[],"categories":[20,321],"tags":[46,601,67,602,74,315],"_links":{"self":[{"href":"https:\/\/www.caritasne2.org.br\/site\/wp-json\/wp\/v2\/posts\/2821"}],"collection":[{"href":"https:\/\/www.caritasne2.org.br\/site\/wp-json\/wp\/v2\/posts"}],"about":[{"href":"https:\/\/www.caritasne2.org.br\/site\/wp-json\/wp\/v2\/types\/post"}],"author":[{"embeddable":true,"href":"https:\/\/www.caritasne2.org.br\/site\/wp-json\/wp\/v2\/users\/4"}],"replies":[{"embeddable":true,"href":"https:\/\/www.caritasne2.org.br\/site\/wp-json\/wp\/v2\/comments?post=2821"}],"version-history":[{"count":0,"href":"https:\/\/www.caritasne2.org.br\/site\/wp-json\/wp\/v2\/posts\/2821\/revisions"}],"wp:featuredmedia":[{"embeddable":true,"href":"https:\/\/www.caritasne2.org.br\/site\/wp-json\/"}],"wp:attachment":[{"href":"https:\/\/www.caritasne2.org.br\/site\/wp-json\/wp\/v2\/media?parent=2821"}],"wp:term":[{"taxonomy":"category","embeddable":true,"href":"https:\/\/www.caritasne2.org.br\/site\/wp-json\/wp\/v2\/categories?post=2821"},{"taxonomy":"post_tag","embeddable":true,"href":"https:\/\/www.caritasne2.org.br\/site\/wp-json\/wp\/v2\/tags?post=2821"}],"curies":[{"name":"wp","href":"https:\/\/api.w.org\/{rel}","templated":true}]}}