{"id":2815,"date":"2015-11-06T14:30:10","date_gmt":"2015-11-06T16:30:10","guid":{"rendered":"http:\/\/ne2.caritas.org.br.s174889.gridserver.com\/?p=2815"},"modified":"2017-07-11T15:19:09","modified_gmt":"2017-07-11T18:19:09","slug":"caritas-inicia-semana-da-solidariedade-neste-domingo","status":"publish","type":"post","link":"https:\/\/www.caritasne2.org.br\/site\/caritas-inicia-semana-da-solidariedade-neste-domingo\/","title":{"rendered":"C\u00c1RITAS INICIA SEMANA DA SOLIDARIEDADE NESTE DOMINGO"},"content":{"rendered":"<p style=\"text-align: justify;\">A C\u00e1ritas Brasileira, comemorando seus 59 anos, promove, a partir deste domingo (8), a Semana da Solidariedade. At\u00e9 o dia 12, celebrando o anivers\u00e1rio da organiza\u00e7\u00e3o, a rede, por meio de seus\/suas agentes por todo o pa\u00eds, empenha-se em dar visibilidade \u00e0s m\u00faltiplas a\u00e7\u00f5es realizadas na garantia dos direitos das pessoas.<\/p>\n<p style=\"text-align: justify;\">Neste ano, o evento tem o objetivo de apresentar \u00e0 sociedade den\u00fancias de viola\u00e7\u00e3o dos direitos da juventude, fortalecendo e pautando o debate social e pol\u00edtico em torno das viol\u00eancias e das possibilidades de supera\u00e7\u00e3o dessa realidade. A mobiliza\u00e7\u00e3o para as den\u00fancias das viol\u00eancias sofridas pelas juventudes deve apresentar os elementos fundamentais da vida amea\u00e7ada e exterminada.<\/p>\n<p style=\"text-align: justify;\">Os \u00edndices de viol\u00eancia contra as juventudes crescem e, com isto, cresce o sentimento alimentado pela ideologia do terrorismo, apresentando a outra pessoa como inimiga para o seu local de moradia, o pa\u00eds, fam\u00edlia, grupo ou etnia a que pertence.<\/p>\n<p style=\"text-align: justify;\">Assim como, desde o bairro ou a periferia em que vive ou, ent\u00e3o, desde os grupos dos quais participam as juventudes precisam ser conhecidas como sujeitos de direitos, e restituem nesse seu tempo, as responsabilidades coletivas que assumem como sujeitos importantes para um povo.<\/p>\n<p style=\"text-align: justify;\">A Rede C\u00e1ritas, no Brasil, soma for\u00e7as de solidariedades para vivenciar a Semana da Solidariedade com gestos concretos para a supera\u00e7\u00e3o da viol\u00eancia. Nessa perspectiva, foram sugeridas atividades para serem trabalhadas em cada local, grupo ou comunidade onde h\u00e1 atua\u00e7\u00e3o da C\u00e1ritas Brasileira, por meio dos secretariados regionais e entidades-membro.<\/p>\n<p style=\"text-align: justify;\"><strong>SUGEST\u00c3O DE ATIVIDADES<\/strong><\/p>\n<p style=\"text-align: justify;\">Os jogos e esportes coletivos devem ser espa\u00e7os de viver l\u00fadico e colaborativo. Nessas pr\u00e1ticas, pode-se experienciar a coopera\u00e7\u00e3o, rompendo com o individualismo, sendo tamb\u00e9m espa\u00e7o para estimular a criatividade, o di\u00e1logo e apoio coletivo, confian\u00e7a, media\u00e7\u00e3o, resolu\u00e7\u00e3o de problemas e o desejo de realiza\u00e7\u00e3o.<\/p>\n<p style=\"text-align: justify;\">Sugest\u00f5es: queimada, amarelinha, campeonatos esportivos, trilha ecol\u00f3gica, pique esconde, bandeirinha, garraf\u00e3o, batalhas de break, v\u00f4lei, futebol feminino, pular corda, el\u00e1stico, dan\u00e7as de roda, gincana, jogral, bete, pipa, biloca, m\u00edmica.<\/p>\n<p style=\"text-align: justify;\"><em>Com informa\u00e7\u00f5es da Assessoria de Comunica\u00e7\u00e3o da C\u00e1ritas Brasileira<\/em><\/p>\n<ul class=\"ssb_list_wrapper\"><li class=\"fb2\" style=\"width:135px\"><iframe src=\"\/\/www.facebook.com\/plugins\/like.php?href=https%3A%2F%2Fwww.caritasne2.org.br%2Fsite%2Fcaritas-inicia-semana-da-solidariedade-neste-domingo%2F&amp;layout=button_count&amp;action=like&amp;show_faces=false&amp;share=true&amp;width=135&amp;height=21&amp;appId=307091639398582\" scrolling=\"no\" frameborder=\"0\" style=\"border:none; overflow:hidden;  width:150px; height:21px;\" allowTransparency=\"true\"><\/iframe><\/li><li class=\"twtr\" style=\"width:90px\"><a href=\"https:\/\/twitter.com\/share\" class=\"twitter-share-button\" data-url=\"https:\/\/www.caritasne2.org.br\/site\/caritas-inicia-semana-da-solidariedade-neste-domingo\/\">&nbsp;<\/a><script>!function(d,s,id){var js,fjs=d.getElementsByTagName(s)[0],p=\/^http:\/.test(d.location)?'http':'https';if(!d.getElementById(id)){js=d.createElement(s);js.id=id;js.src=p+':\/\/platform.twitter.com\/widgets.js';fjs.parentNode.insertBefore(js,fjs);}}(document, 'script', 'twitter-wjs');<\/script><\/li><li class=\"gplus\" style=\"width:68px\"><div class=\"g-plusone\" data-size=\"medium\" data-href=\"https:\/\/www.caritasne2.org.br\/site\/caritas-inicia-semana-da-solidariedade-neste-domingo\/\"><\/div><\/li><li class=\"ssb_linkedin\" style=\"width:64px\"><script src=\"\/\/platform.linkedin.com\/in.js\" type=\"text\/javascript\">lang: en_US<\/script><script type=\"IN\/Share\" data-url=\"https:\/\/www.caritasne2.org.br\/site\/caritas-inicia-semana-da-solidariedade-neste-domingo\/\" data-counter=\"right\"><\/script><\/li><\/ul>","protected":false},"excerpt":{"rendered":"<p>A C\u00e1ritas Brasileira, comemorando seus 59 anos, promove, a partir deste domingo (8), a Semana da Solidariedade. At\u00e9 o dia 12, celebrando o anivers\u00e1rio da organiza\u00e7\u00e3o, a rede, por meio de seus\/suas agentes por todo o pa\u00eds, empenha-se em dar visibilidade \u00e0s m\u00faltiplas a\u00e7\u00f5es realizadas na garantia dos direitos das pessoas. Neste ano, o evento tem o objetivo de apresentar \u00e0 sociedade den\u00fancias de viola\u00e7\u00e3o [&hellip;]<\/p>\n<ul class=\"ssb_list_wrapper\"><li class=\"fb2\" style=\"width:135px\"><iframe src=\"\/\/www.facebook.com\/plugins\/like.php?href=https%3A%2F%2Fwww.caritasne2.org.br%2Fsite%2Fcaritas-inicia-semana-da-solidariedade-neste-domingo%2F&amp;layout=button_count&amp;action=like&amp;show_faces=false&amp;share=true&amp;width=135&amp;height=21&amp;appId=307091639398582\" scrolling=\"no\" frameborder=\"0\" style=\"border:none; overflow:hidden;  width:150px; height:21px;\" allowTransparency=\"true\"><\/iframe><\/li><li class=\"twtr\" style=\"width:90px\"><a href=\"https:\/\/twitter.com\/share\" class=\"twitter-share-button\" data-url=\"https:\/\/www.caritasne2.org.br\/site\/caritas-inicia-semana-da-solidariedade-neste-domingo\/\">&nbsp;<\/a><script>!function(d,s,id){var js,fjs=d.getElementsByTagName(s)[0],p=\/^http:\/.test(d.location)?'http':'https';if(!d.getElementById(id)){js=d.createElement(s);js.id=id;js.src=p+':\/\/platform.twitter.com\/widgets.js';fjs.parentNode.insertBefore(js,fjs);}}(document, 'script', 'twitter-wjs');<\/script><\/li><li class=\"gplus\" style=\"width:68px\"><div class=\"g-plusone\" data-size=\"medium\" data-href=\"https:\/\/www.caritasne2.org.br\/site\/caritas-inicia-semana-da-solidariedade-neste-domingo\/\"><\/div><\/li><li class=\"ssb_linkedin\" style=\"width:64px\"><script src=\"\/\/platform.linkedin.com\/in.js\" type=\"text\/javascript\">lang: en_US<\/script><script type=\"IN\/Share\" data-url=\"https:\/\/www.caritasne2.org.br\/site\/caritas-inicia-semana-da-solidariedade-neste-domingo\/\" data-counter=\"right\"><\/script><\/li><\/ul>","protected":false},"author":4,"featured_media":2816,"comment_status":"open","ping_status":"open","sticky":false,"template":"","format":"standard","meta":[],"categories":[20,321],"tags":[599,46,67,600,85,315],"_links":{"self":[{"href":"https:\/\/www.caritasne2.org.br\/site\/wp-json\/wp\/v2\/posts\/2815"}],"collection":[{"href":"https:\/\/www.caritasne2.org.br\/site\/wp-json\/wp\/v2\/posts"}],"about":[{"href":"https:\/\/www.caritasne2.org.br\/site\/wp-json\/wp\/v2\/types\/post"}],"author":[{"embeddable":true,"href":"https:\/\/www.caritasne2.org.br\/site\/wp-json\/wp\/v2\/users\/4"}],"replies":[{"embeddable":true,"href":"https:\/\/www.caritasne2.org.br\/site\/wp-json\/wp\/v2\/comments?post=2815"}],"version-history":[{"count":0,"href":"https:\/\/www.caritasne2.org.br\/site\/wp-json\/wp\/v2\/posts\/2815\/revisions"}],"wp:featuredmedia":[{"embeddable":true,"href":"https:\/\/www.caritasne2.org.br\/site\/wp-json\/"}],"wp:attachment":[{"href":"https:\/\/www.caritasne2.org.br\/site\/wp-json\/wp\/v2\/media?parent=2815"}],"wp:term":[{"taxonomy":"category","embeddable":true,"href":"https:\/\/www.caritasne2.org.br\/site\/wp-json\/wp\/v2\/categories?post=2815"},{"taxonomy":"post_tag","embeddable":true,"href":"https:\/\/www.caritasne2.org.br\/site\/wp-json\/wp\/v2\/tags?post=2815"}],"curies":[{"name":"wp","href":"https:\/\/api.w.org\/{rel}","templated":true}]}}