{"id":2803,"date":"2015-11-06T13:51:38","date_gmt":"2015-11-06T15:51:38","guid":{"rendered":"http:\/\/ne2.caritas.org.br.s174889.gridserver.com\/?p=2803"},"modified":"2017-07-11T15:19:09","modified_gmt":"2017-07-11T18:19:09","slug":"regionais-partilham-realidades-sobre-infancia-juventude","status":"publish","type":"post","link":"https:\/\/www.caritasne2.org.br\/site\/regionais-partilham-realidades-sobre-infancia-juventude\/","title":{"rendered":"REGIONAIS PARTILHAM REALIDADES SOBRE INF\u00c2NCIA, ADOLESC\u00caNCIA E JUVENTUDE"},"content":{"rendered":"<p style=\"text-align: justify;\">O Interc\u00e2mbio de Saberes, promovido em Campo Alegre (AL), entre os regionais Nordeste 2 e Norte 2, foi tamb\u00e9m uma oportunidade para discutir, na semana passada, a realidade de crian\u00e7as, adolescentes e jovens dos territ\u00f3rios de abrang\u00eancia da C\u00e1ritas Diocesana de Penedo, que sediou o evento, quanto das C\u00e1ritas Diocesana de Camet\u00e1, do Par\u00e1.<\/p>\n<p style=\"text-align: justify;\">No encontro, do Programa Inf\u00e2ncia, Juventude e Adolesc\u00eancia (PIAJ), da C\u00e1ritas Brasileira, foram apresentadas ainda as experi\u00eancias do programa e discutidas as a\u00e7\u00f5es do projetos que t\u00eam transformado as realidades vivenciadas nos regionais. O evento teve como tema \u201cCompartilhar viv\u00eancias para transformar\u201d e, como lema, a passagem b\u00edblica \u201cE Ele crescia em estatura, sabedoria e gra\u00e7a\u201d (Lc 2,52).<\/p>\n<p style=\"text-align: justify;\">Para a pedagoga e coordenadora regional do PIAJ, Bibiana Santana, a ess\u00eancia do interc\u00e2mbio foi a troca de experi\u00eancia. \u201cO interc\u00e2mbio<a href=\"http:\/\/ne2.caritas.org.br.s174889.gridserver.com\/2015\/11\/06\/regionais-partilham-realidades-sobre-infancia-juventude\/sam_1781-2\/\" rel=\"attachment wp-att-2806\"><img decoding=\"async\" loading=\"lazy\" class=\"alignright size-medium wp-image-2806\" title=\"SAM_1781\" src=\"http:\/\/ne2.caritas.org.br.s174889.gridserver.com\/wp-content\/uploads\/2015\/11\/SAM_17811-300x168.jpg\" alt=\"\" width=\"300\" height=\"168\" \/><\/a> possibilitou-nos aprendizado, intera\u00e7\u00e3o e identifica\u00e7\u00e3o com o trabalho do outro. A proposta \u00e9 unir for\u00e7as para fortalecer esse trabalho de prote\u00e7\u00e3o \u00e0 inf\u00e2ncia, adolesc\u00eancia e juventude, bem como fazer a diferen\u00e7a na vida desses protagonistas\u201d, explicou.<\/p>\n<p style=\"text-align: justify;\">Estavam presentes representantes do Secretariado Nacional da C\u00e1ritas, do Regional Cear\u00e1, dos Regionais NE2 E N2 e de suas respectivas entidades membros e organiza\u00e7\u00f5es parceiras.<\/p>\n<p style=\"text-align: justify;\"><strong>Conjunturas:<\/strong><\/p>\n<p style=\"text-align: justify;\">Uma das propostas do interc\u00e2mbio foi refletir sobre a realidade das crian\u00e7as, adolescentes e jovens, a partir de exemplos concretos, ou seja, vivenciados no dia a dia das comunidades benefici\u00e1rias da atua\u00e7\u00e3o do PIAJ.<\/p>\n<p style=\"text-align: justify;\">Na abertura, um dos participantes do interc\u00e2mbio, Jos\u00e9 Matias, da C\u00e1ritas Diocesana de Penedo, entidade membro que acolheu os intercambistas, fez uma an\u00e1lise de conjuntura sobre a atual realidade da juventude do Regional NE2, com enfoque no contexto alagoano.<\/p>\n<p style=\"text-align: justify;\">Segundo dados do relat\u00f3rio \u201c\u00cdndice de Vulnerabilidade Juvenil \u00e0 Viol\u00eancia e Desigualdade Racial 2014\u201d mostram que a popula\u00e7\u00e3o negra entre 12 anos e 29 anos \u00e9 a principal v\u00edtima da viol\u00eancia. O estudo mostra que os estados onde o jovem negro corre mais risco de exposi\u00e7\u00e3o \u00e0 viol\u00eancia na Regi\u00e3o Nordeste. Alagoas tem o maior coeficiente do \u00cdndice de Vulnerabilidade Juvenil (IVJ) \u2013 Viol\u00eancia e Desigualdade Racial.<\/p>\n<p style=\"text-align: justify;\"><a href=\"http:\/\/ne2.caritas.org.br.s174889.gridserver.com\/2015\/11\/06\/regionais-partilham-realidades-sobre-infancia-juventude\/sam_1815-2\/\" rel=\"attachment wp-att-2808\"><img decoding=\"async\" loading=\"lazy\" class=\"alignleft size-medium wp-image-2808\" title=\"SAM_1815\" src=\"http:\/\/ne2.caritas.org.br.s174889.gridserver.com\/wp-content\/uploads\/2015\/11\/SAM_18151-300x168.jpg\" alt=\"\" width=\"300\" height=\"168\" \/><\/a>Essa an\u00e1lise de conjuntura abordou a realidade da juventude do Regional NE2, a partir de cinco dimens\u00f5es: econ\u00f4mica, social, cultural, pol\u00edtica e religiosa. \u201cAtualmente, a juventude \u00e9 a parcela mais afetada da sociedade. Nesse contexto, portanto, \u00e9 que se percebe um protagonismo juvenil diante de tantos desafios, principalmente em rela\u00e7\u00e3o \u00e0quelas quest\u00f5es mais graves, por exemplo, a viol\u00eancia\u201d, disse Jos\u00e9 Matias. Ele ainda destacou que, ao mesmo tempo em que s\u00e3o protagonistas esses jovens, tamb\u00e9m s\u00e3o os mais vulner\u00e1veis.<\/p>\n<p style=\"text-align: justify;\">A coordenadora do PIAJ no Regional Norte 2, Jo\u00eania Nunes, tamb\u00e9m compartilhou elementos relevantes da conjuntura local. Na ocasi\u00e3o, ela fez uma reflex\u00e3o sobre os avan\u00e7os e desafios enfrentados durante a realiza\u00e7\u00e3o das a\u00e7\u00f5es do PIAJ no munic\u00edpio paraense de Camet\u00e1, por exemplo. Entre as principais a\u00e7\u00f5es est\u00e3o atividades de enfretamento ao trabalho infantil e ao abuso e \u00e0 explora\u00e7\u00e3o sexual contra crian\u00e7as e adolescentes. \u201cCamet\u00e1 \u00e9 a 3\u00aa cidade do estado do Par\u00e1 em trabalho infantil. Por falta de outra fonte de renda, ent\u00e3o muitas fam\u00edlias levam os filhos para a colheita do a\u00e7a\u00ed\u201d, explicou.<\/p>\n<p style=\"text-align: justify;\">Para a coordenadora da Comiss\u00e3o de Justi\u00e7a e Paz (CJP) do Regional Norte 2 da CNBB, Irm\u00e3 Marie Henriqueta Cavalcante, o interc\u00e2mbio trouxe a experi\u00eancia de pessoas que est\u00e3o nas mais diferentes realidades no Norte e Nordeste. Para ela, s\u00e3o educadores (as), cuidadores (as) que desenvolvem um trabalho para um p\u00fablico em situa\u00e7\u00e3o de vulnerabilidade e, que precisam de a\u00e7\u00f5es como as realizadas pelo PIAJ. \u201cViolentar nossas crian\u00e7as, adolescentes e jovens \u00e9 matar o futuro. Contudo, prevenir esse p\u00fablico contra as mazelas \u00e9 um bem enorme que podemos fazer\u201d, disse.<\/p>\n<p style=\"text-align: justify;\"><em>Por Kilma Ferreira &#8211; Assessoria de Comunica\u00e7\u00e3o &#8211; Regional NE2<\/em><\/p>\n<ul class=\"ssb_list_wrapper\"><li class=\"fb2\" style=\"width:135px\"><iframe src=\"\/\/www.facebook.com\/plugins\/like.php?href=https%3A%2F%2Fwww.caritasne2.org.br%2Fsite%2Fregionais-partilham-realidades-sobre-infancia-juventude%2F&amp;layout=button_count&amp;action=like&amp;show_faces=false&amp;share=true&amp;width=135&amp;height=21&amp;appId=307091639398582\" scrolling=\"no\" frameborder=\"0\" style=\"border:none; overflow:hidden;  width:150px; height:21px;\" allowTransparency=\"true\"><\/iframe><\/li><li class=\"twtr\" style=\"width:90px\"><a href=\"https:\/\/twitter.com\/share\" class=\"twitter-share-button\" data-url=\"https:\/\/www.caritasne2.org.br\/site\/regionais-partilham-realidades-sobre-infancia-juventude\/\">&nbsp;<\/a><script>!function(d,s,id){var js,fjs=d.getElementsByTagName(s)[0],p=\/^http:\/.test(d.location)?'http':'https';if(!d.getElementById(id)){js=d.createElement(s);js.id=id;js.src=p+':\/\/platform.twitter.com\/widgets.js';fjs.parentNode.insertBefore(js,fjs);}}(document, 'script', 'twitter-wjs');<\/script><\/li><li class=\"gplus\" style=\"width:68px\"><div class=\"g-plusone\" data-size=\"medium\" data-href=\"https:\/\/www.caritasne2.org.br\/site\/regionais-partilham-realidades-sobre-infancia-juventude\/\"><\/div><\/li><li class=\"ssb_linkedin\" style=\"width:64px\"><script src=\"\/\/platform.linkedin.com\/in.js\" type=\"text\/javascript\">lang: en_US<\/script><script type=\"IN\/Share\" data-url=\"https:\/\/www.caritasne2.org.br\/site\/regionais-partilham-realidades-sobre-infancia-juventude\/\" data-counter=\"right\"><\/script><\/li><\/ul>","protected":false},"excerpt":{"rendered":"<p>O Interc\u00e2mbio de Saberes, promovido em Campo Alegre (AL), entre os regionais Nordeste 2 e Norte 2, foi tamb\u00e9m uma oportunidade para discutir, na semana passada, a realidade de crian\u00e7as, adolescentes e jovens dos territ\u00f3rios de abrang\u00eancia da C\u00e1ritas Diocesana de Penedo, que sediou o evento, quanto das C\u00e1ritas Diocesana de Camet\u00e1, do Par\u00e1. No encontro, do Programa Inf\u00e2ncia, Juventude e Adolesc\u00eancia (PIAJ), da C\u00e1ritas [&hellip;]<\/p>\n<ul class=\"ssb_list_wrapper\"><li class=\"fb2\" style=\"width:135px\"><iframe src=\"\/\/www.facebook.com\/plugins\/like.php?href=https%3A%2F%2Fwww.caritasne2.org.br%2Fsite%2Fregionais-partilham-realidades-sobre-infancia-juventude%2F&amp;layout=button_count&amp;action=like&amp;show_faces=false&amp;share=true&amp;width=135&amp;height=21&amp;appId=307091639398582\" scrolling=\"no\" frameborder=\"0\" style=\"border:none; overflow:hidden;  width:150px; height:21px;\" allowTransparency=\"true\"><\/iframe><\/li><li class=\"twtr\" style=\"width:90px\"><a href=\"https:\/\/twitter.com\/share\" class=\"twitter-share-button\" data-url=\"https:\/\/www.caritasne2.org.br\/site\/regionais-partilham-realidades-sobre-infancia-juventude\/\">&nbsp;<\/a><script>!function(d,s,id){var js,fjs=d.getElementsByTagName(s)[0],p=\/^http:\/.test(d.location)?'http':'https';if(!d.getElementById(id)){js=d.createElement(s);js.id=id;js.src=p+':\/\/platform.twitter.com\/widgets.js';fjs.parentNode.insertBefore(js,fjs);}}(document, 'script', 'twitter-wjs');<\/script><\/li><li class=\"gplus\" style=\"width:68px\"><div class=\"g-plusone\" data-size=\"medium\" data-href=\"https:\/\/www.caritasne2.org.br\/site\/regionais-partilham-realidades-sobre-infancia-juventude\/\"><\/div><\/li><li class=\"ssb_linkedin\" style=\"width:64px\"><script src=\"\/\/platform.linkedin.com\/in.js\" type=\"text\/javascript\">lang: en_US<\/script><script type=\"IN\/Share\" data-url=\"https:\/\/www.caritasne2.org.br\/site\/regionais-partilham-realidades-sobre-infancia-juventude\/\" data-counter=\"right\"><\/script><\/li><\/ul>","protected":false},"author":4,"featured_media":2804,"comment_status":"open","ping_status":"open","sticky":false,"template":"","format":"standard","meta":[],"categories":[20,105],"tags":[84,597,67,594,87,598,410],"_links":{"self":[{"href":"https:\/\/www.caritasne2.org.br\/site\/wp-json\/wp\/v2\/posts\/2803"}],"collection":[{"href":"https:\/\/www.caritasne2.org.br\/site\/wp-json\/wp\/v2\/posts"}],"about":[{"href":"https:\/\/www.caritasne2.org.br\/site\/wp-json\/wp\/v2\/types\/post"}],"author":[{"embeddable":true,"href":"https:\/\/www.caritasne2.org.br\/site\/wp-json\/wp\/v2\/users\/4"}],"replies":[{"embeddable":true,"href":"https:\/\/www.caritasne2.org.br\/site\/wp-json\/wp\/v2\/comments?post=2803"}],"version-history":[{"count":0,"href":"https:\/\/www.caritasne2.org.br\/site\/wp-json\/wp\/v2\/posts\/2803\/revisions"}],"wp:featuredmedia":[{"embeddable":true,"href":"https:\/\/www.caritasne2.org.br\/site\/wp-json\/"}],"wp:attachment":[{"href":"https:\/\/www.caritasne2.org.br\/site\/wp-json\/wp\/v2\/media?parent=2803"}],"wp:term":[{"taxonomy":"category","embeddable":true,"href":"https:\/\/www.caritasne2.org.br\/site\/wp-json\/wp\/v2\/categories?post=2803"},{"taxonomy":"post_tag","embeddable":true,"href":"https:\/\/www.caritasne2.org.br\/site\/wp-json\/wp\/v2\/tags?post=2803"}],"curies":[{"name":"wp","href":"https:\/\/api.w.org\/{rel}","templated":true}]}}