{"id":2778,"date":"2015-10-30T08:14:04","date_gmt":"2015-10-30T11:14:04","guid":{"rendered":"http:\/\/ne2.caritas.org.br.s174889.gridserver.com\/?p=2778"},"modified":"2017-07-11T15:19:09","modified_gmt":"2017-07-11T18:19:09","slug":"caritas-penedo-apresenta-piaj-aos-intercambistas-n2-ne2","status":"publish","type":"post","link":"https:\/\/www.caritasne2.org.br\/site\/caritas-penedo-apresenta-piaj-aos-intercambistas-n2-ne2\/","title":{"rendered":"C\u00c1RITAS PENEDO APRESENTA PIAJ AOS INTERCAMBISTAS DO N2 E NE2"},"content":{"rendered":"<p style=\"text-align: justify;\">Durante o Interc\u00e2mbio de Saberes, realizado em Campo Alegre (AL), os participantes do encontro tiveram a oportunidade, na tarde de quarta-feira (28), de visitar as a\u00e7\u00f5es desenvolvidas na comunidade da Mangabeira, na cidade de Arapiraca, tamb\u00e9m no interior alagoano.<\/p>\n<p style=\"text-align: justify;\">Na primeira etapa da atividade, o grupo conheceu as a\u00e7\u00f5es que s\u00e3o desenvolvidas na Associa\u00e7\u00e3o de Catadores de Res\u00edduos S\u00f3lidos de Arapiraca. No local, os catadores, al\u00e9m de reunir e comercializar papel\u00e3o, tamb\u00e9m produzem artigos artesanais e vassouras, a partir de garrafas PET, na oficina, instalada recentemente.<a href=\"http:\/\/ne2.caritas.org.br.s174889.gridserver.com\/?attachment_id=2782\" rel=\"attachment wp-att-2782\"><img decoding=\"async\" loading=\"lazy\" class=\"alignright size-medium wp-image-2782\" title=\"SAM_1889\" src=\"http:\/\/ne2.caritas.org.br.s174889.gridserver.com\/wp-content\/uploads\/2015\/10\/SAM_18891-207x300.jpg\" alt=\"\" width=\"207\" height=\"300\" \/><\/a><\/p>\n<p style=\"text-align: justify;\">Segundo a presidente da Associa\u00e7\u00e3o, Maria do Socorro, esse \u00e9 um trabalho de mais de 30 anos que, em boa parte deles, a C\u00e1ritas esteve presente. \u201cN\u00f3s n\u00e3o entend\u00edamos o valor do lixo. E de um tempo pra c\u00e1, com a ajuda dos agentes C\u00e1ritas, descobrimos a riqueza desse material e dele tiramos nosso sustento e de quatorze fam\u00edlias, com as encomendas de artesanatos, das vassouras\u201d, disse a catadora.<\/p>\n<p style=\"text-align: justify;\">De l\u00e1, o destino foi o Aterro Sanit\u00e1rio da Mangabeira, onde muitos catadores ainda trabalham. No entanto, em fun\u00e7\u00e3o dos Projetos Sementes da Cidadania, Transformando Inf\u00e2ncias e Protagonismo Juvenil, incentivados pelo PIAJ, crian\u00e7as, adolescentes e jovens est\u00e3o livres do trabalho e participam de atividades culturais e promo\u00e7\u00e3o \u00e0 cidadania na Escola Dom Constantino, \u00faltimo destino dos intercambistas.<\/p>\n<p style=\"text-align: justify;\">Na recep\u00e7\u00e3o, as crian\u00e7as, adolescentes e jovens apresentaram n\u00fameros musicais e de dan\u00e7a, resultados das oficinas ministradas por volunt\u00e1rios. Uma das salas da escola \u00e9 destinada tamb\u00e9m ao incentivo \u00e0 leitura, refor\u00e7o escolar no returno do hor\u00e1rio. Segundo Simone Bernardino, m\u00e3e de duas crian\u00e7as assistidas pelos projetos, ressaltou a import\u00e2ncia dessa a\u00e7\u00e3o para a forma\u00e7\u00e3o e integra\u00e7\u00e3o dos jovens. \u201c\u00c9 muito bom ver as crian\u00e7as convivendo uma com as outras e aprendendo li\u00e7\u00f5es importantes, como m\u00fasica, e tamb\u00e9m discutindo assuntos importantes, como drogas, gravidez precoce, sobretudo, no in\u00edcio da adolesc\u00eancia, faixa et\u00e1ria das minhas filhas. O futuro delas depende de agora e, quando l\u00e1 na frente, elas olharem pra tr\u00e1s, elas v\u00e3o ficar orgulhosas de terem participado do PIAJ. E a m\u00e3e tamb\u00e9m\u201d, considerou Simone Oliveira.<\/p>\n<p style=\"text-align: justify;\">PROJETOS<\/p>\n<p style=\"text-align: justify;\"><a href=\"http:\/\/ne2.caritas.org.br.s174889.gridserver.com\/?attachment_id=2792\" rel=\"attachment wp-att-2792\"><img decoding=\"async\" loading=\"lazy\" class=\"alignleft size-medium wp-image-2792\" title=\"DSC00845\" src=\"http:\/\/ne2.caritas.org.br.s174889.gridserver.com\/wp-content\/uploads\/2015\/10\/DSC008452-210x300.jpg\" alt=\"\" width=\"210\" height=\"300\" \/><\/a>Para o desenvolvimento dos projetos, a C\u00e1ritas Diocesana de Penedo conta com a colabora\u00e7\u00e3o de 21 volunt\u00e1rios que se envolvem nas mais variadas atividades e atendem no Programa Inf\u00e2ncia, Adolesc\u00eancia e Juventude (PIAJ), 120 crian\u00e7as na comunidade da Mangabeira. A disponibilidade e a a\u00e7\u00e3o dessas pessoas s\u00e3o destacadas pela presidente da entidade, Claudineide Oliveira. \u201cProcuramos oferecer, por meio do nosso trabalho, qualidade de vida e contribuir para um mundo melhor. E percebemos essa mudan\u00e7a porque, ao ajudar as crian\u00e7as e jovens, atingimos as fam\u00edlias indiretamente\u201d, enfatizou.<\/p>\n<p style=\"text-align: justify;\">INTERC\u00c2MBIO DE SABERES<\/p>\n<p style=\"text-align: justify;\">O encontro, realizado entre 26 e 30 de outubro, contou com a participa\u00e7\u00e3o de agentes C\u00e1ritas Arquidiocesanas\/Diocesanas dos Regionais Nordeste 2, Norte 2 e Cear\u00e1, em Campo Alegre (AL).<\/p>\n<p>\u00a0<em>Por Wagner Cesario\/Assessoria de Comunica\u00e7\u00e3o C\u00e1ritas Regional NE2<\/em><\/p>\n<ul class=\"ssb_list_wrapper\"><li class=\"fb2\" style=\"width:135px\"><iframe src=\"\/\/www.facebook.com\/plugins\/like.php?href=https%3A%2F%2Fwww.caritasne2.org.br%2Fsite%2Fcaritas-penedo-apresenta-piaj-aos-intercambistas-n2-ne2%2F&amp;layout=button_count&amp;action=like&amp;show_faces=false&amp;share=true&amp;width=135&amp;height=21&amp;appId=307091639398582\" scrolling=\"no\" frameborder=\"0\" style=\"border:none; overflow:hidden;  width:150px; height:21px;\" allowTransparency=\"true\"><\/iframe><\/li><li class=\"twtr\" style=\"width:90px\"><a href=\"https:\/\/twitter.com\/share\" class=\"twitter-share-button\" data-url=\"https:\/\/www.caritasne2.org.br\/site\/caritas-penedo-apresenta-piaj-aos-intercambistas-n2-ne2\/\">&nbsp;<\/a><script>!function(d,s,id){var js,fjs=d.getElementsByTagName(s)[0],p=\/^http:\/.test(d.location)?'http':'https';if(!d.getElementById(id)){js=d.createElement(s);js.id=id;js.src=p+':\/\/platform.twitter.com\/widgets.js';fjs.parentNode.insertBefore(js,fjs);}}(document, 'script', 'twitter-wjs');<\/script><\/li><li class=\"gplus\" style=\"width:68px\"><div class=\"g-plusone\" data-size=\"medium\" data-href=\"https:\/\/www.caritasne2.org.br\/site\/caritas-penedo-apresenta-piaj-aos-intercambistas-n2-ne2\/\"><\/div><\/li><li class=\"ssb_linkedin\" style=\"width:64px\"><script src=\"\/\/platform.linkedin.com\/in.js\" type=\"text\/javascript\">lang: en_US<\/script><script type=\"IN\/Share\" data-url=\"https:\/\/www.caritasne2.org.br\/site\/caritas-penedo-apresenta-piaj-aos-intercambistas-n2-ne2\/\" data-counter=\"right\"><\/script><\/li><\/ul>","protected":false},"excerpt":{"rendered":"<p>Durante o Interc\u00e2mbio de Saberes, realizado em Campo Alegre (AL), os participantes do encontro tiveram a oportunidade, na tarde de quarta-feira (28), de visitar as a\u00e7\u00f5es desenvolvidas na comunidade da Mangabeira, na cidade de Arapiraca, tamb\u00e9m no interior alagoano. Na primeira etapa da atividade, o grupo conheceu as a\u00e7\u00f5es que s\u00e3o desenvolvidas na Associa\u00e7\u00e3o de Catadores de Res\u00edduos S\u00f3lidos de Arapiraca. No local, os catadores, [&hellip;]<\/p>\n<ul class=\"ssb_list_wrapper\"><li class=\"fb2\" style=\"width:135px\"><iframe src=\"\/\/www.facebook.com\/plugins\/like.php?href=https%3A%2F%2Fwww.caritasne2.org.br%2Fsite%2Fcaritas-penedo-apresenta-piaj-aos-intercambistas-n2-ne2%2F&amp;layout=button_count&amp;action=like&amp;show_faces=false&amp;share=true&amp;width=135&amp;height=21&amp;appId=307091639398582\" scrolling=\"no\" frameborder=\"0\" style=\"border:none; overflow:hidden;  width:150px; height:21px;\" allowTransparency=\"true\"><\/iframe><\/li><li class=\"twtr\" style=\"width:90px\"><a href=\"https:\/\/twitter.com\/share\" class=\"twitter-share-button\" data-url=\"https:\/\/www.caritasne2.org.br\/site\/caritas-penedo-apresenta-piaj-aos-intercambistas-n2-ne2\/\">&nbsp;<\/a><script>!function(d,s,id){var js,fjs=d.getElementsByTagName(s)[0],p=\/^http:\/.test(d.location)?'http':'https';if(!d.getElementById(id)){js=d.createElement(s);js.id=id;js.src=p+':\/\/platform.twitter.com\/widgets.js';fjs.parentNode.insertBefore(js,fjs);}}(document, 'script', 'twitter-wjs');<\/script><\/li><li class=\"gplus\" style=\"width:68px\"><div class=\"g-plusone\" data-size=\"medium\" data-href=\"https:\/\/www.caritasne2.org.br\/site\/caritas-penedo-apresenta-piaj-aos-intercambistas-n2-ne2\/\"><\/div><\/li><li class=\"ssb_linkedin\" style=\"width:64px\"><script src=\"\/\/platform.linkedin.com\/in.js\" type=\"text\/javascript\">lang: en_US<\/script><script type=\"IN\/Share\" data-url=\"https:\/\/www.caritasne2.org.br\/site\/caritas-penedo-apresenta-piaj-aos-intercambistas-n2-ne2\/\" data-counter=\"right\"><\/script><\/li><\/ul>","protected":false},"author":4,"featured_media":2788,"comment_status":"open","ping_status":"open","sticky":false,"template":"","format":"standard","meta":[],"categories":[20],"tags":[],"_links":{"self":[{"href":"https:\/\/www.caritasne2.org.br\/site\/wp-json\/wp\/v2\/posts\/2778"}],"collection":[{"href":"https:\/\/www.caritasne2.org.br\/site\/wp-json\/wp\/v2\/posts"}],"about":[{"href":"https:\/\/www.caritasne2.org.br\/site\/wp-json\/wp\/v2\/types\/post"}],"author":[{"embeddable":true,"href":"https:\/\/www.caritasne2.org.br\/site\/wp-json\/wp\/v2\/users\/4"}],"replies":[{"embeddable":true,"href":"https:\/\/www.caritasne2.org.br\/site\/wp-json\/wp\/v2\/comments?post=2778"}],"version-history":[{"count":0,"href":"https:\/\/www.caritasne2.org.br\/site\/wp-json\/wp\/v2\/posts\/2778\/revisions"}],"wp:featuredmedia":[{"embeddable":true,"href":"https:\/\/www.caritasne2.org.br\/site\/wp-json\/"}],"wp:attachment":[{"href":"https:\/\/www.caritasne2.org.br\/site\/wp-json\/wp\/v2\/media?parent=2778"}],"wp:term":[{"taxonomy":"category","embeddable":true,"href":"https:\/\/www.caritasne2.org.br\/site\/wp-json\/wp\/v2\/categories?post=2778"},{"taxonomy":"post_tag","embeddable":true,"href":"https:\/\/www.caritasne2.org.br\/site\/wp-json\/wp\/v2\/tags?post=2778"}],"curies":[{"name":"wp","href":"https:\/\/api.w.org\/{rel}","templated":true}]}}